{"id":1857,"date":"2022-06-14T17:17:46","date_gmt":"2022-06-14T15:17:46","guid":{"rendered":"https:\/\/moderaterna.se\/vastragotaland\/?post_type=subject-post&#038;p=1857"},"modified":"2022-06-19T22:08:48","modified_gmt":"2022-06-19T20:08:48","slug":"god-ekonomi","status":"publish","type":"subject-post","link":"https:\/\/moderaterna.se\/vastragotaland\/var-politik\/god-ekonomi\/","title":{"rendered":"God ekonomi \u00e4r en f\u00f6ruts\u00e4ttning f\u00f6r god v\u00e5rd"},"content":{"rendered":"\n<p><strong>Moderaterna vill<\/strong>:<\/p>\n\n\n\n<p>\u2022 L\u00e5ta regionskatten vara of\u00f6r\u00e4ndrad<\/p>\n\n\n\n<p>\u2022 Bibeh\u00e5lla och utveckla systemet med egenavgifter<\/p>\n\n\n\n<p>\u2022 S\u00e4kerst\u00e4lla en fortsatt l\u00e5ngsiktig och h\u00e5llbar ekonomi f\u00f6r V\u00e4stra G\u00f6talandsregionen<\/p>\n\n\n\n<p><\/p>\n\n\n\n<p>En god och stabil ekonomi \u00e4r en grundf\u00f6ruts\u00e4ttning f\u00f6r att l\u00e5ngsiktigt kunna uppr\u00e4tth\u00e5lla en trygg och modern h\u00e4lso- och sjukv\u00e5rd samt f\u00f6r att st\u00f6dja den fortsatta utvecklingen av regionen. Vi moderater har v\u00e4rnat stabila finanser under de \u00e5r som vi har anf\u00f6rtrotts att leda V\u00e4stra G\u00f6talandsregionen. Vi kommer forts\u00e4tta att arbeta f\u00f6r l\u00e5ngsiktig h\u00e5llbarhet.<\/p>\n\n\n\n<p>Den regionala inkomstskatten f\u00f6rdelas platt \u00f6ver hela inkomstskalan och l\u00e4ggs ovanp\u00e5 kommunskatten. I f\u00f6rl\u00e4ngningen inneb\u00e4r det att en skatteh\u00f6jning i regionen drabbar inv\u00e5nare olika h\u00e5rt, beroende p\u00e5 var de bor och vilken kommunalskatt de har. Om regionen h\u00f6jer skatten drabbar det d\u00e4rmed fr\u00e4mst dem i redan h\u00f6gt beskattade kommuner, ofta bel\u00e4gna p\u00e5 landsbygden, som har l\u00e4gst inkomster och marginaler. N\u00e4r andra frestas att h\u00f6ja skatten ser vi till helheten och inv\u00e5narnas samlade intressen.<\/p>\n\n\n\n<p>En god v\u00e4lf\u00e4rd kan inte definieras av hur mycket som \u00e4r gratis. V\u00e5rden ska i f\u00f6rsta hand uppn\u00e5 h\u00f6g kvalitet och vara tillg\u00e4nglig vid behov. D\u00e4rf\u00f6r ser vi ett behov av att ha egenavgifter som komplement, om \u00e4n litet, till den huvudsakliga finansiering som sker via skattsedeln. De av v\u00e5ra inv\u00e5nare som har n\u00f6dv\u00e4ndig och t\u00e4t kontakt med v\u00e5rden omfattas i regel av h\u00f6gkostnadsskyddet. Denna grupps h\u00e4lsa fr\u00e4mjas allts\u00e5 inte av att slopa eller minska egenavgifterna.<\/p>\n\n\n\n<p>F\u00f6r oss \u00e4r prioriteringen av sjukv\u00e5rden tydlig samtidigt som vi ser of\u00f6r\u00e4ndrad skatt som en grundf\u00f6ruts\u00e4ttning. Regionen beh\u00f6ver forts\u00e4tta att arbeta med st\u00e4ndig f\u00f6rb\u00e4ttring, st\u00f6dsystem och inf\u00f6rande av ny teknik. Regionen kan bli effektivare. Genom nya l\u00f6sningar kan kostnader h\u00e5llas nere samtidigt som l\u00f6neutvecklingen \u00e4r god och verksamheterna forts\u00e4tter att h\u00f6ja sin kvalitet. F\u00f6r att lyckas med detta beh\u00f6ver cheferna l\u00e5ngt ute i<\/p>\n\n\n\n<p>organisationen ha befogenheter och verktyg att utveckla sin verksamhet utifr\u00e5n \u00f6vergripande, prioriterade uppdrag.<\/p>\n\n\n\n<p>Uteblivna bes\u00f6k st\u00e5r f\u00f6r en stor kostnad och ett on\u00f6digt produktionsbortfall. F\u00f6r att minska antalet uteblivna bes\u00f6k vill vi g\u00f6ra det enklare att om- och avboka dem. Vi vill h\u00f6ja kostnaden f\u00f6r den patient som uteblir utan giltigt sk\u00e4l.<\/p>\n\n\n\n<p><em><a href=\"https:\/\/moderaterna.se\/vastragotaland\/var-politik-vastra-gotalandsregionen\/\">Tillbaka<\/a><\/em><\/p>\n","protected":false},"featured_media":0,"template":"","tags":[],"class_list":["post-1857","subject-post","type-subject-post","status-publish","hentry"],"acf":[],"_links":{"self":[{"href":"https:\/\/moderaterna.se\/vastragotaland\/wp-json\/wp\/v2\/subject-post\/1857","targetHints":{"allow":["GET"]}}],"collection":[{"href":"https:\/\/moderaterna.se\/vastragotaland\/wp-json\/wp\/v2\/subject-post"}],"about":[{"href":"https:\/\/moderaterna.se\/vastragotaland\/wp-json\/wp\/v2\/types\/subject-post"}],"wp:attachment":[{"href":"https:\/\/moderaterna.se\/vastragotaland\/wp-json\/wp\/v2\/media?parent=1857"}],"wp:term":[{"taxonomy":"post_tag","embeddable":true,"href":"https:\/\/moderaterna.se\/vastragotaland\/wp-json\/wp\/v2\/tags?post=1857"}],"curies":[{"name":"wp","href":"https:\/\/api.w.org\/{rel}","templated":true}]}}