{"id":3675,"date":"2026-08-28T15:00:22","date_gmt":"2026-08-28T13:00:22","guid":{"rendered":"https:\/\/moderaterna.se\/vastragotaland\/?p=3675"},"modified":"2026-08-28T15:00:24","modified_gmt":"2026-08-28T13:00:24","slug":"vallofte-om-avgiftsfri-forskola-och-fritids","status":"publish","type":"post","link":"https:\/\/moderaterna.se\/vastragotaland\/nyhet\/vallofte-om-avgiftsfri-forskola-och-fritids\/","title":{"rendered":"Vall\u00f6fte om avgiftsfri f\u00f6rskola och fritids"},"content":{"rendered":"\n<p>Moderaterna vill att avgiften f\u00f6r f\u00f6rskola och fritidshem avskaffas. Frihet fr\u00e5n avgifter st\u00e4rker arbetslinjen.<\/p>\n\n\n\n<p>F\u00f6rslaget att avskaffa avgiften f\u00f6r f\u00f6rskola och fritidshem \u00e4r en del av Moderaternas bredare l\u00f6fte om att en vanlig barnfamilj ska f\u00e5 upp till 5 000 kronor mer i m\u00e5naden n\u00e4sta mandatperiod. L\u00f6ftet ska bli verklighet genom s\u00e4nkt skatt f\u00f6r alla som arbetar och har arbetat, ett f\u00f6r\u00e4ldraavdrag, slopad f\u00f6rm\u00e5nsbeskattning p\u00e5 kollektivtrafikkort och en avgiftsfri f\u00f6rskola och fritids.<\/p>\n\n\n\n<p><strong>F\u00f6rskoleavgiften \u00e4r extra skatt<\/strong><br>F\u00f6rskoleavgiften \u00e4r i dag i praktiken en extra skatt p\u00e5 arbete som s\u00e4rskilt drabbar ensamst\u00e5ende f\u00f6r\u00e4ldrar, utrikesf\u00f6dda kvinnor och m\u00e5nga med l\u00e4gre inkomster. P\u00e5 grund av f\u00f6rskoleavgiften \u00e4r vinsten f\u00f6r dem i dagsl\u00e4get liten, att g\u00e5 fr\u00e5n bidrag till arbete eller fr\u00e5n deltid till heltid.<\/p>\n\n\n\n<p><strong>L\u00e4ttare att bilda familj<\/strong><br>F\u00f6r en vanlig familj med tv\u00e5 barn kan det ge upp\u00e5t 2 100 kronor mer i m\u00e5naden, beroende p\u00e5 barnens \u00e5lder. F\u00f6r familjer med tre eller fler barn kan vall\u00f6ftet ge upp till 3 100 kronor i m\u00e5naden. Att avskaffa avgiften kan vara skillnaden mellan att oroa sig f\u00f6r hyran och att k\u00e4nna framtidstro. Med mer pengar kvar i pl\u00e5nboken blir det ocks\u00e5 l\u00e4ttare att bilda familj. Och \u00e4ven l\u00e4ttare f\u00f6r h\u00e5rt arbetande m\u00e4nniskor med vanliga l\u00f6ner att uppn\u00e5 sm\u00e5husdr\u00f6mmen.<\/p>\n\n\n\n<p><strong>Socialdemokraterna vill h\u00f6ja skatten<\/strong><br>Vi st\u00e5r inf\u00f6r ett v\u00e4gval. Moderaterna vill att det ska l\u00f6na sig att g\u00e5 upp p\u00e5 morgonen och g\u00e5 till jobbet, oavsett om man \u00e4r ensamst\u00e5ende f\u00f6r\u00e4lder i G\u00f6teborg eller en barnfamilj i Herrljunga. Socialdemokraterna vill h\u00f6ja skatten p\u00e5 arbete och bol\u00e5n med motsvarande 4 400 kronor i m\u00e5naden f\u00f6r en vanlig barnfamilj. Det \u00e4r helt fel v\u00e4g att g\u00e5.<\/p>\n\n\n\n<p><strong>S\u00e4nkt skatt och st\u00e4rkt arbetslinje<\/strong><br>Moderaterna g\u00e5r till val p\u00e5 att forts\u00e4tta st\u00e4rka ekonomin f\u00f6r alla som arbetar, som sliter med vardagspusslet och tar ansvar. Valet i h\u00f6st blir en folkomr\u00f6stning om skatterna: Moderaternas linje om s\u00e4nkt skatt och arbetslinje st\u00e5r mot de r\u00f6dgr\u00f6na partiernas linje om h\u00f6jda skatter och bidrag. Vad v\u00e4ljer du?<\/p>\n\n\n\n<p><\/p>\n","protected":false},"excerpt":{"rendered":"<p>Moderaterna vill att avgiften f\u00f6r f\u00f6rskola och fritidshem avskaffas. Frihet fr\u00e5n avgifter st\u00e4rker arbetslinjen. F\u00f6rslaget att avskaffa avgiften f\u00f6r f\u00f6rskola och fritidshem \u00e4r en del av Moderaternas bredare l\u00f6fte om att en vanlig barnfamilj ska f\u00e5 upp till 5 000 kronor mer i m\u00e5naden n\u00e4sta mandatperiod. L\u00f6ftet ska bli verklighet genom s\u00e4nkt skatt f\u00f6r alla [&hellip;]<\/p>\n","protected":false},"author":47,"featured_media":0,"comment_status":"closed","ping_status":"closed","sticky":false,"template":"","format":"standard","meta":{"_acf_changed":false,"_relevanssi_hide_post":"","_relevanssi_hide_content":"","_relevanssi_pin_for_all":"","_relevanssi_pin_keywords":"","_relevanssi_unpin_keywords":"","_relevanssi_related_keywords":"","_relevanssi_related_include_ids":"","_relevanssi_related_exclude_ids":"","_relevanssi_related_no_append":"","_relevanssi_related_not_related":"","_relevanssi_related_posts":"1152,2507,3207,2540,1696,2969","_relevanssi_noindex_reason":"","footnotes":""},"categories":[1],"tags":[],"subject":[],"class_list":["post-3675","post","type-post","status-publish","format-standard","hentry","category-nyhet"],"acf":[],"publishpress_future_action":{"enabled":false,"date":"2026-09-07 16:10:35","action":"change-status","newStatus":"draft","terms":[],"taxonomy":"category"},"_links":{"self":[{"href":"https:\/\/moderaterna.se\/vastragotaland\/wp-json\/wp\/v2\/posts\/3675","targetHints":{"allow":["GET"]}}],"collection":[{"href":"https:\/\/moderaterna.se\/vastragotaland\/wp-json\/wp\/v2\/posts"}],"about":[{"href":"https:\/\/moderaterna.se\/vastragotaland\/wp-json\/wp\/v2\/types\/post"}],"author":[{"embeddable":true,"href":"https:\/\/moderaterna.se\/vastragotaland\/wp-json\/wp\/v2\/users\/47"}],"replies":[{"embeddable":true,"href":"https:\/\/moderaterna.se\/vastragotaland\/wp-json\/wp\/v2\/comments?post=3675"}],"version-history":[{"count":2,"href":"https:\/\/moderaterna.se\/vastragotaland\/wp-json\/wp\/v2\/posts\/3675\/revisions"}],"predecessor-version":[{"id":3679,"href":"https:\/\/moderaterna.se\/vastragotaland\/wp-json\/wp\/v2\/posts\/3675\/revisions\/3679"}],"wp:attachment":[{"href":"https:\/\/moderaterna.se\/vastragotaland\/wp-json\/wp\/v2\/media?parent=3675"}],"wp:term":[{"taxonomy":"category","embeddable":true,"href":"https:\/\/moderaterna.se\/vastragotaland\/wp-json\/wp\/v2\/categories?post=3675"},{"taxonomy":"post_tag","embeddable":true,"href":"https:\/\/moderaterna.se\/vastragotaland\/wp-json\/wp\/v2\/tags?post=3675"},{"taxonomy":"subject","embeddable":true,"href":"https:\/\/moderaterna.se\/vastragotaland\/wp-json\/wp\/v2\/subject?post=3675"}],"curies":[{"name":"wp","href":"https:\/\/api.w.org\/{rel}","templated":true}]}}