{"id":1751,"date":"2022-05-05T17:39:32","date_gmt":"2022-05-05T15:39:32","guid":{"rendered":"https:\/\/moderaterna.se\/vastragotaland\/?p=1751"},"modified":"2022-05-05T17:40:54","modified_gmt":"2022-05-05T15:40:54","slug":"45-nya-poliser-till-dalsland-moderat-politik","status":"publish","type":"post","link":"https:\/\/moderaterna.se\/vastragotaland\/nyhet\/45-nya-poliser-till-dalsland-moderat-politik\/","title":{"rendered":"45 nya poliser till Dalsland med moderat politik"},"content":{"rendered":"\n<p><strong>Hela Sverige \u00e4r h\u00e5rt drabbat av kriminalitet. F\u00f6rra \u00e5ret \u00e4gde, enligt poli<\/strong>sens statistik, 34<strong>2 skjutningar rum. 46 personer d\u00f6dades och 115 skadades i skjutvapenv\u00e5ldet. Ocks\u00e5 Dalsland p\u00e5verkas av den grova kriminaliteten, med g\u00e4ngn\u00e4tverk som ligger bakom st\u00f6lder, inbrott och utpressningsverksamhet.<\/strong><\/p>\n\n\n\n<p>Ett viktigt led i att bek\u00e4mpa g\u00e4ngen \u00e4r att \u00f6ka antalet poliser. Moderaternas nya polism\u00e5l inneb\u00e4r ytterligare 1 820 fler poliser i V\u00e4stra G\u00f6talands l\u00e4n, <strong>varav cirka 45 i v\u00e5ra fem Dalslandskommuner.<\/strong> F\u00f6r att lyckas, beh\u00f6ver polisyrket bli mer attraktivt.<\/p>\n\n\n\n<p>Moderaternas f\u00f6rslag inneb\u00e4r:<\/p>\n\n\n\n<p><strong>Nytt polism\u00e5l.<\/strong> Polist\u00e4theten ska motsvara EU:s snittniv\u00e5 p\u00e5 300 poliser per 100&nbsp;000 inv\u00e5nare senast 2028. Det inneb\u00e4r 1 820 fler poliser i V\u00e4stra G\u00f6taland.<\/p>\n\n\n\n<p><strong>H\u00f6jda polisl\u00f6ner.<\/strong> Moderaterna satsar 400 miljoner kronor i det gemensamma budgetalternativet med SD och KD.<\/p>\n\n\n\n<p><strong>Betald polisutbildning.<\/strong> Den som utbildar sig till polis ska f\u00e5 sina CSN-l\u00e5n avskrivna efter fem \u00e5rs arbete som polis.<\/p>\n\n\n\n<p>Regeringens m\u00e5l om 10&nbsp;000 fler polisanst\u00e4llda till 2024, fr\u00e5n 2016 \u00e5rs niv\u00e5, kommer inte uppn\u00e5s. Det beh\u00f6vs ytterligare n\u00e4rmare 5 000 poliser p\u00e5 tv\u00e5 \u00e5r f\u00f6r att klara det m\u00e5let. Men just nu utbildas endast 3&nbsp;000 nya poliser. Samtidigt uppger Polisf\u00f6rbundet att var tredje medlem planerar f\u00f6r ett arbetsliv utanf\u00f6r Polisen.<\/p>\n\n\n\n<p>Idag har Sverige 205 poliser per 100&nbsp;000 inv\u00e5nare. Moderaternas nya polism\u00e5l om 300 poliser per 100&nbsp;000 inv\u00e5nare inneb\u00e4r att 1 820 fler poliser kommer vara verksamma i V\u00e4stra G\u00f6talands 2028. Det skulle inneb\u00e4ra runt 45 nya poliser i v\u00e5ra Dalslandskommuner. F\u00f6r att detta ska vara m\u00f6jligt m\u00e5ste polisyrket bli mer attraktivt.<\/p>\n\n\n\n<p>I v\u00e5rt gemensamma statsbudgetalternativ med KD och SD avs\u00e4tter vi 400 miljoner kronor f\u00f6r en riktad satsning f\u00f6r h\u00f6jda polisl\u00f6ner med upp till 3&nbsp;000 kronor varje m\u00e5nad. Moderaterna forts\u00e4tter d\u00e4rmed med den s\u00e4rskilda l\u00f6nesatsning som p\u00e5b\u00f6rjades med M\/KD-budgeten f\u00f6r 2019.<\/p>\n\n\n\n<p>Vidare vill vi se b\u00e4ttre verktyg f\u00f6r poliserna f\u00f6r att Polisen l\u00e4ttare ska klara sin uppgift, s\u00e5som fler \u00f6vervakningskameror och mer resurser f\u00f6r att komma \u00e5t flaskhalsar som uppst\u00e5r hos exempelvis Nationellt Forensiskt Centrum (NFC).<\/p>\n\n\n\n<p>I slut\u00e4ndan \u00e4r det Polismyndigheten som rekryterar poliser och avg\u00f6r var i landet som behovet \u00e4r st\u00f6rst. Samtidigt vill vi fr\u00e5n Moderaterna vara tydliga med att det beh\u00f6vs fler poliser i yttre tj\u00e4nst i hela landet.<\/p>\n\n\n\n<p><strong>Michael Karlsson, oppositionsf\u00f6retr\u00e4dare (m), \u00c5m\u00e5l<\/strong><\/p>\n\n\n\n<p><strong>Stig Bertilsson, kommunalr\u00e5d (m), Bengtsfors<\/strong><\/p>\n\n\n\n<p><strong>Ludwig Mossberg, gruppledare (m), Mellerud<\/strong><\/p>\n\n\n\n<p><strong>Linda Jansson, gruppledare (m) F\u00e4rgelanda<\/strong><\/p>\n\n\n\n<p><strong>Andreas Nilsson, gruppledare (m) Dals-Ed<\/strong><\/p>\n","protected":false},"excerpt":{"rendered":"<p>Hela Sverige \u00e4r h\u00e5rt drabbat av kriminalitet. F\u00f6rra \u00e5ret \u00e4gde, enligt polisens statistik, 342 skjutningar rum. 46 personer d\u00f6dades och 115 skadades i skjutvapenv\u00e5ldet. Ocks\u00e5 Dalsland p\u00e5verkas av den grova kriminaliteten, med g\u00e4ngn\u00e4tverk som ligger bakom st\u00f6lder, inbrott och utpressningsverksamhet. Ett viktigt led i att bek\u00e4mpa g\u00e4ngen \u00e4r att \u00f6ka antalet poliser. Moderaternas nya polism\u00e5l [&hellip;]<\/p>\n","protected":false},"author":28,"featured_media":1740,"comment_status":"closed","ping_status":"closed","sticky":false,"template":"","format":"standard","meta":{"_acf_changed":false,"_relevanssi_hide_post":"","_relevanssi_hide_content":"","_relevanssi_pin_for_all":"","_relevanssi_pin_keywords":"","_relevanssi_unpin_keywords":"","_relevanssi_related_keywords":"","_relevanssi_related_include_ids":"","_relevanssi_related_exclude_ids":"","_relevanssi_related_no_append":"","_relevanssi_related_not_related":"","_relevanssi_related_posts":"","_relevanssi_noindex_reason":"","footnotes":""},"categories":[1],"tags":[],"subject":[],"class_list":["post-1751","post","type-post","status-publish","format-standard","has-post-thumbnail","hentry","category-nyhet"],"acf":[],"publishpress_future_action":{"enabled":false,"date":"2026-05-04 22:44:28","action":"change-status","newStatus":"draft","terms":[],"taxonomy":"category"},"_links":{"self":[{"href":"https:\/\/moderaterna.se\/vastragotaland\/wp-json\/wp\/v2\/posts\/1751","targetHints":{"allow":["GET"]}}],"collection":[{"href":"https:\/\/moderaterna.se\/vastragotaland\/wp-json\/wp\/v2\/posts"}],"about":[{"href":"https:\/\/moderaterna.se\/vastragotaland\/wp-json\/wp\/v2\/types\/post"}],"author":[{"embeddable":true,"href":"https:\/\/moderaterna.se\/vastragotaland\/wp-json\/wp\/v2\/users\/28"}],"replies":[{"embeddable":true,"href":"https:\/\/moderaterna.se\/vastragotaland\/wp-json\/wp\/v2\/comments?post=1751"}],"version-history":[{"count":3,"href":"https:\/\/moderaterna.se\/vastragotaland\/wp-json\/wp\/v2\/posts\/1751\/revisions"}],"predecessor-version":[{"id":1754,"href":"https:\/\/moderaterna.se\/vastragotaland\/wp-json\/wp\/v2\/posts\/1751\/revisions\/1754"}],"wp:featuredmedia":[{"embeddable":true,"href":"https:\/\/moderaterna.se\/vastragotaland\/wp-json\/wp\/v2\/media\/1740"}],"wp:attachment":[{"href":"https:\/\/moderaterna.se\/vastragotaland\/wp-json\/wp\/v2\/media?parent=1751"}],"wp:term":[{"taxonomy":"category","embeddable":true,"href":"https:\/\/moderaterna.se\/vastragotaland\/wp-json\/wp\/v2\/categories?post=1751"},{"taxonomy":"post_tag","embeddable":true,"href":"https:\/\/moderaterna.se\/vastragotaland\/wp-json\/wp\/v2\/tags?post=1751"},{"taxonomy":"subject","embeddable":true,"href":"https:\/\/moderaterna.se\/vastragotaland\/wp-json\/wp\/v2\/subject?post=1751"}],"curies":[{"name":"wp","href":"https:\/\/api.w.org\/{rel}","templated":true}]}}