{"id":1148,"date":"2021-09-17T14:31:32","date_gmt":"2021-09-17T12:31:32","guid":{"rendered":"https:\/\/moderaterna.se\/vastragotaland\/nyhet\/vastragotaland-moderaternas-provval-i-vastra-gotaland-klart\/"},"modified":"2022-01-12T14:38:27","modified_gmt":"2022-01-12T13:38:27","slug":"vastragotaland-moderaternas-provval-i-vastra-gotaland-klart","status":"publish","type":"post","link":"https:\/\/moderaterna.se\/vastragotaland\/nyhet\/vastragotaland-moderaternas-provval-i-vastra-gotaland-klart\/","title":{"rendered":"Moderaternas provval i V\u00e4stra G\u00f6taland klart"},"content":{"rendered":"<p>Under f\u00f6rsta halvan av september har Moderaterna i V\u00e4stra G\u00f6taland genomf\u00f6rt provval inf\u00f6r valet till riksdag och regionfullm\u00e4ktige, samt till kommunfullm\u00e4ktige i G\u00f6teborgs stad.<\/p>\n<p><span><span><span><span><span>Det \u00e4r medlemmar i Moderaterna som haft r\u00f6str\u00e4tt i provvalet. 27 procent av medlemmarna har r\u00f6stat i provvalet. V\u00e4stra G\u00f6taland S\u00f6dra (Bor\u00e5s\/Sjuh\u00e4rad) har inte deltagit i provvalet och d\u00e4rf\u00f6r finns heller inget provvalsresultat f\u00f6r den valkretsen.<\/span><\/span><\/span><\/span><\/span><\/p>\n<p><span><span><span>Provvalsresultatet \u00e4r ett av flera underlag som nomineringskommitt\u00e9erna har n\u00e4r de sedan utarbetar f\u00f6rslag till valsedlar. Under kommande veckor kommer fem nomineringskommitt\u00e9er, en f\u00f6r varje riksdagsvalkrets i V\u00e4stra G\u00f6taland, ta fram f\u00f6rslag till valsedlar. Dessa fastst\u00e4lls sedan av en nomineringsst\u00e4mma den 20 november.<\/span><\/span><\/span><\/p>\n<p><font face=\"Calibri, sans-serif\"><span><b><a href=\"https:\/\/login16.moderaterna.se\/sites\/default\/files\/page_attachments\/2021-09\/Provval_resultat_MVG_2021_0.pdf\">H\u00e4r hittar du provvalsresultatet.<\/a><\/b><\/span><\/font><\/p>\n<h2><strong><span><span><span>Deltagande i provvalet 2021<\/span><\/span><\/span><\/strong><\/h2>\n<table border=\"1\" cellpadding=\"1\" cellspacing=\"1\">\n<tbody>\n<tr>\n<td><strong>Val<\/strong><\/td>\n<td><strong>R\u00f6stl\u00e4ngd<\/strong><\/td>\n<td><strong>R\u00f6stande<\/strong><\/td>\n<td><strong>Valdeltagande<\/strong><\/td>\n<\/tr>\n<tr>\n<td>V\u00e4stra G\u00f6taland G\u00f6teborg Riksdag<\/td>\n<td>1346<\/td>\n<td>394<\/td>\n<td>29%<\/td>\n<\/tr>\n<tr>\n<td>V\u00e4stra G\u00f6taland G\u00f6teborg Region<\/td>\n<td>1346<\/td>\n<td>382<\/td>\n<td>28%<\/td>\n<\/tr>\n<tr>\n<td>V\u00e4stra G\u00f6taland G\u00f6teborg Kommun<\/td>\n<td>1346<\/td>\n<td>435<\/td>\n<td>32%<\/td>\n<\/tr>\n<tr>\n<td>V\u00e4stra G\u00f6taland Norra Riksdag<\/td>\n<td>1040<\/td>\n<td>269<\/td>\n<td>26%<\/td>\n<\/tr>\n<tr>\n<td>V\u00e4stra G\u00f6taland Norra Region<\/td>\n<td>1040<\/td>\n<td>273<\/td>\n<td>26%<\/td>\n<\/tr>\n<tr>\n<td>V\u00e4stra G\u00f6taland V\u00e4stra Riksdag<\/td>\n<td>1330<\/td>\n<td>312<\/td>\n<td>23%<\/td>\n<\/tr>\n<tr>\n<td>V\u00e4stra G\u00f6taland V\u00e4stra Region<\/td>\n<td>1330<\/td>\n<td>337<\/td>\n<td>25%<\/td>\n<\/tr>\n<tr>\n<td>V\u00e4stra G\u00f6taland \u00d6stra Riksdag<\/td>\n<td>1196<\/td>\n<td>303<\/td>\n<td>25%<\/td>\n<\/tr>\n<tr>\n<td>V\u00e4stra G\u00f6taland \u00d6stra Region<\/td>\n<td>1196<\/td>\n<td>306<\/td>\n<td>26%<\/td>\n<\/tr>\n<\/tbody>\n<\/table>\n<p>(<span><span><span><span><span>V\u00e4stra G\u00f6taland S\u00f6dra (Bor\u00e5s\/Sjuh\u00e4rad) har inte deltagit i provvalet och d\u00e4rf\u00f6r finns heller inget provvalsresultat f\u00f6r den valkretsen.)<\/span><\/span><\/span><\/span><\/span><\/p>\n","protected":false},"excerpt":{"rendered":"<p>Under f\u00f6rsta halvan av september har Moderaterna i V\u00e4stra G\u00f6taland genomf\u00f6rt provval inf\u00f6r valet till riksdag och regionfullm\u00e4ktige, samt till kommunfullm\u00e4ktige i G\u00f6teborgs stad.<\/p>\n","protected":false},"author":9,"featured_media":0,"comment_status":"closed","ping_status":"closed","sticky":false,"template":"","format":"standard","meta":{"_acf_changed":false,"_relevanssi_hide_post":"","_relevanssi_hide_content":"","_relevanssi_pin_for_all":"","_relevanssi_pin_keywords":"","_relevanssi_unpin_keywords":"","_relevanssi_related_keywords":"","_relevanssi_related_include_ids":"","_relevanssi_related_exclude_ids":"","_relevanssi_related_no_append":"","_relevanssi_related_not_related":"","_relevanssi_related_posts":"831,842,829","_relevanssi_noindex_reason":"","footnotes":""},"categories":[1],"tags":[86],"subject":[],"class_list":["post-1148","post","type-post","status-publish","format-standard","hentry","category-nyhet","tag-importerad"],"acf":[],"publishpress_future_action":{"enabled":false,"date":"2026-05-05 01:50:10","action":"change-status","newStatus":"draft","terms":[],"taxonomy":"category"},"_links":{"self":[{"href":"https:\/\/moderaterna.se\/vastragotaland\/wp-json\/wp\/v2\/posts\/1148","targetHints":{"allow":["GET"]}}],"collection":[{"href":"https:\/\/moderaterna.se\/vastragotaland\/wp-json\/wp\/v2\/posts"}],"about":[{"href":"https:\/\/moderaterna.se\/vastragotaland\/wp-json\/wp\/v2\/types\/post"}],"author":[{"embeddable":true,"href":"https:\/\/moderaterna.se\/vastragotaland\/wp-json\/wp\/v2\/users\/9"}],"replies":[{"embeddable":true,"href":"https:\/\/moderaterna.se\/vastragotaland\/wp-json\/wp\/v2\/comments?post=1148"}],"version-history":[{"count":3,"href":"https:\/\/moderaterna.se\/vastragotaland\/wp-json\/wp\/v2\/posts\/1148\/revisions"}],"predecessor-version":[{"id":1199,"href":"https:\/\/moderaterna.se\/vastragotaland\/wp-json\/wp\/v2\/posts\/1148\/revisions\/1199"}],"wp:attachment":[{"href":"https:\/\/moderaterna.se\/vastragotaland\/wp-json\/wp\/v2\/media?parent=1148"}],"wp:term":[{"taxonomy":"category","embeddable":true,"href":"https:\/\/moderaterna.se\/vastragotaland\/wp-json\/wp\/v2\/categories?post=1148"},{"taxonomy":"post_tag","embeddable":true,"href":"https:\/\/moderaterna.se\/vastragotaland\/wp-json\/wp\/v2\/tags?post=1148"},{"taxonomy":"subject","embeddable":true,"href":"https:\/\/moderaterna.se\/vastragotaland\/wp-json\/wp\/v2\/subject?post=1148"}],"curies":[{"name":"wp","href":"https:\/\/api.w.org\/{rel}","templated":true}]}}