{"id":1146,"date":"2021-10-25T09:18:28","date_gmt":"2021-10-25T07:18:28","guid":{"rendered":"https:\/\/moderaterna.se\/vastragotaland\/nyhet\/vastragotaland-tanums-foretagspolitik-ger-resultat\/"},"modified":"2022-01-12T14:38:15","modified_gmt":"2022-01-12T13:38:15","slug":"vastragotaland-tanums-foretagspolitik-ger-resultat","status":"publish","type":"post","link":"https:\/\/moderaterna.se\/vastragotaland\/nyhet\/vastragotaland-tanums-foretagspolitik-ger-resultat\/","title":{"rendered":"Tanums f\u00f6retagspolitik ger resultat"},"content":{"rendered":"<p>I Svenskt N\u00e4ringslivs \u00e5rliga unders\u00f6kning och rankning av f\u00f6retagsklimatet \u00e4r det flera kommuner fr\u00e5n V\u00e4stra G\u00f6taland som uppvisar goda resultat. Tanum \u00e4r den starkaste kl\u00e4ttraren av de moderatledda kommunerna.<\/p>\n<p>Bland de moderatledda \u00e4r det framf\u00f6rallt H\u00e4rryda, Mariestad och Tanums kommuner som sticker ut i positiv bem\u00e4rkelse. H\u00e4rryda ligger i topp och har en andra plats p\u00e5 listan bland landets alla kommuner. Mariestad har f\u00f6rb\u00e4ttrat sitt resultat med 28 placeringar och Tanum \u00e4r den starkaste kl\u00e4ttraren av de moderatledda kommunerna i V\u00e4stra G\u00f6taland. Tanums kommun placerar sig p\u00e5 plats 87 och har f\u00f6rb\u00e4ttrat sitt resultat avsev\u00e4rt genom att ha kl\u00e4ttrat 53 placeringar i \u00e5rets m\u00e4tning. Sett i ett l\u00e4ngre perspektiv, sedan 2013 har Tanum tagit 180 steg upp p\u00e5 listan.<\/p>\n<p>Kommunstyrelsens ordf\u00f6rande Liselotte Fr\u00f6jd (M), ber\u00e4ttar om arbetet och politiken som har varit avg\u00f6rande f\u00f6r den positiva utvecklingen och framh\u00e5ller deras agerade under pandemin som en viktig pusselbit. Redan tidigt i pandemin tr\u00e4ffade kommunen f\u00f6retagarna digitalt varannan vecka. De visade att de brydde sig om f\u00f6retagen och de var snabba med anpassningar och att st\u00e4lla om i f\u00f6rh\u00e5llande till de nya f\u00f6ruts\u00e4ttningarna. Till exempel var de tidiga med att ge anst\u00e5nd med fakturor till f\u00f6retagare som inte beh\u00f6vde betala f\u00f6r serveringstillst\u00e5nd 2021 p\u00e5 grund av att n\u00e4ringen var h\u00e5rt drabbad.<\/p>\n<p>&#8211;&nbsp; &nbsp; &nbsp; &nbsp; Att bes\u00f6ka f\u00f6retagen kontinuerligt \u00e4r viktigt ber\u00e4ttar Liselotte Fr\u00f6jd (M), som kommer vara ute p\u00e5 f\u00f6retagsbes\u00f6k tv\u00e5 till tre g\u00e5nger i veckan, precis som f\u00f6re pandemin. Vi tr\u00e4ffas \u00f6ver en kopp kaffe och fr\u00e5gar vad de tycker om kommunen och servicen.<\/p>\n<p>Tanum har tv\u00e5 n\u00e4ringslivssekreterare. En som jobbar med f\u00f6retag som v\u00e4nder sig till bes\u00f6ksn\u00e4ringen och en som v\u00e4nder sig till de mer traditionella f\u00f6retagen. Kommunen bjuder \u00e4ven kontinuerligt in till fokustr\u00e4ffar med f\u00f6retagarna f\u00f6r att diskutera st\u00f6rre fr\u00e5gor.<\/p>\n<p>&#8211;&nbsp; &nbsp; &nbsp; &nbsp; Viktigast i arbetet har varit att vi har satt upp tre tydliga m\u00e5l som \u00e4r k\u00e4nda f\u00f6r alla och som vi hela tiden fokuserar p\u00e5. V\u00e5ra m\u00e5l \u00e4r att ha ett bra n\u00e4ringslivsklimat, att bygga bost\u00e4der och att ha en god service, s\u00e4ger Liselott Fr\u00f6jd (M).<\/p>\n<p>Andra exempel som skapar trygghet och trivsel \u00e4r att Tanum under sommartid har haft tr\u00e4ngselv\u00e4rdar som varit ute och r\u00f6rt sig i samh\u00e4llet. Och de har \u00e4ven jobbat med att s\u00e4tta ut fler b\u00e4nkar med roliga och l\u00e4ttsamma texter p\u00e5 som bjuder in till att vistas ute mer, stanna upp och ta en fika.<\/p>\n<p>P\u00e5 fr\u00e5gan vilka tips och medskick som Liselott Fr\u00f6jd (M) kan ge till andra kommuner blir svaret:<\/p>\n<p>&#8211;&nbsp; &nbsp; &nbsp; &nbsp; S\u00e4tt ett gemensamt och tydligt m\u00e5l. Ta sikte p\u00e5 att vara en serviceorganisation. \u00c4ven om det \u00e4r en myndighet s\u00e5 \u00e4r det service man ger. Det \u00e4r viktigt att ha ett positivt t\u00e4nkande. Det \u00e4r viktigt att vara synlig i samh\u00e4llet och att tr\u00e4ffa medborgare och f\u00f6retagare \u00e4r kul.<\/p>\n","protected":false},"excerpt":{"rendered":"<p>I Svenskt N\u00e4ringslivs \u00e5rliga unders\u00f6kning och rankning av f\u00f6retagsklimatet \u00e4r det flera kommuner fr\u00e5n V\u00e4stra G\u00f6taland som uppvisar goda resultat. Tanum \u00e4r den starkaste kl\u00e4ttraren av de moderatledda kommunerna.<\/p>\n","protected":false},"author":9,"featured_media":0,"comment_status":"closed","ping_status":"closed","sticky":false,"template":"","format":"standard","meta":{"_acf_changed":false,"_relevanssi_hide_post":"","_relevanssi_hide_content":"","_relevanssi_pin_for_all":"","_relevanssi_pin_keywords":"","_relevanssi_unpin_keywords":"","_relevanssi_related_keywords":"","_relevanssi_related_include_ids":"","_relevanssi_related_exclude_ids":"","_relevanssi_related_no_append":"","_relevanssi_related_not_related":"","_relevanssi_related_posts":"829,842,831","_relevanssi_noindex_reason":"","footnotes":""},"categories":[1],"tags":[86],"subject":[],"class_list":["post-1146","post","type-post","status-publish","format-standard","hentry","category-nyhet","tag-importerad"],"acf":[],"publishpress_future_action":{"enabled":false,"date":"2026-05-05 01:50:52","action":"change-status","newStatus":"draft","terms":[],"taxonomy":"category"},"_links":{"self":[{"href":"https:\/\/moderaterna.se\/vastragotaland\/wp-json\/wp\/v2\/posts\/1146","targetHints":{"allow":["GET"]}}],"collection":[{"href":"https:\/\/moderaterna.se\/vastragotaland\/wp-json\/wp\/v2\/posts"}],"about":[{"href":"https:\/\/moderaterna.se\/vastragotaland\/wp-json\/wp\/v2\/types\/post"}],"author":[{"embeddable":true,"href":"https:\/\/moderaterna.se\/vastragotaland\/wp-json\/wp\/v2\/users\/9"}],"replies":[{"embeddable":true,"href":"https:\/\/moderaterna.se\/vastragotaland\/wp-json\/wp\/v2\/comments?post=1146"}],"version-history":[{"count":3,"href":"https:\/\/moderaterna.se\/vastragotaland\/wp-json\/wp\/v2\/posts\/1146\/revisions"}],"predecessor-version":[{"id":1197,"href":"https:\/\/moderaterna.se\/vastragotaland\/wp-json\/wp\/v2\/posts\/1146\/revisions\/1197"}],"wp:attachment":[{"href":"https:\/\/moderaterna.se\/vastragotaland\/wp-json\/wp\/v2\/media?parent=1146"}],"wp:term":[{"taxonomy":"category","embeddable":true,"href":"https:\/\/moderaterna.se\/vastragotaland\/wp-json\/wp\/v2\/categories?post=1146"},{"taxonomy":"post_tag","embeddable":true,"href":"https:\/\/moderaterna.se\/vastragotaland\/wp-json\/wp\/v2\/tags?post=1146"},{"taxonomy":"subject","embeddable":true,"href":"https:\/\/moderaterna.se\/vastragotaland\/wp-json\/wp\/v2\/subject?post=1146"}],"curies":[{"name":"wp","href":"https:\/\/api.w.org\/{rel}","templated":true}]}}