{"id":1142,"date":"2021-11-02T15:31:34","date_gmt":"2021-11-02T14:31:34","guid":{"rendered":"https:\/\/moderaterna.se\/vastragotaland\/nyhet\/vastragotaland-hej-kara-socialdemokrat-far-jag-lana-din-rost-i-nasta-val\/"},"modified":"2022-01-12T14:37:55","modified_gmt":"2022-01-12T13:37:55","slug":"vastragotaland-hej-kara-socialdemokrat-far-jag-lana-din-rost-i-nasta-val","status":"publish","type":"post","link":"https:\/\/moderaterna.se\/vastragotaland\/nyhet\/vastragotaland-hej-kara-socialdemokrat-far-jag-lana-din-rost-i-nasta-val\/","title":{"rendered":"Hej k\u00e4ra socialdemokrat, f\u00e5r jag l\u00e5na din r\u00f6st i n\u00e4sta val?"},"content":{"rendered":"<p>Vi m\u00e5ste f\u00e5 ordning p\u00e5 Sverige. Det r\u00e4cker att f\u00f6lja de dagliga nyheterna f\u00f6r att konstatera att samh\u00e4llsutvecklingen g\u00e5r \u00e5t fel h\u00e5ll. Sverige s\u00e5gs l\u00e4nge som ett f\u00f6reg\u00e5ngsland. Numera ligger Sverige i Europatopp n\u00e4r det g\u00e4ller d\u00f6dliga skjutningar och vi framh\u00e5lls allt oftare som ett avskr\u00e4ckande exempel.<\/p>\n<p><span><span><span>Sverige har flera riktigt stora problem att l\u00f6sa \u2013 klimathotet och elbristen, utanf\u00f6rskapet och bidragsberoendet, kriminaliteten och det d\u00f6dliga v\u00e5ldet.<\/span><\/span><\/span><\/p>\n<p><span><span><span>S\u00e5dana problem kan inte m\u00f6tas med \u00f6nsket\u00e4nkande, bortf\u00f6rklaringar, sm\u00e5 justeringar eller halvhj\u00e4rtade utredningar. Stora problem m\u00e5ste m\u00f6tas med handlingskraft och konkreta reformer. F\u00f6rr var Socialdemokraterna ett trov\u00e4rdigt regeringsparti, som i vart fall kunde sk\u00f6ta landet. S\u00e5 \u00e4r det inte l\u00e4ngre. De \u00e4r beroende av Milj\u00f6partiet, vilket g\u00f6r f\u00f6rnuftig politik om\u00f6jlig i stora fr\u00e5gor.<\/span><\/span><\/span><\/p>\n<p><span><span><span><b>D\u00e4rf\u00f6r v\u00e4nder jag mig direkt till dig som brukar r\u00f6sta p\u00e5 Socialdemokraterna. Till dig som b\u00f6rjat t\u00e4nka att maktskifte kanske \u00e4r n\u00f6dv\u00e4ndigt f\u00f6r att f\u00e5 n\u00e5got gjort. Jag vill be dig att l\u00e5na ut din r\u00f6st till mig i valet n\u00e4sta h\u00f6st. S\u00e5 att vi kan f\u00e5 ordning p\u00e5 Sverige.<\/b><\/span><\/span><\/span><\/p>\n<p><span><span><span>D\u00e4rf\u00f6r v\u00e4nder jag mig direkt till dig som brukar r\u00f6sta p\u00e5 Socialdemokraterna. Till dig som b\u00f6rjat t\u00e4nka att maktskifte kanske \u00e4r n\u00f6dv\u00e4ndigt f\u00f6r att f\u00e5 n\u00e5got gjort. Jag vill be dig att l\u00e5na ut din r\u00f6st till mig i valet n\u00e4sta h\u00f6st. S\u00e5 att vi kan f\u00e5 ordning p\u00e5 Sverige.<\/span><\/span><\/span><\/p>\n<p><span><span><span>F\u00f6rmodligen h\u00e5ller du inte med mig om allt. Kanske h\u00e5ller du inte helt med n\u00e5got parti. Men kanske t\u00e4nker du att nu har det g\u00e5tt f\u00f6r l\u00e5ngt \u2013 och att n\u00e5got faktiskt m\u00e5ste g\u00f6ras.<\/span><\/span><\/span><\/p>\n<p><span><span><span>St\u00e4ll dig sj\u00e4lv fr\u00e5gan: utvecklas Sverige \u00e5t r\u00e4tt h\u00e5ll \u2013 eller \u00e5t fel? Har de som styr gjort ett bra jobb eller \u00e4r det dags f\u00f6r n\u00e5gon annan att ta \u00f6ver?<\/span><\/span><\/span><\/p>\n<p><span><span><span>Om du l\u00e5nar mig din r\u00f6st i valet i september 2022, lovar jag dig det h\u00e4r tillbaka:<\/span><\/span><\/span><\/p>\n<p><span><span><span>Vi ska f\u00e5 ordning p\u00e5 Sverige. Vi ska fokusera p\u00e5 Sveriges riktigt stora problem och steg f\u00f6r steg ta tillbaka kontrollen.<\/span><\/span><\/span><\/p>\n<p><span><span><span>Vi kommer att s\u00f6ka breda \u00f6verenskommelser. Vi kommer att samla landet, inte splittra det. Tala med alla och ha respekt \u00e4ven f\u00f6r v\u00e5ra politiska motst\u00e5ndare.<\/span><\/span><\/span><\/p>\n<p><span><span><span>Jag vill ha ditt f\u00f6rtroende f\u00f6r att reformera Sverige p\u00e5 tre centrala omr\u00e5den: Vi ska krossa g\u00e4ngkriminaliteten, s\u00e4kra tillg\u00e5ngen p\u00e5 fossilfri el till rimliga priser och bryta det djupa utanf\u00f6rskapet och bidragsberoendet.<\/span><\/span><\/span><\/p>\n<p><span><span><span><b>Staten ska st\u00e5 p\u00e5 de hederligas sida. De som tar ansvar f\u00f6r sig sj\u00e4lva och sina barn, de som pluggar, de som g\u00e5r till jobbet, de som betalar skatt till v\u00e5r gemensamma v\u00e4lf\u00e4rd. P\u00e5 deras sida ska staten st\u00e5. Och p\u00e5 den sidan st\u00e5r jag.<\/b><\/span><\/span><\/span><\/p>\n<p><span><span><span>L\u00e5na ut din r\u00f6st \u2013 s\u00e5 ska jag g\u00f6ra allt f\u00f6r att f\u00e5 ordning p\u00e5 Sverige!<\/span><\/span><\/span><\/p>\n<p><span><span><span><i>Ulf Kristersson<br \/>\nPartiledare<\/i><\/span><\/span><\/span><\/p>\n","protected":false},"excerpt":{"rendered":"<p>Vi m\u00e5ste f\u00e5 ordning p\u00e5 Sverige. Det r\u00e4cker att f\u00f6lja de dagliga nyheterna f\u00f6r att konstatera att samh\u00e4llsutvecklingen g\u00e5r \u00e5t fel h\u00e5ll. Sverige s\u00e5gs l\u00e4nge som ett f\u00f6reg\u00e5ngsland. Numera ligger Sverige i Europatopp n\u00e4r det g\u00e4ller d\u00f6dliga skjutningar och vi framh\u00e5lls allt oftare som ett avskr\u00e4ckande exempel.<\/p>\n","protected":false},"author":9,"featured_media":0,"comment_status":"closed","ping_status":"closed","sticky":false,"template":"","format":"standard","meta":{"_acf_changed":false,"_relevanssi_hide_post":"","_relevanssi_hide_content":"","_relevanssi_pin_for_all":"","_relevanssi_pin_keywords":"","_relevanssi_unpin_keywords":"","_relevanssi_related_keywords":"","_relevanssi_related_include_ids":"","_relevanssi_related_exclude_ids":"","_relevanssi_related_no_append":"","_relevanssi_related_not_related":"","_relevanssi_related_posts":"831,829,842","_relevanssi_noindex_reason":"","footnotes":""},"categories":[1],"tags":[86],"subject":[],"class_list":["post-1142","post","type-post","status-publish","format-standard","hentry","category-nyhet","tag-importerad"],"acf":[],"publishpress_future_action":{"enabled":false,"date":"2026-05-05 01:50:57","action":"change-status","newStatus":"draft","terms":[],"taxonomy":"category"},"_links":{"self":[{"href":"https:\/\/moderaterna.se\/vastragotaland\/wp-json\/wp\/v2\/posts\/1142","targetHints":{"allow":["GET"]}}],"collection":[{"href":"https:\/\/moderaterna.se\/vastragotaland\/wp-json\/wp\/v2\/posts"}],"about":[{"href":"https:\/\/moderaterna.se\/vastragotaland\/wp-json\/wp\/v2\/types\/post"}],"author":[{"embeddable":true,"href":"https:\/\/moderaterna.se\/vastragotaland\/wp-json\/wp\/v2\/users\/9"}],"replies":[{"embeddable":true,"href":"https:\/\/moderaterna.se\/vastragotaland\/wp-json\/wp\/v2\/comments?post=1142"}],"version-history":[{"count":3,"href":"https:\/\/moderaterna.se\/vastragotaland\/wp-json\/wp\/v2\/posts\/1142\/revisions"}],"predecessor-version":[{"id":1193,"href":"https:\/\/moderaterna.se\/vastragotaland\/wp-json\/wp\/v2\/posts\/1142\/revisions\/1193"}],"wp:attachment":[{"href":"https:\/\/moderaterna.se\/vastragotaland\/wp-json\/wp\/v2\/media?parent=1142"}],"wp:term":[{"taxonomy":"category","embeddable":true,"href":"https:\/\/moderaterna.se\/vastragotaland\/wp-json\/wp\/v2\/categories?post=1142"},{"taxonomy":"post_tag","embeddable":true,"href":"https:\/\/moderaterna.se\/vastragotaland\/wp-json\/wp\/v2\/tags?post=1142"},{"taxonomy":"subject","embeddable":true,"href":"https:\/\/moderaterna.se\/vastragotaland\/wp-json\/wp\/v2\/subject?post=1142"}],"curies":[{"name":"wp","href":"https:\/\/api.w.org\/{rel}","templated":true}]}}