{"id":825,"date":"2021-09-11T11:36:14","date_gmt":"2021-09-11T09:36:14","guid":{"rendered":"https:\/\/moderaterna.se\/vasterbotten\/nyhet\/vasterbotten-forlossningskrisen-i-vasterbotten\/"},"modified":"2022-06-01T13:36:22","modified_gmt":"2022-06-01T11:36:22","slug":"vasterbotten-forlossningskrisen-i-vasterbotten","status":"publish","type":"post","link":"https:\/\/moderaterna.se\/vasterbotten\/nyhet\/vasterbotten-forlossningskrisen-i-vasterbotten\/","title":{"rendered":"BB I LYCKSELE ST\u00c4NGT UNDER SOMMAREN IGEN"},"content":{"rendered":"<div class=\"kvgmc6g5 cxmmr5t8 oygrvhab hcukyx3x c1et5uql ii04i59q\">\n<div dir=\"auto\"><\/div>\n<\/div>\n<div class=\"cxmmr5t8 oygrvhab hcukyx3x c1et5uql o9v6fnle ii04i59q\">\n<div dir=\"auto\">S har misslyckats att l\u00f6sa krisen i V\u00e4sterbottens f\u00f6rlossningsv\u00e5rd. Kommande st\u00e4ngning, julst\u00e4ngningen och f\u00f6rra sommarens st\u00e4ngning av BB i Lycksele samt att n\u00e4stan en tredjedel av barnmorskorna, p\u00e5 f\u00f6rlossningen i Ume\u00e5, har sagt upp sig under ett \u00e5r g\u00f6r det tydligt.<\/div>\n<div dir=\"auto\"><\/div>\n<\/div>\n<div class=\"cxmmr5t8 oygrvhab hcukyx3x c1et5uql o9v6fnle ii04i59q\">\n<div dir=\"auto\">Moderaterna vill att en samordnaren ska arbeta i n\u00e4ra dialog med personalen och de fackliga organisationerna. Partiet vill \u00e4ven att samordnaren ska beakta \u00e5tg\u00e4rder som:<\/div>\n<div dir=\"auto\"><\/div>\n<\/div>\n<div class=\"cxmmr5t8 oygrvhab hcukyx3x c1et5uql o9v6fnle ii04i59q\">\n<div dir=\"auto\"><span class=\"pq6dq46d tbxw36s4 knj5qynh kvgmc6g5 ditlmg2l oygrvhab nvdbi5me sf5mxxl7 gl3lb2sf hhz5lgdu\"><img loading=\"lazy\" decoding=\"async\" src=\"https:\/\/static.xx.fbcdn.net\/images\/emoji.php\/v9\/tb4\/2\/16\/2705.png\" alt=\"\u2705\" width=\"16\" height=\"16\" \/><\/span> 30 miljoner mer till f\u00f6rlossningen i v\u00e5rt f\u00f6rslag till budget<\/div>\n<div dir=\"auto\"><span class=\"pq6dq46d tbxw36s4 knj5qynh kvgmc6g5 ditlmg2l oygrvhab nvdbi5me sf5mxxl7 gl3lb2sf hhz5lgdu\"><img loading=\"lazy\" decoding=\"async\" src=\"https:\/\/static.xx.fbcdn.net\/images\/emoji.php\/v9\/tb4\/2\/16\/2705.png\" alt=\"\u2705\" width=\"16\" height=\"16\" \/><\/span> Ett arbete f\u00f6r att n\u00e5 en barnmorska per f\u00f6dande kvinna.<\/div>\n<div dir=\"auto\"><span class=\"pq6dq46d tbxw36s4 knj5qynh kvgmc6g5 ditlmg2l oygrvhab nvdbi5me sf5mxxl7 gl3lb2sf hhz5lgdu\"><img loading=\"lazy\" decoding=\"async\" src=\"https:\/\/static.xx.fbcdn.net\/images\/emoji.php\/v9\/tb4\/2\/16\/2705.png\" alt=\"\u2705\" width=\"16\" height=\"16\" \/><\/span> Se \u00f6ver schema och arbetstidsf\u00f6rl\u00e4ggning.<\/div>\n<div dir=\"auto\"><span class=\"pq6dq46d tbxw36s4 knj5qynh kvgmc6g5 ditlmg2l oygrvhab nvdbi5me sf5mxxl7 gl3lb2sf hhz5lgdu\"><img loading=\"lazy\" decoding=\"async\" src=\"https:\/\/static.xx.fbcdn.net\/images\/emoji.php\/v9\/tb4\/2\/16\/2705.png\" alt=\"\u2705\" width=\"16\" height=\"16\" \/><\/span> M\u00f6jligheter att anv\u00e4nda l\u00e4karinsatser p\u00e5 olika s\u00e4tt.<\/div>\n<div dir=\"auto\"><span class=\"pq6dq46d tbxw36s4 knj5qynh kvgmc6g5 ditlmg2l oygrvhab nvdbi5me sf5mxxl7 gl3lb2sf hhz5lgdu\"><img loading=\"lazy\" decoding=\"async\" src=\"https:\/\/static.xx.fbcdn.net\/images\/emoji.php\/v9\/tb4\/2\/16\/2705.png\" alt=\"\u2705\" width=\"16\" height=\"16\" \/><\/span> Arbeta med fl\u00f6den och i mindre grupper f\u00f6r att anv\u00e4nda kompetensen s\u00e5 optimalt som m\u00f6jligt.<\/div>\n<div dir=\"auto\"><span class=\"pq6dq46d tbxw36s4 knj5qynh kvgmc6g5 ditlmg2l oygrvhab nvdbi5me sf5mxxl7 gl3lb2sf hhz5lgdu\"><img loading=\"lazy\" decoding=\"async\" src=\"https:\/\/static.xx.fbcdn.net\/images\/emoji.php\/v9\/tb4\/2\/16\/2705.png\" alt=\"\u2705\" width=\"16\" height=\"16\" \/><\/span> Vid behov bed\u00f6ma om det kr\u00e4vs f\u00f6rst\u00e4rkning av administrativa uppgifter, st\u00e4dning och andra st\u00f6dfunktioner.<\/div>\n<div dir=\"auto\"><span class=\"pq6dq46d tbxw36s4 knj5qynh kvgmc6g5 ditlmg2l oygrvhab nvdbi5me sf5mxxl7 gl3lb2sf hhz5lgdu\"><img loading=\"lazy\" decoding=\"async\" src=\"https:\/\/static.xx.fbcdn.net\/images\/emoji.php\/v9\/tb4\/2\/16\/2705.png\" alt=\"\u2705\" width=\"16\" height=\"16\" \/><\/span> M\u00f6jligg\u00f6r rotationstj\u00e4nstg\u00f6ring. Andra regioner har framg\u00e5ngsrikt arbetat med olika former av rotationstj\u00e4nstg\u00f6ring. Det g\u00e5r att anv\u00e4nda goda exempel och anpassa dem till V\u00e4sterbottens f\u00f6rh\u00e5llanden. M\u00e5let \u00e4r fler barnmorskor till f\u00f6rlossningen.<\/div>\n<\/div>\n<p>Se mer om v\u00e5r politik h\u00e4r:\u00a0www.facebook.com\/moderaternavasterbotten\/<\/p>\n","protected":false},"excerpt":{"rendered":"<p>S har misslyckats att l\u00f6sa krisen i V\u00e4sterbottens f\u00f6rlossningsv\u00e5rd. Kommande st\u00e4ngning, julst\u00e4ngningen och f\u00f6rra sommarens st\u00e4ngning av BB i Lycksele samt att n\u00e4stan en tredjedel av barnmorskorna, p\u00e5 f\u00f6rlossningen i Ume\u00e5, har sagt upp sig under ett \u00e5r g\u00f6r det tydligt. Moderaterna vill att en samordnaren ska arbeta i n\u00e4ra dialog med personalen och de [&hellip;]<\/p>\n","protected":false},"author":9,"featured_media":0,"comment_status":"closed","ping_status":"closed","sticky":false,"template":"","format":"standard","meta":{"_acf_changed":false,"_relevanssi_hide_post":"","_relevanssi_hide_content":"","_relevanssi_pin_for_all":"","_relevanssi_pin_keywords":"","_relevanssi_unpin_keywords":"","_relevanssi_related_keywords":"","_relevanssi_related_include_ids":"","_relevanssi_related_exclude_ids":"","_relevanssi_related_no_append":"","_relevanssi_related_not_related":"","_relevanssi_related_posts":"","_relevanssi_noindex_reason":"","footnotes":""},"categories":[1],"tags":[81],"subject":[],"class_list":["post-825","post","type-post","status-publish","format-standard","hentry","category-nyhet","tag-importerad"],"acf":[],"publishpress_future_action":{"enabled":false,"date":"2026-05-09 05:58:21","action":"change-status","newStatus":"draft","terms":[],"taxonomy":"category"},"_links":{"self":[{"href":"https:\/\/moderaterna.se\/vasterbotten\/wp-json\/wp\/v2\/posts\/825","targetHints":{"allow":["GET"]}}],"collection":[{"href":"https:\/\/moderaterna.se\/vasterbotten\/wp-json\/wp\/v2\/posts"}],"about":[{"href":"https:\/\/moderaterna.se\/vasterbotten\/wp-json\/wp\/v2\/types\/post"}],"author":[{"embeddable":true,"href":"https:\/\/moderaterna.se\/vasterbotten\/wp-json\/wp\/v2\/users\/9"}],"replies":[{"embeddable":true,"href":"https:\/\/moderaterna.se\/vasterbotten\/wp-json\/wp\/v2\/comments?post=825"}],"version-history":[{"count":2,"href":"https:\/\/moderaterna.se\/vasterbotten\/wp-json\/wp\/v2\/posts\/825\/revisions"}],"predecessor-version":[{"id":1219,"href":"https:\/\/moderaterna.se\/vasterbotten\/wp-json\/wp\/v2\/posts\/825\/revisions\/1219"}],"wp:attachment":[{"href":"https:\/\/moderaterna.se\/vasterbotten\/wp-json\/wp\/v2\/media?parent=825"}],"wp:term":[{"taxonomy":"category","embeddable":true,"href":"https:\/\/moderaterna.se\/vasterbotten\/wp-json\/wp\/v2\/categories?post=825"},{"taxonomy":"post_tag","embeddable":true,"href":"https:\/\/moderaterna.se\/vasterbotten\/wp-json\/wp\/v2\/tags?post=825"},{"taxonomy":"subject","embeddable":true,"href":"https:\/\/moderaterna.se\/vasterbotten\/wp-json\/wp\/v2\/subject?post=825"}],"curies":[{"name":"wp","href":"https:\/\/api.w.org\/{rel}","templated":true}]}}