{"id":1398,"date":"2024-12-05T14:54:06","date_gmt":"2024-12-05T13:54:06","guid":{"rendered":"https:\/\/moderaterna.se\/vasterbotten\/?p=1398"},"modified":"2024-12-05T14:55:54","modified_gmt":"2024-12-05T13:55:54","slug":"oppet-mote-med-regionradet-i-opposition","status":"publish","type":"post","link":"https:\/\/moderaterna.se\/vasterbotten\/nyhet\/oppet-mote-med-regionradet-i-opposition\/","title":{"rendered":"\u00d6ppet m\u00f6te med regionr\u00e5det i opposition"},"content":{"rendered":"\n<figure class=\"wp-block-image size-full is-resized\"><img loading=\"lazy\" decoding=\"async\" width=\"1920\" height=\"1080\" src=\"https:\/\/moderaterna.se\/app\/uploads\/sites\/17\/2024\/12\/Oppet-mote-Nar-Mandag-9-december-kl-1830-Plats-Hotell-Lappland-2.png\" alt=\"\" class=\"wp-image-1401\" style=\"width:1011px;height:auto\" srcset=\"https:\/\/moderaterna.se\/app\/uploads\/sites\/17\/2024\/12\/Oppet-mote-Nar-Mandag-9-december-kl-1830-Plats-Hotell-Lappland-2.png 1920w, https:\/\/moderaterna.se\/app\/uploads\/sites\/17\/2024\/12\/Oppet-mote-Nar-Mandag-9-december-kl-1830-Plats-Hotell-Lappland-2-300x169.png 300w, https:\/\/moderaterna.se\/app\/uploads\/sites\/17\/2024\/12\/Oppet-mote-Nar-Mandag-9-december-kl-1830-Plats-Hotell-Lappland-2-1024x576.png 1024w, https:\/\/moderaterna.se\/app\/uploads\/sites\/17\/2024\/12\/Oppet-mote-Nar-Mandag-9-december-kl-1830-Plats-Hotell-Lappland-2-768x432.png 768w, https:\/\/moderaterna.se\/app\/uploads\/sites\/17\/2024\/12\/Oppet-mote-Nar-Mandag-9-december-kl-1830-Plats-Hotell-Lappland-2-1536x864.png 1536w\" sizes=\"auto, (max-width: 1920px) 100vw, 1920px\" \/><\/figure>\n\n\n\n<h2 class=\"wp-block-heading\" id=\"h-fragor-kontakta-partiombudsman-anton-bergstrom-nord-via-anton-bergstromnord-moderaterna-se\">Fr\u00e5gor? Kontakta partiombudsman Anton Bergstr\u00f6m Nord via anton.bergstromnord@moderaterna.se.<\/h2>\n","protected":false},"excerpt":{"rendered":"<p>Fr\u00e5gor? Kontakta partiombudsman Anton Bergstr\u00f6m Nord via anton.bergstromnord@moderaterna.se.<\/p>\n","protected":false},"author":12,"featured_media":0,"comment_status":"closed","ping_status":"closed","sticky":false,"template":"","format":"standard","meta":{"_acf_changed":false,"_relevanssi_hide_post":"","_relevanssi_hide_content":"","_relevanssi_pin_for_all":"","_relevanssi_pin_keywords":"","_relevanssi_unpin_keywords":"","_relevanssi_related_keywords":"","_relevanssi_related_include_ids":"","_relevanssi_related_exclude_ids":"","_relevanssi_related_no_append":"","_relevanssi_related_not_related":"","_relevanssi_related_posts":"1286,1385,1256,1298,1296,825","_relevanssi_noindex_reason":"","footnotes":""},"categories":[1],"tags":[],"subject":[],"class_list":["post-1398","post","type-post","status-publish","format-standard","hentry","category-nyhet"],"acf":[],"publishpress_future_action":{"enabled":false,"date":"2026-05-09 07:52:56","action":"change-status","newStatus":"draft","terms":[],"taxonomy":"category"},"_links":{"self":[{"href":"https:\/\/moderaterna.se\/vasterbotten\/wp-json\/wp\/v2\/posts\/1398","targetHints":{"allow":["GET"]}}],"collection":[{"href":"https:\/\/moderaterna.se\/vasterbotten\/wp-json\/wp\/v2\/posts"}],"about":[{"href":"https:\/\/moderaterna.se\/vasterbotten\/wp-json\/wp\/v2\/types\/post"}],"author":[{"embeddable":true,"href":"https:\/\/moderaterna.se\/vasterbotten\/wp-json\/wp\/v2\/users\/12"}],"replies":[{"embeddable":true,"href":"https:\/\/moderaterna.se\/vasterbotten\/wp-json\/wp\/v2\/comments?post=1398"}],"version-history":[{"count":2,"href":"https:\/\/moderaterna.se\/vasterbotten\/wp-json\/wp\/v2\/posts\/1398\/revisions"}],"predecessor-version":[{"id":1403,"href":"https:\/\/moderaterna.se\/vasterbotten\/wp-json\/wp\/v2\/posts\/1398\/revisions\/1403"}],"wp:attachment":[{"href":"https:\/\/moderaterna.se\/vasterbotten\/wp-json\/wp\/v2\/media?parent=1398"}],"wp:term":[{"taxonomy":"category","embeddable":true,"href":"https:\/\/moderaterna.se\/vasterbotten\/wp-json\/wp\/v2\/categories?post=1398"},{"taxonomy":"post_tag","embeddable":true,"href":"https:\/\/moderaterna.se\/vasterbotten\/wp-json\/wp\/v2\/tags?post=1398"},{"taxonomy":"subject","embeddable":true,"href":"https:\/\/moderaterna.se\/vasterbotten\/wp-json\/wp\/v2\/subject?post=1398"}],"curies":[{"name":"wp","href":"https:\/\/api.w.org\/{rel}","templated":true}]}}