{"id":1298,"date":"2022-08-22T16:12:13","date_gmt":"2022-08-22T14:12:13","guid":{"rendered":"https:\/\/moderaterna.se\/vasterbotten\/?p=1298"},"modified":"2022-08-22T16:12:14","modified_gmt":"2022-08-22T14:12:14","slug":"krafttag-mot-mobbing-och-otrygghet-pa-skolorna-trygga-barn-lar-sig-mer","status":"publish","type":"post","link":"https:\/\/moderaterna.se\/vasterbotten\/nyhet\/krafttag-mot-mobbing-och-otrygghet-pa-skolorna-trygga-barn-lar-sig-mer\/","title":{"rendered":"Krafttag mot mobbing och otrygghet p\u00e5 skolorna &#8211; trygga barn l\u00e4r sig mer!"},"content":{"rendered":"\n<p>L\u00e4randemilj\u00f6n ska vara stimulerande, trygg och i klassrummen ska det vara lugn och ro. Vi har nolltolerans mot kr\u00e4nkande behandling och mobbning i och kring skolan och vi st\u00e4ller krav p\u00e5 att skolan aktivt f\u00f6rebygger s\u00e5dant samt tar fullt ansvar om n\u00e5got allvarligt intr\u00e4ffar. Vi har sett alarmerande exempel p\u00e5 senare tid, med hot och v\u00e5ld p\u00e5 v\u00e5ra skolor i Ume\u00e5.<br><br><img loading=\"lazy\" decoding=\"async\" height=\"16\" width=\"16\" alt=\"\ud83d\udc49\" src=\"https:\/\/static.xx.fbcdn.net\/images\/emoji.php\/v9\/tf0\/2\/16\/1f449.png\">\u00a0Lena Riedl (M), vice ordf\u00f6rande i f\u00f6r- och grundskolen\u00e4mnden, l\u00e4mnade under mandatperioden in en motion om att alla brott p\u00e5 skoltid eller i anslutning till skoldagen ska polisanm\u00e4las. Socialdemokraterna r\u00f6stade ner den i kommunfullm\u00e4ktige.<\/p>\n\n\n\n<p><img loading=\"lazy\" decoding=\"async\" height=\"16\" width=\"16\" alt=\"\ud83c\udfeb\" src=\"https:\/\/static.xx.fbcdn.net\/images\/emoji.php\/v9\/tc7\/2\/16\/1f3eb.png\"> Vi Moderater anser att Ume\u00e5 kommun beh\u00f6ver en ny handlingsplan f\u00f6r brott i skolan:<\/p>\n\n\n\n<p><img loading=\"lazy\" decoding=\"async\" height=\"16\" width=\"16\" alt=\"\u2714\ufe0f\" src=\"https:\/\/static.xx.fbcdn.net\/images\/emoji.php\/v9\/td2\/2\/16\/2714.png\">Brottsliga handlingar ska aldrig accepteras.<br><img loading=\"lazy\" decoding=\"async\" height=\"16\" width=\"16\" alt=\"\u2714\ufe0f\" src=\"https:\/\/static.xx.fbcdn.net\/images\/emoji.php\/v9\/td2\/2\/16\/2714.png\">Skolan ska polisanm\u00e4la alla brott som sker under skoldagen eller i anslutning till skoldagen.<br><img loading=\"lazy\" decoding=\"async\" height=\"16\" width=\"16\" alt=\"\u2714\ufe0f\" src=\"https:\/\/static.xx.fbcdn.net\/images\/emoji.php\/v9\/td2\/2\/16\/2714.png\">Skyldigheten att polisanm\u00e4la ett brott g\u00e4ller \u00e4ven n\u00e4r g\u00e4rningsmannen inte fyllt 15 \u00e5r.<br><img loading=\"lazy\" decoding=\"async\" height=\"16\" width=\"16\" alt=\"\u2714\ufe0f\" src=\"https:\/\/static.xx.fbcdn.net\/images\/emoji.php\/v9\/td2\/2\/16\/2714.png\">Skolor som anser att det kr\u00e4vs ytterligare insatser i form av vakter, kamerabevakning eller s\u00e4kerhetssamordnare ska sj\u00e4lvklart ha mandat att anst\u00e4lla s\u00e5dana, om behov f\u00f6religger.<br><img loading=\"lazy\" decoding=\"async\" height=\"16\" width=\"16\" alt=\"\u2714\ufe0f\" src=\"https:\/\/static.xx.fbcdn.net\/images\/emoji.php\/v9\/td2\/2\/16\/2714.png\"> Kartl\u00e4gg f\u00f6rekomsten av hedersf\u00f6rtryck p\u00e5 kommunens skolor &#8211; larmrapporter har haglat under mandatperioden <\/p>\n","protected":false},"excerpt":{"rendered":"<p>L\u00e4randemilj\u00f6n ska vara stimulerande, trygg och i klassrummen ska det vara lugn och ro. Vi har nolltolerans mot kr\u00e4nkande behandling och mobbning i och kring skolan och vi st\u00e4ller krav p\u00e5 att skolan aktivt f\u00f6rebygger s\u00e5dant samt tar fullt ansvar om n\u00e5got allvarligt intr\u00e4ffar. Vi har sett alarmerande exempel p\u00e5 senare tid, med hot och [&hellip;]<\/p>\n","protected":false},"author":12,"featured_media":0,"comment_status":"closed","ping_status":"closed","sticky":false,"template":"","format":"standard","meta":{"_acf_changed":false,"_relevanssi_hide_post":"","_relevanssi_hide_content":"","_relevanssi_pin_for_all":"","_relevanssi_pin_keywords":"","_relevanssi_unpin_keywords":"","_relevanssi_related_keywords":"","_relevanssi_related_include_ids":"","_relevanssi_related_exclude_ids":"","_relevanssi_related_no_append":"","_relevanssi_related_not_related":"","_relevanssi_related_posts":"","_relevanssi_noindex_reason":"","footnotes":""},"categories":[1],"tags":[],"subject":[],"class_list":["post-1298","post","type-post","status-publish","format-standard","hentry","category-nyhet"],"acf":[],"publishpress_future_action":{"enabled":false,"date":"2026-05-09 07:54:45","action":"change-status","newStatus":"draft","terms":[],"taxonomy":"category"},"_links":{"self":[{"href":"https:\/\/moderaterna.se\/vasterbotten\/wp-json\/wp\/v2\/posts\/1298","targetHints":{"allow":["GET"]}}],"collection":[{"href":"https:\/\/moderaterna.se\/vasterbotten\/wp-json\/wp\/v2\/posts"}],"about":[{"href":"https:\/\/moderaterna.se\/vasterbotten\/wp-json\/wp\/v2\/types\/post"}],"author":[{"embeddable":true,"href":"https:\/\/moderaterna.se\/vasterbotten\/wp-json\/wp\/v2\/users\/12"}],"replies":[{"embeddable":true,"href":"https:\/\/moderaterna.se\/vasterbotten\/wp-json\/wp\/v2\/comments?post=1298"}],"version-history":[{"count":1,"href":"https:\/\/moderaterna.se\/vasterbotten\/wp-json\/wp\/v2\/posts\/1298\/revisions"}],"predecessor-version":[{"id":1299,"href":"https:\/\/moderaterna.se\/vasterbotten\/wp-json\/wp\/v2\/posts\/1298\/revisions\/1299"}],"wp:attachment":[{"href":"https:\/\/moderaterna.se\/vasterbotten\/wp-json\/wp\/v2\/media?parent=1298"}],"wp:term":[{"taxonomy":"category","embeddable":true,"href":"https:\/\/moderaterna.se\/vasterbotten\/wp-json\/wp\/v2\/categories?post=1298"},{"taxonomy":"post_tag","embeddable":true,"href":"https:\/\/moderaterna.se\/vasterbotten\/wp-json\/wp\/v2\/tags?post=1298"},{"taxonomy":"subject","embeddable":true,"href":"https:\/\/moderaterna.se\/vasterbotten\/wp-json\/wp\/v2\/subject?post=1298"}],"curies":[{"name":"wp","href":"https:\/\/api.w.org\/{rel}","templated":true}]}}