{"id":1296,"date":"2022-08-22T11:48:27","date_gmt":"2022-08-22T09:48:27","guid":{"rendered":"https:\/\/moderaterna.se\/vasterbotten\/?p=1296"},"modified":"2022-08-22T11:48:28","modified_gmt":"2022-08-22T09:48:28","slug":"280-nya-poliser-till-vasterbotten","status":"publish","type":"post","link":"https:\/\/moderaterna.se\/vasterbotten\/nyhet\/280-nya-poliser-till-vasterbotten\/","title":{"rendered":"280 nya poliser till V\u00e4sterbotten"},"content":{"rendered":"\n<p><img loading=\"lazy\" decoding=\"async\" height=\"16\" width=\"16\" alt=\"\ud83d\udc49\" src=\"https:\/\/static.xx.fbcdn.net\/images\/emoji.php\/v9\/t51\/1\/16\/1f449.png\"> En ny M-ledd regering kommer att satsa p\u00e5 fler poliser, h\u00e5rdare straff och mer f\u00f6rebyggande insatser.<br><br><img loading=\"lazy\" decoding=\"async\" height=\"16\" width=\"16\" alt=\"\u2705\" src=\"https:\/\/static.xx.fbcdn.net\/images\/emoji.php\/v9\/t33\/1\/16\/2705.png\"> 280 nya poliser till V\u00e4sterbotten.<br><img loading=\"lazy\" decoding=\"async\" height=\"16\" width=\"16\" alt=\"\u2705\" src=\"https:\/\/static.xx.fbcdn.net\/images\/emoji.php\/v9\/t33\/1\/16\/2705.png\"> 10 000 nya poliser i Sverige.<br><img loading=\"lazy\" decoding=\"async\" height=\"16\" width=\"16\" alt=\"\u2705\" src=\"https:\/\/static.xx.fbcdn.net\/images\/emoji.php\/v9\/t33\/1\/16\/2705.png\"> H\u00f6jda polisl\u00f6ner.<br><img loading=\"lazy\" decoding=\"async\" height=\"16\" width=\"16\" alt=\"\u2705\" src=\"https:\/\/static.xx.fbcdn.net\/images\/emoji.php\/v9\/t33\/1\/16\/2705.png\">Betald polisutbildning.<br><img loading=\"lazy\" decoding=\"async\" height=\"16\" width=\"16\" alt=\"\u2705\" src=\"https:\/\/static.xx.fbcdn.net\/images\/emoji.php\/v9\/t33\/1\/16\/2705.png\"> Mer f\u00f6rebyggande insatser med fokus p\u00e5 jobb.<br><br>Fler poliser l\u00f6ser inte alla problem i r\u00e4ttspolitiken. Men det \u00e4r en v\u00e4ldigt bra b\u00f6rjan. De nya poliserna ska finnas n\u00e4ra medborgarna. Vara i hela Sverige och bek\u00e4mpa b\u00e5de g\u00e4ngkriminella och st\u00f6ldligor. Men ocks\u00e5 f\u00f6rebygga brottslighet och otrygghet. Tr\u00e4ffa m\u00e4nniskor, bes\u00f6ka skolor, skapa relationer till n\u00e4rsamh\u00e4llet. S\u00e5dant som ofta inte hinns med idag.Gilla, dela och kommentera!<\/p>\n","protected":false},"excerpt":{"rendered":"<p>En ny M-ledd regering kommer att satsa p\u00e5 fler poliser, h\u00e5rdare straff och mer f\u00f6rebyggande insatser. 280 nya poliser till V\u00e4sterbotten. 10 000 nya poliser i Sverige. H\u00f6jda polisl\u00f6ner.Betald polisutbildning. Mer f\u00f6rebyggande insatser med fokus p\u00e5 jobb. Fler poliser l\u00f6ser inte alla problem i r\u00e4ttspolitiken. Men det \u00e4r en v\u00e4ldigt bra b\u00f6rjan. De nya poliserna [&hellip;]<\/p>\n","protected":false},"author":12,"featured_media":0,"comment_status":"closed","ping_status":"closed","sticky":false,"template":"","format":"standard","meta":{"_acf_changed":false,"_relevanssi_hide_post":"","_relevanssi_hide_content":"","_relevanssi_pin_for_all":"","_relevanssi_pin_keywords":"","_relevanssi_unpin_keywords":"","_relevanssi_related_keywords":"","_relevanssi_related_include_ids":"","_relevanssi_related_exclude_ids":"","_relevanssi_related_no_append":"","_relevanssi_related_not_related":"","_relevanssi_related_posts":"","_relevanssi_noindex_reason":"","footnotes":""},"categories":[1],"tags":[],"subject":[],"class_list":["post-1296","post","type-post","status-publish","format-standard","hentry","category-nyhet"],"acf":[],"publishpress_future_action":{"enabled":false,"date":"2026-05-09 09:24:01","action":"change-status","newStatus":"draft","terms":[],"taxonomy":"category"},"_links":{"self":[{"href":"https:\/\/moderaterna.se\/vasterbotten\/wp-json\/wp\/v2\/posts\/1296","targetHints":{"allow":["GET"]}}],"collection":[{"href":"https:\/\/moderaterna.se\/vasterbotten\/wp-json\/wp\/v2\/posts"}],"about":[{"href":"https:\/\/moderaterna.se\/vasterbotten\/wp-json\/wp\/v2\/types\/post"}],"author":[{"embeddable":true,"href":"https:\/\/moderaterna.se\/vasterbotten\/wp-json\/wp\/v2\/users\/12"}],"replies":[{"embeddable":true,"href":"https:\/\/moderaterna.se\/vasterbotten\/wp-json\/wp\/v2\/comments?post=1296"}],"version-history":[{"count":1,"href":"https:\/\/moderaterna.se\/vasterbotten\/wp-json\/wp\/v2\/posts\/1296\/revisions"}],"predecessor-version":[{"id":1297,"href":"https:\/\/moderaterna.se\/vasterbotten\/wp-json\/wp\/v2\/posts\/1296\/revisions\/1297"}],"wp:attachment":[{"href":"https:\/\/moderaterna.se\/vasterbotten\/wp-json\/wp\/v2\/media?parent=1296"}],"wp:term":[{"taxonomy":"category","embeddable":true,"href":"https:\/\/moderaterna.se\/vasterbotten\/wp-json\/wp\/v2\/categories?post=1296"},{"taxonomy":"post_tag","embeddable":true,"href":"https:\/\/moderaterna.se\/vasterbotten\/wp-json\/wp\/v2\/tags?post=1296"},{"taxonomy":"subject","embeddable":true,"href":"https:\/\/moderaterna.se\/vasterbotten\/wp-json\/wp\/v2\/subject?post=1296"}],"curies":[{"name":"wp","href":"https:\/\/api.w.org\/{rel}","templated":true}]}}