{"id":1293,"date":"2022-08-16T20:43:49","date_gmt":"2022-08-16T18:43:49","guid":{"rendered":"https:\/\/moderaterna.se\/vasterbotten\/?p=1293"},"modified":"2022-08-16T20:43:49","modified_gmt":"2022-08-16T18:43:49","slug":"sankt-skatt-for-dig-som-jobbar-eller-har-pension","status":"publish","type":"post","link":"https:\/\/moderaterna.se\/vasterbotten\/nyhet\/sankt-skatt-for-dig-som-jobbar-eller-har-pension\/","title":{"rendered":"S\u00e4nkt skatt f\u00f6r dig som jobbar eller har pension"},"content":{"rendered":"\n<p><img loading=\"lazy\" decoding=\"async\" height=\"16\" width=\"16\" alt=\"\ud83d\udc49\" src=\"https:\/\/static.xx.fbcdn.net\/images\/emoji.php\/v9\/tf0\/2\/16\/1f449.png\"> R\u00f6sta p\u00e5 Moderaterna och f\u00f6r ett nytt jobbpaket. <br><img loading=\"lazy\" decoding=\"async\" height=\"16\" width=\"16\" alt=\"\u2714\ufe0f\" src=\"https:\/\/static.xx.fbcdn.net\/images\/emoji.php\/v9\/td2\/2\/16\/2714.png\"> 500 kr\/m\u00e5n i s\u00e4nkt skatt f\u00f6r dig som jobbar.<br><img loading=\"lazy\" decoding=\"async\" height=\"16\" width=\"16\" alt=\"\u2714\ufe0f\" src=\"https:\/\/static.xx.fbcdn.net\/images\/emoji.php\/v9\/td2\/2\/16\/2714.png\"> 500 kr\/m\u00e5n i s\u00e4nkt skatt f\u00f6r dig som har pension.<br><img loading=\"lazy\" decoding=\"async\" height=\"16\" width=\"16\" alt=\"\u2714\ufe0f\" src=\"https:\/\/static.xx.fbcdn.net\/images\/emoji.php\/v9\/td2\/2\/16\/2714.png\"> Jobbpremie f\u00f6r l\u00e5ngtidsarbetsl\u00f6sa f\u00f6r att fler ska g\u00e5 fr\u00e5n bidrag till arbete.<br><br>Det \u00e4r r\u00e4ttvist att den som jobbar och har jobbat f\u00e5r beh\u00e5lla mer i pl\u00e5nboken n\u00e4r skatten \u00e4r betald. Inte minst nu med skenande inflation och h\u00f6gre r\u00e4nta. Dessutom bidrar det till att fler f\u00e5r ett eget jobb och egen f\u00f6rs\u00f6rjning.<br><br>Sverige har idag EU:s fj\u00e4rde h\u00f6gsta arbetsl\u00f6shet och rekordh\u00f6g l\u00e5ngtidsarbetsl\u00f6shet. H\u00e4lften av alla utrikesf\u00f6dda i arbetsf\u00f6r \u00e5lder \u00e4r inte sj\u00e4lvf\u00f6rs\u00f6rjande. Det g\u00e5r att v\u00e4nda utvecklingen och f\u00e5 fler att f\u00f6rs\u00f6rja sig sj\u00e4lva. Det vinner alla p\u00e5.<\/p>\n","protected":false},"excerpt":{"rendered":"<p>R\u00f6sta p\u00e5 Moderaterna och f\u00f6r ett nytt jobbpaket. 500 kr\/m\u00e5n i s\u00e4nkt skatt f\u00f6r dig som jobbar. 500 kr\/m\u00e5n i s\u00e4nkt skatt f\u00f6r dig som har pension. Jobbpremie f\u00f6r l\u00e5ngtidsarbetsl\u00f6sa f\u00f6r att fler ska g\u00e5 fr\u00e5n bidrag till arbete. Det \u00e4r r\u00e4ttvist att den som jobbar och har jobbat f\u00e5r beh\u00e5lla mer i pl\u00e5nboken n\u00e4r [&hellip;]<\/p>\n","protected":false},"author":12,"featured_media":0,"comment_status":"closed","ping_status":"closed","sticky":false,"template":"","format":"standard","meta":{"_acf_changed":false,"_relevanssi_hide_post":"","_relevanssi_hide_content":"","_relevanssi_pin_for_all":"","_relevanssi_pin_keywords":"","_relevanssi_unpin_keywords":"","_relevanssi_related_keywords":"","_relevanssi_related_include_ids":"","_relevanssi_related_exclude_ids":"","_relevanssi_related_no_append":"","_relevanssi_related_not_related":"","_relevanssi_related_posts":"","_relevanssi_noindex_reason":"","footnotes":""},"categories":[1],"tags":[],"subject":[],"class_list":["post-1293","post","type-post","status-publish","format-standard","hentry","category-nyhet"],"acf":[],"publishpress_future_action":{"enabled":false,"date":"2026-05-09 09:29:44","action":"change-status","newStatus":"draft","terms":[],"taxonomy":"category"},"_links":{"self":[{"href":"https:\/\/moderaterna.se\/vasterbotten\/wp-json\/wp\/v2\/posts\/1293","targetHints":{"allow":["GET"]}}],"collection":[{"href":"https:\/\/moderaterna.se\/vasterbotten\/wp-json\/wp\/v2\/posts"}],"about":[{"href":"https:\/\/moderaterna.se\/vasterbotten\/wp-json\/wp\/v2\/types\/post"}],"author":[{"embeddable":true,"href":"https:\/\/moderaterna.se\/vasterbotten\/wp-json\/wp\/v2\/users\/12"}],"replies":[{"embeddable":true,"href":"https:\/\/moderaterna.se\/vasterbotten\/wp-json\/wp\/v2\/comments?post=1293"}],"version-history":[{"count":1,"href":"https:\/\/moderaterna.se\/vasterbotten\/wp-json\/wp\/v2\/posts\/1293\/revisions"}],"predecessor-version":[{"id":1294,"href":"https:\/\/moderaterna.se\/vasterbotten\/wp-json\/wp\/v2\/posts\/1293\/revisions\/1294"}],"wp:attachment":[{"href":"https:\/\/moderaterna.se\/vasterbotten\/wp-json\/wp\/v2\/media?parent=1293"}],"wp:term":[{"taxonomy":"category","embeddable":true,"href":"https:\/\/moderaterna.se\/vasterbotten\/wp-json\/wp\/v2\/categories?post=1293"},{"taxonomy":"post_tag","embeddable":true,"href":"https:\/\/moderaterna.se\/vasterbotten\/wp-json\/wp\/v2\/tags?post=1293"},{"taxonomy":"subject","embeddable":true,"href":"https:\/\/moderaterna.se\/vasterbotten\/wp-json\/wp\/v2\/subject?post=1293"}],"curies":[{"name":"wp","href":"https:\/\/api.w.org\/{rel}","templated":true}]}}