{"id":1284,"date":"2022-08-16T20:29:11","date_gmt":"2022-08-16T18:29:11","guid":{"rendered":"https:\/\/moderaterna.se\/vasterbotten\/?p=1284"},"modified":"2022-08-16T20:29:11","modified_gmt":"2022-08-16T18:29:11","slug":"nar-du-ar-sjuk-ska-du-fa-vard-inte-en-kolapp","status":"publish","type":"post","link":"https:\/\/moderaterna.se\/vasterbotten\/nyhet\/nar-du-ar-sjuk-ska-du-fa-vard-inte-en-kolapp\/","title":{"rendered":"N\u00c4R DU \u00c4R SJUK SKA DU F\u00c5 V\u00c5RD \u2013 INTE EN K\u00d6LAPP!"},"content":{"rendered":"\n<p>Den som \u00e4r sjuk har r\u00e4tt att snabbt f\u00e5 v\u00e5rd av h\u00f6g kvalitet. Att korta v\u00e5rdk\u00f6erna \u00e4r Moderaternas fr\u00e4msta fokus om vi vinner regionvalet i h\u00f6st.<\/p>\n\n\n\n<p>V\u00e5ra prioriterade satsningar f\u00f6r att korta k\u00f6erna och satsa p\u00e5 v\u00e5rdpersonalen:<br><img loading=\"lazy\" decoding=\"async\" height=\"16\" width=\"16\" alt=\"\u2705\" src=\"https:\/\/static.xx.fbcdn.net\/images\/emoji.php\/v9\/tb4\/2\/16\/2705.png\">&nbsp;L\u00e4nets l\u00e5nga v\u00e5rdk\u00f6er ska minskas med en prestationsbaserad satsning p\u00e5 100 miljoner kr!<br><img loading=\"lazy\" decoding=\"async\" height=\"16\" width=\"16\" alt=\"\u2705\" src=\"https:\/\/static.xx.fbcdn.net\/images\/emoji.php\/v9\/tb4\/2\/16\/2705.png\">&nbsp;En stor personalsatsning p\u00e5 70 miljoner som ska g\u00e5 till en ut\u00f6kad l\u00f6nepott, personalfond, fler karri\u00e4rv\u00e4gar samt f\u00f6rb\u00e4ttrad arbetsmilj\u00f6 p\u00e5 v\u00e5rdavdelningar med h\u00f6g v\u00e5rdtyngd. Dessutom kr\u00e4vs en fungerande individuell l\u00f6neutveckling som premierar yrkeskunnande och erfarenhet.<br><img loading=\"lazy\" decoding=\"async\" height=\"16\" width=\"16\" alt=\"\u2705\" src=\"https:\/\/static.xx.fbcdn.net\/images\/emoji.php\/v9\/tb4\/2\/16\/2705.png\">&nbsp;Mer resurser till BUP och inf\u00f6rande av v\u00e5rdval s\u00e5 fler akt\u00f6rer kan erbjuda v\u00e5rd ist\u00e4llet f\u00f6r en k\u00f6lapp till barn och unga som beh\u00f6ver hj\u00e4lp med psykisk oh\u00e4lsa.<\/p>\n\n\n\n<p>R\u00f6sta p\u00e5 Moderaterna. Vi tar sjukv\u00e5rdsfr\u00e5gorna p\u00e5 allvar!<\/p>\n","protected":false},"excerpt":{"rendered":"<p>Den som \u00e4r sjuk har r\u00e4tt att snabbt f\u00e5 v\u00e5rd av h\u00f6g kvalitet. Att korta v\u00e5rdk\u00f6erna \u00e4r Moderaternas fr\u00e4msta fokus om vi vinner regionvalet i h\u00f6st. V\u00e5ra prioriterade satsningar f\u00f6r att korta k\u00f6erna och satsa p\u00e5 v\u00e5rdpersonalen:&nbsp;L\u00e4nets l\u00e5nga v\u00e5rdk\u00f6er ska minskas med en prestationsbaserad satsning p\u00e5 100 miljoner kr!&nbsp;En stor personalsatsning p\u00e5 70 miljoner som [&hellip;]<\/p>\n","protected":false},"author":12,"featured_media":0,"comment_status":"closed","ping_status":"closed","sticky":false,"template":"","format":"standard","meta":{"_acf_changed":false,"_relevanssi_hide_post":"","_relevanssi_hide_content":"","_relevanssi_pin_for_all":"","_relevanssi_pin_keywords":"","_relevanssi_unpin_keywords":"","_relevanssi_related_keywords":"","_relevanssi_related_include_ids":"","_relevanssi_related_exclude_ids":"","_relevanssi_related_no_append":"","_relevanssi_related_not_related":"","_relevanssi_related_posts":"","_relevanssi_noindex_reason":"","footnotes":""},"categories":[1],"tags":[],"subject":[],"class_list":["post-1284","post","type-post","status-publish","format-standard","hentry","category-nyhet"],"acf":[],"publishpress_future_action":{"enabled":false,"date":"2026-05-09 09:22:48","action":"change-status","newStatus":"draft","terms":[],"taxonomy":"category"},"_links":{"self":[{"href":"https:\/\/moderaterna.se\/vasterbotten\/wp-json\/wp\/v2\/posts\/1284","targetHints":{"allow":["GET"]}}],"collection":[{"href":"https:\/\/moderaterna.se\/vasterbotten\/wp-json\/wp\/v2\/posts"}],"about":[{"href":"https:\/\/moderaterna.se\/vasterbotten\/wp-json\/wp\/v2\/types\/post"}],"author":[{"embeddable":true,"href":"https:\/\/moderaterna.se\/vasterbotten\/wp-json\/wp\/v2\/users\/12"}],"replies":[{"embeddable":true,"href":"https:\/\/moderaterna.se\/vasterbotten\/wp-json\/wp\/v2\/comments?post=1284"}],"version-history":[{"count":1,"href":"https:\/\/moderaterna.se\/vasterbotten\/wp-json\/wp\/v2\/posts\/1284\/revisions"}],"predecessor-version":[{"id":1285,"href":"https:\/\/moderaterna.se\/vasterbotten\/wp-json\/wp\/v2\/posts\/1284\/revisions\/1285"}],"wp:attachment":[{"href":"https:\/\/moderaterna.se\/vasterbotten\/wp-json\/wp\/v2\/media?parent=1284"}],"wp:term":[{"taxonomy":"category","embeddable":true,"href":"https:\/\/moderaterna.se\/vasterbotten\/wp-json\/wp\/v2\/categories?post=1284"},{"taxonomy":"post_tag","embeddable":true,"href":"https:\/\/moderaterna.se\/vasterbotten\/wp-json\/wp\/v2\/tags?post=1284"},{"taxonomy":"subject","embeddable":true,"href":"https:\/\/moderaterna.se\/vasterbotten\/wp-json\/wp\/v2\/subject?post=1284"}],"curies":[{"name":"wp","href":"https:\/\/api.w.org\/{rel}","templated":true}]}}