{"id":1273,"date":"2022-08-13T09:54:26","date_gmt":"2022-08-13T07:54:26","guid":{"rendered":"https:\/\/moderaterna.se\/vasterbotten\/?p=1273"},"modified":"2022-08-13T09:54:27","modified_gmt":"2022-08-13T07:54:27","slug":"tryggheten-ska-oka-brottsligheten-ska-minska","status":"publish","type":"post","link":"https:\/\/moderaterna.se\/vasterbotten\/nyhet\/tryggheten-ska-oka-brottsligheten-ska-minska\/","title":{"rendered":"TRYGGHETEN SKA \u00d6KA \u2013 BROTTSLIGHETEN SKA MINSKA!"},"content":{"rendered":"\n<p>Skellefte\u00e5 har historiskt varit en trygg kommun, men de senaste \u00e5ren har otrygghet \u00f6kat. Vi har sett flera medialt uppm\u00e4rksammade grova brott, skjutningar p\u00e5 \u00f6ppen gata i Boliden, \u00f6ppen droghandel och att det uppst\u00e5tt social oro p\u00e5 olika platser.<\/p>\n\n\n\n<p>Unders\u00f6kningar visar att n\u00e4stan h\u00e4lften av Skellefte\u00e5s tjejer, i grundskolans \u00e5rskurs 9 och \u00e5rskurs 2 p\u00e5 gymnasiet, k\u00e4nner sig otrygga. Det \u00e4r den h\u00f6gsta uppm\u00e4tta siffran n\u00e5gonsin och bekr\u00e4ftar att otryggheten bitit sig fast p\u00e5 stadigt h\u00f6ga niv\u00e5er.<\/p>\n\n\n\n<p>Till skillnad fr\u00e5n de styrande Socialdemokraterna tar Moderaterna denna negativa utveckling p\u00e5 stort allvar. Vi vill bland annat:<\/p>\n\n\n\n<ul class=\"wp-block-list\"><li>St\u00e4rka r\u00e4ttsv\u00e4sendet med pengar och fler verktyg<\/li><li>Se till att det finns fler poliser p\u00e5 gator och torg \u2013 10 000 fler polisanst\u00e4llda till \u00e5r 2024<\/li><li>Inf\u00f6ra sk\u00e4rpta straff och genomf\u00f6ra \u00e5tg\u00e4rder mot ungdomsbrottslighet<\/li><li>Satsa mer skolan, s\u00e5 att eleverna ges m\u00f6jlighet att klara kunskapskraven och f\u00e5r en bra start i livet<\/li><li>S\u00e4kerst\u00e4lla att skolan \u00e4r en trygg och drogfri milj\u00f6, exempelvis med slumpvisa drogtester, inpasseringskort och vid behov rondering av narkotikahundar<\/li><li>Satsa p\u00e5 socialtj\u00e4nstens f\u00e4ltverksamhet och kampen mot drogerna<\/li><li>S\u00e4tta upp trygghetskameror p\u00e5 brottsutsatta platser<\/li><li>Satsa p\u00e5 fler kommunala ordningsvakter<\/li><li>Investera i belysning, s\u00e5 att det lyser d\u00e4r m\u00e4nniskor bor<\/li><li>Sanera klotter vid uppt\u00e4ckt<\/li><li>Bygga bort platser som upplevs otrygga<\/li><li>Inr\u00e4tta ambulerande trygghetscenter d\u00e4r kommunen, polis och r\u00e4ddningstj\u00e4nst ska samverka f\u00f6r att motverka akut social oro i samh\u00e4llet<\/li><\/ul>\n\n\n\n<p>Moderaterna \u00e4r det politiska alternativet f\u00f6r alla som vill ha trygghet, lag och ordning i Sverige, V\u00e4sterbotten och Skellefte\u00e5.<\/p>\n\n\n\n<p>En r\u00f6st p\u00e5 Moderaterna \u00e4r en r\u00f6st f\u00f6r trygghet!<\/p>\n","protected":false},"excerpt":{"rendered":"<p>Skellefte\u00e5 har historiskt varit en trygg kommun, men de senaste \u00e5ren har otrygghet \u00f6kat. Vi har sett flera medialt uppm\u00e4rksammade grova brott, skjutningar p\u00e5 \u00f6ppen gata i Boliden, \u00f6ppen droghandel och att det uppst\u00e5tt social oro p\u00e5 olika platser. Unders\u00f6kningar visar att n\u00e4stan h\u00e4lften av Skellefte\u00e5s tjejer, i grundskolans \u00e5rskurs 9 och \u00e5rskurs 2 p\u00e5 [&hellip;]<\/p>\n","protected":false},"author":12,"featured_media":0,"comment_status":"closed","ping_status":"closed","sticky":false,"template":"","format":"standard","meta":{"_acf_changed":false,"_relevanssi_hide_post":"","_relevanssi_hide_content":"","_relevanssi_pin_for_all":"","_relevanssi_pin_keywords":"","_relevanssi_unpin_keywords":"","_relevanssi_related_keywords":"","_relevanssi_related_include_ids":"","_relevanssi_related_exclude_ids":"","_relevanssi_related_no_append":"","_relevanssi_related_not_related":"","_relevanssi_related_posts":"","_relevanssi_noindex_reason":"","footnotes":""},"categories":[1],"tags":[],"subject":[],"class_list":["post-1273","post","type-post","status-publish","format-standard","hentry","category-nyhet"],"acf":[],"publishpress_future_action":{"enabled":false,"date":"2026-05-09 09:29:16","action":"change-status","newStatus":"draft","terms":[],"taxonomy":"category"},"_links":{"self":[{"href":"https:\/\/moderaterna.se\/vasterbotten\/wp-json\/wp\/v2\/posts\/1273","targetHints":{"allow":["GET"]}}],"collection":[{"href":"https:\/\/moderaterna.se\/vasterbotten\/wp-json\/wp\/v2\/posts"}],"about":[{"href":"https:\/\/moderaterna.se\/vasterbotten\/wp-json\/wp\/v2\/types\/post"}],"author":[{"embeddable":true,"href":"https:\/\/moderaterna.se\/vasterbotten\/wp-json\/wp\/v2\/users\/12"}],"replies":[{"embeddable":true,"href":"https:\/\/moderaterna.se\/vasterbotten\/wp-json\/wp\/v2\/comments?post=1273"}],"version-history":[{"count":1,"href":"https:\/\/moderaterna.se\/vasterbotten\/wp-json\/wp\/v2\/posts\/1273\/revisions"}],"predecessor-version":[{"id":1274,"href":"https:\/\/moderaterna.se\/vasterbotten\/wp-json\/wp\/v2\/posts\/1273\/revisions\/1274"}],"wp:attachment":[{"href":"https:\/\/moderaterna.se\/vasterbotten\/wp-json\/wp\/v2\/media?parent=1273"}],"wp:term":[{"taxonomy":"category","embeddable":true,"href":"https:\/\/moderaterna.se\/vasterbotten\/wp-json\/wp\/v2\/categories?post=1273"},{"taxonomy":"post_tag","embeddable":true,"href":"https:\/\/moderaterna.se\/vasterbotten\/wp-json\/wp\/v2\/tags?post=1273"},{"taxonomy":"subject","embeddable":true,"href":"https:\/\/moderaterna.se\/vasterbotten\/wp-json\/wp\/v2\/subject?post=1273"}],"curies":[{"name":"wp","href":"https:\/\/api.w.org\/{rel}","templated":true}]}}