{"id":1250,"date":"2022-07-11T17:01:37","date_gmt":"2022-07-11T15:01:37","guid":{"rendered":"https:\/\/moderaterna.se\/vasterbotten\/?p=1250"},"modified":"2022-07-11T17:01:37","modified_gmt":"2022-07-11T15:01:37","slug":"oka-tryggheten-minska-brottsligheten","status":"publish","type":"post","link":"https:\/\/moderaterna.se\/vasterbotten\/nyhet\/oka-tryggheten-minska-brottsligheten\/","title":{"rendered":"\u00d6KA TRYGGHETEN &#8211; MINSKA BROTTSLIGHETEN!"},"content":{"rendered":"\n<p>Moderaterna \u00e4r partiet f\u00f6r lag och ordning. Vi har f\u00f6rslagen f\u00f6r att f\u00e5 ordning p\u00e5 Sverige \u2013 f\u00f6r att \u00e5teruppr\u00e4tta tryggheten och bek\u00e4mpa brottsligheten. Bland v\u00e5ra f\u00f6rslag, s\u00e5v\u00e4l nationella som lokala:<br><br><img loading=\"lazy\" decoding=\"async\" height=\"16\" width=\"16\" alt=\"\u2705\" src=\"https:\/\/static.xx.fbcdn.net\/images\/emoji.php\/v9\/tb4\/2\/16\/2705.png\">  St\u00e4rk r\u00e4ttsv\u00e4sendet med pengar och fler verktyg<br><img loading=\"lazy\" decoding=\"async\" height=\"16\" width=\"16\" alt=\"\u2705\" src=\"https:\/\/static.xx.fbcdn.net\/images\/emoji.php\/v9\/tb4\/2\/16\/2705.png\"> Se till att det finns fler poliser p\u00e5 gator och torg<br><img loading=\"lazy\" decoding=\"async\" height=\"16\" width=\"16\" alt=\"\u2705\" src=\"https:\/\/static.xx.fbcdn.net\/images\/emoji.php\/v9\/tb4\/2\/16\/2705.png\"> Utvisa utl\u00e4ndska brottslingar<br><img loading=\"lazy\" decoding=\"async\" height=\"16\" width=\"16\" alt=\"\u2705\" src=\"https:\/\/static.xx.fbcdn.net\/images\/emoji.php\/v9\/tb4\/2\/16\/2705.png\"> H\u00e5rdare straff: dubbla straff f\u00f6r g\u00e4ngkriminella, slopad m\u00e4ngdrabatt och slopad ungdomsrabatt<br><img loading=\"lazy\" decoding=\"async\" height=\"16\" width=\"16\" alt=\"\u2705\" src=\"https:\/\/static.xx.fbcdn.net\/images\/emoji.php\/v9\/tb4\/2\/16\/2705.png\"> Satsa mer p\u00e5 skolan, s\u00e5 att eleverna ges m\u00f6jlighet att klara kunskapskraven och f\u00e5r en bra start i livet<br><img loading=\"lazy\" decoding=\"async\" height=\"16\" width=\"16\" alt=\"\u2705\" src=\"https:\/\/static.xx.fbcdn.net\/images\/emoji.php\/v9\/tb4\/2\/16\/2705.png\"> S\u00e4kerst\u00e4lla att skolan \u00e4r en trygg och drogfri milj\u00f6, exempelvis med slumpvisa drogtester och vid behov rondering med narkotikahundar<br><img loading=\"lazy\" decoding=\"async\" height=\"16\" width=\"16\" alt=\"\u2705\" src=\"https:\/\/static.xx.fbcdn.net\/images\/emoji.php\/v9\/tb4\/2\/16\/2705.png\"> Alla brott p\u00e5 skoltid eller i anslutning till skoldagen m\u00e5ste polisanm\u00e4las, vilket tyv\u00e4rr inte sker idag.<br><img loading=\"lazy\" decoding=\"async\" height=\"16\" width=\"16\" alt=\"\u2705\" src=\"https:\/\/static.xx.fbcdn.net\/images\/emoji.php\/v9\/tb4\/2\/16\/2705.png\"> S\u00e4tta upp bevakningskameror p\u00e5 brottsutsatta platser<br><img loading=\"lazy\" decoding=\"async\" height=\"16\" width=\"16\" alt=\"\u2705\" src=\"https:\/\/static.xx.fbcdn.net\/images\/emoji.php\/v9\/tb4\/2\/16\/2705.png\"> Anlita ordningsvakter som ska arbeta trygghetsskapande runt om i kommunen.<br><img loading=\"lazy\" decoding=\"async\" height=\"16\" width=\"16\" alt=\"\u2705\" src=\"https:\/\/static.xx.fbcdn.net\/images\/emoji.php\/v9\/tb4\/2\/16\/2705.png\"> Fortsatta satsningar p\u00e5 ett brett f\u00f6rebyggande arbete i kommunen<br><img loading=\"lazy\" decoding=\"async\" height=\"16\" width=\"16\" alt=\"\u2705\" src=\"https:\/\/static.xx.fbcdn.net\/images\/emoji.php\/v9\/tb4\/2\/16\/2705.png\"> S\u00e4kerst\u00e4lla en god belysning utmed g\u00e5ng- och cykelv\u00e4gar samt i kommunens parker.<\/p>\n","protected":false},"excerpt":{"rendered":"<p>Moderaterna \u00e4r partiet f\u00f6r lag och ordning. Vi har f\u00f6rslagen f\u00f6r att f\u00e5 ordning p\u00e5 Sverige \u2013 f\u00f6r att \u00e5teruppr\u00e4tta tryggheten och bek\u00e4mpa brottsligheten. Bland v\u00e5ra f\u00f6rslag, s\u00e5v\u00e4l nationella som lokala: St\u00e4rk r\u00e4ttsv\u00e4sendet med pengar och fler verktyg Se till att det finns fler poliser p\u00e5 gator och torg Utvisa utl\u00e4ndska brottslingar H\u00e5rdare straff: dubbla [&hellip;]<\/p>\n","protected":false},"author":12,"featured_media":0,"comment_status":"closed","ping_status":"closed","sticky":false,"template":"","format":"standard","meta":{"_acf_changed":false,"_relevanssi_hide_post":"","_relevanssi_hide_content":"","_relevanssi_pin_for_all":"","_relevanssi_pin_keywords":"","_relevanssi_unpin_keywords":"","_relevanssi_related_keywords":"","_relevanssi_related_include_ids":"","_relevanssi_related_exclude_ids":"","_relevanssi_related_no_append":"","_relevanssi_related_not_related":"","_relevanssi_related_posts":"","_relevanssi_noindex_reason":"","footnotes":""},"categories":[1],"tags":[],"subject":[],"class_list":["post-1250","post","type-post","status-publish","format-standard","hentry","category-nyhet"],"acf":[],"publishpress_future_action":{"enabled":false,"date":"2026-05-09 09:31:07","action":"change-status","newStatus":"draft","terms":[],"taxonomy":"category"},"_links":{"self":[{"href":"https:\/\/moderaterna.se\/vasterbotten\/wp-json\/wp\/v2\/posts\/1250","targetHints":{"allow":["GET"]}}],"collection":[{"href":"https:\/\/moderaterna.se\/vasterbotten\/wp-json\/wp\/v2\/posts"}],"about":[{"href":"https:\/\/moderaterna.se\/vasterbotten\/wp-json\/wp\/v2\/types\/post"}],"author":[{"embeddable":true,"href":"https:\/\/moderaterna.se\/vasterbotten\/wp-json\/wp\/v2\/users\/12"}],"replies":[{"embeddable":true,"href":"https:\/\/moderaterna.se\/vasterbotten\/wp-json\/wp\/v2\/comments?post=1250"}],"version-history":[{"count":3,"href":"https:\/\/moderaterna.se\/vasterbotten\/wp-json\/wp\/v2\/posts\/1250\/revisions"}],"predecessor-version":[{"id":1283,"href":"https:\/\/moderaterna.se\/vasterbotten\/wp-json\/wp\/v2\/posts\/1250\/revisions\/1283"}],"wp:attachment":[{"href":"https:\/\/moderaterna.se\/vasterbotten\/wp-json\/wp\/v2\/media?parent=1250"}],"wp:term":[{"taxonomy":"category","embeddable":true,"href":"https:\/\/moderaterna.se\/vasterbotten\/wp-json\/wp\/v2\/categories?post=1250"},{"taxonomy":"post_tag","embeddable":true,"href":"https:\/\/moderaterna.se\/vasterbotten\/wp-json\/wp\/v2\/tags?post=1250"},{"taxonomy":"subject","embeddable":true,"href":"https:\/\/moderaterna.se\/vasterbotten\/wp-json\/wp\/v2\/subject?post=1250"}],"curies":[{"name":"wp","href":"https:\/\/api.w.org\/{rel}","templated":true}]}}