{"id":1245,"date":"2022-07-11T16:58:36","date_gmt":"2022-07-11T14:58:36","guid":{"rendered":"https:\/\/moderaterna.se\/vasterbotten\/?p=1245"},"modified":"2022-07-11T16:58:37","modified_gmt":"2022-07-11T14:58:37","slug":"ett-nytt-ledarskap-for-skelleftea","status":"publish","type":"post","link":"https:\/\/moderaterna.se\/vasterbotten\/nyhet\/ett-nytt-ledarskap-for-skelleftea\/","title":{"rendered":"Ett nytt ledarskap f\u00f6r Skellefte\u00e5"},"content":{"rendered":"\n<p>Skellefte\u00e5 beh\u00f6ver ett nytt politiskt ledarskap som garanterar en trygg v\u00e4lf\u00e4rd, fler bost\u00e4der i hela kommunen och ett bra f\u00f6retagsklimat n\u00e4r Skellefte\u00e5 v\u00e4xer. Vi \u00e4r redo att g\u00f6ra tydliga prioriteringar f\u00f6r att du som bor och verkar i Skellefte\u00e5 ska vara s\u00e4ker p\u00e5 att f\u00e5 det du har r\u00e4tt till som kommuninv\u00e5nare. Tillv\u00e4xten ska komma b\u00e5de staden och landsbygden till del.&nbsp;<\/p>\n\n\n\n<p><strong>Moderaterna i Skellefte\u00e5 kommer satsa p\u00e5:<\/strong>&nbsp;<\/p>\n\n\n\n<ul class=\"wp-block-list\"><li><strong>Utbildning och barnomsorg:<\/strong> Mer resurser och fler pedagoger\/vuxna till f\u00f6rskolorna och skolorna. Barngrupperna ska bli mindre.&nbsp;<\/li><li><strong>Trygghet:<\/strong> Krafttag mot drogmissbruk, kriminalitet och missbruk av socialbidrag.&nbsp;&nbsp;<\/li><li><strong>F\u00f6retagsklimatet:<\/strong> Mindre konkurrens fr\u00e5n kommunen och korta handl\u00e4ggningstider.&nbsp;<\/li><li><strong>Bost\u00e4der:<\/strong> B\u00e4ttre f\u00f6ruts\u00e4ttningar f\u00f6r mer byggande av s\u00e5v\u00e4l sm\u00e5hus, bostadsr\u00e4tter som hyresl\u00e4genheter.&nbsp;<\/li><li><strong>S\u00e4nkt kommunalskatt:<\/strong> Det ska bli mer l\u00f6nsamt att jobba och mer attraktivt att flytta till Skellefte\u00e5 genom l\u00e4gre skatt och mindre byr\u00e5krati.&nbsp;<\/li><\/ul>\n","protected":false},"excerpt":{"rendered":"<p>Skellefte\u00e5 beh\u00f6ver ett nytt politiskt ledarskap som garanterar en trygg v\u00e4lf\u00e4rd, fler bost\u00e4der i hela kommunen och ett bra f\u00f6retagsklimat n\u00e4r Skellefte\u00e5 v\u00e4xer. Vi \u00e4r redo att g\u00f6ra tydliga prioriteringar f\u00f6r att du som bor och verkar i Skellefte\u00e5 ska vara s\u00e4ker p\u00e5 att f\u00e5 det du har r\u00e4tt till som kommuninv\u00e5nare. Tillv\u00e4xten ska komma [&hellip;]<\/p>\n","protected":false},"author":12,"featured_media":0,"comment_status":"closed","ping_status":"closed","sticky":false,"template":"","format":"standard","meta":{"_acf_changed":false,"_relevanssi_hide_post":"","_relevanssi_hide_content":"","_relevanssi_pin_for_all":"","_relevanssi_pin_keywords":"","_relevanssi_unpin_keywords":"","_relevanssi_related_keywords":"","_relevanssi_related_include_ids":"","_relevanssi_related_exclude_ids":"","_relevanssi_related_no_append":"","_relevanssi_related_not_related":"","_relevanssi_related_posts":"","_relevanssi_noindex_reason":"","footnotes":""},"categories":[1],"tags":[],"subject":[],"class_list":["post-1245","post","type-post","status-publish","format-standard","hentry","category-nyhet"],"acf":[],"publishpress_future_action":{"enabled":false,"date":"2026-05-09 09:18:37","action":"change-status","newStatus":"draft","terms":[],"taxonomy":"category"},"_links":{"self":[{"href":"https:\/\/moderaterna.se\/vasterbotten\/wp-json\/wp\/v2\/posts\/1245","targetHints":{"allow":["GET"]}}],"collection":[{"href":"https:\/\/moderaterna.se\/vasterbotten\/wp-json\/wp\/v2\/posts"}],"about":[{"href":"https:\/\/moderaterna.se\/vasterbotten\/wp-json\/wp\/v2\/types\/post"}],"author":[{"embeddable":true,"href":"https:\/\/moderaterna.se\/vasterbotten\/wp-json\/wp\/v2\/users\/12"}],"replies":[{"embeddable":true,"href":"https:\/\/moderaterna.se\/vasterbotten\/wp-json\/wp\/v2\/comments?post=1245"}],"version-history":[{"count":4,"href":"https:\/\/moderaterna.se\/vasterbotten\/wp-json\/wp\/v2\/posts\/1245\/revisions"}],"predecessor-version":[{"id":1275,"href":"https:\/\/moderaterna.se\/vasterbotten\/wp-json\/wp\/v2\/posts\/1245\/revisions\/1275"}],"wp:attachment":[{"href":"https:\/\/moderaterna.se\/vasterbotten\/wp-json\/wp\/v2\/media?parent=1245"}],"wp:term":[{"taxonomy":"category","embeddable":true,"href":"https:\/\/moderaterna.se\/vasterbotten\/wp-json\/wp\/v2\/categories?post=1245"},{"taxonomy":"post_tag","embeddable":true,"href":"https:\/\/moderaterna.se\/vasterbotten\/wp-json\/wp\/v2\/tags?post=1245"},{"taxonomy":"subject","embeddable":true,"href":"https:\/\/moderaterna.se\/vasterbotten\/wp-json\/wp\/v2\/subject?post=1245"}],"curies":[{"name":"wp","href":"https:\/\/api.w.org\/{rel}","templated":true}]}}