{"id":1235,"date":"2022-07-05T08:56:49","date_gmt":"2022-07-05T06:56:49","guid":{"rendered":"https:\/\/moderaterna.se\/vasterbotten\/?p=1235"},"modified":"2022-07-05T08:56:50","modified_gmt":"2022-07-05T06:56:50","slug":"satsa-pa-personalen-och-infor-valfrihet-inom-aldreomsorgen","status":"publish","type":"post","link":"https:\/\/moderaterna.se\/vasterbotten\/nyhet\/satsa-pa-personalen-och-infor-valfrihet-inom-aldreomsorgen\/","title":{"rendered":"Satsa p\u00e5 personalen och inf\u00f6r valfrihet inom \u00e4ldreomsorgen!"},"content":{"rendered":"\n<p><strong><u>Tre moderata f\u00f6rslag f\u00f6r Robertsfors kommun:<\/u><\/strong><\/p>\n\n\n\n<p>Det ska finnas valfrihet att v\u00e4lja boende n\u00e4r man blir gammal och ensam och inte som nu tvingas bo kvar hemma i st\u00e4llet f\u00f6r ett gemensamhetsboende.<\/p>\n\n\n\n<p>Inf\u00f6ra krav p\u00e5 l\u00e4s och skriv kunskap p\u00e5 svenska inom \u00e4ldrev\u00e5rden.<\/p>\n\n\n\n<p>Satsa p\u00e5 den rutinerade och inarbetade personalen som jobbat l\u00e4nge och anv\u00e4nd dem som mentorer att l\u00e4ra upp ny personal.<\/p>\n","protected":false},"excerpt":{"rendered":"<p>Tre moderata f\u00f6rslag f\u00f6r Robertsfors kommun: Det ska finnas valfrihet att v\u00e4lja boende n\u00e4r man blir gammal och ensam och inte som nu tvingas bo kvar hemma i st\u00e4llet f\u00f6r ett gemensamhetsboende. Inf\u00f6ra krav p\u00e5 l\u00e4s och skriv kunskap p\u00e5 svenska inom \u00e4ldrev\u00e5rden. Satsa p\u00e5 den rutinerade och inarbetade personalen som jobbat l\u00e4nge och anv\u00e4nd [&hellip;]<\/p>\n","protected":false},"author":12,"featured_media":0,"comment_status":"closed","ping_status":"closed","sticky":false,"template":"","format":"standard","meta":{"_acf_changed":false,"_relevanssi_hide_post":"","_relevanssi_hide_content":"","_relevanssi_pin_for_all":"","_relevanssi_pin_keywords":"","_relevanssi_unpin_keywords":"","_relevanssi_related_keywords":"","_relevanssi_related_include_ids":"","_relevanssi_related_exclude_ids":"","_relevanssi_related_no_append":"","_relevanssi_related_not_related":"","_relevanssi_related_posts":"","_relevanssi_noindex_reason":"","footnotes":""},"categories":[1],"tags":[],"subject":[],"class_list":["post-1235","post","type-post","status-publish","format-standard","hentry","category-nyhet"],"acf":[],"publishpress_future_action":{"enabled":false,"date":"2026-05-09 09:30:30","action":"change-status","newStatus":"draft","terms":[],"taxonomy":"category"},"_links":{"self":[{"href":"https:\/\/moderaterna.se\/vasterbotten\/wp-json\/wp\/v2\/posts\/1235","targetHints":{"allow":["GET"]}}],"collection":[{"href":"https:\/\/moderaterna.se\/vasterbotten\/wp-json\/wp\/v2\/posts"}],"about":[{"href":"https:\/\/moderaterna.se\/vasterbotten\/wp-json\/wp\/v2\/types\/post"}],"author":[{"embeddable":true,"href":"https:\/\/moderaterna.se\/vasterbotten\/wp-json\/wp\/v2\/users\/12"}],"replies":[{"embeddable":true,"href":"https:\/\/moderaterna.se\/vasterbotten\/wp-json\/wp\/v2\/comments?post=1235"}],"version-history":[{"count":1,"href":"https:\/\/moderaterna.se\/vasterbotten\/wp-json\/wp\/v2\/posts\/1235\/revisions"}],"predecessor-version":[{"id":1236,"href":"https:\/\/moderaterna.se\/vasterbotten\/wp-json\/wp\/v2\/posts\/1235\/revisions\/1236"}],"wp:attachment":[{"href":"https:\/\/moderaterna.se\/vasterbotten\/wp-json\/wp\/v2\/media?parent=1235"}],"wp:term":[{"taxonomy":"category","embeddable":true,"href":"https:\/\/moderaterna.se\/vasterbotten\/wp-json\/wp\/v2\/categories?post=1235"},{"taxonomy":"post_tag","embeddable":true,"href":"https:\/\/moderaterna.se\/vasterbotten\/wp-json\/wp\/v2\/tags?post=1235"},{"taxonomy":"subject","embeddable":true,"href":"https:\/\/moderaterna.se\/vasterbotten\/wp-json\/wp\/v2\/subject?post=1235"}],"curies":[{"name":"wp","href":"https:\/\/api.w.org\/{rel}","templated":true}]}}