{"id":1218,"date":"2022-06-01T13:37:40","date_gmt":"2022-06-01T11:37:40","guid":{"rendered":"https:\/\/moderaterna.se\/vasterbotten\/?p=1218"},"modified":"2022-06-01T13:37:40","modified_gmt":"2022-06-01T11:37:40","slug":"korta-vardkoerna-kommer-vara-var-framsta-prioritet-om-vi-vinner-regionvalet-i-host","status":"publish","type":"post","link":"https:\/\/moderaterna.se\/vasterbotten\/nyhet\/korta-vardkoerna-kommer-vara-var-framsta-prioritet-om-vi-vinner-regionvalet-i-host\/","title":{"rendered":"KORTA V\u00c5RDK\u00d6ERNA KOMMER VARA V\u00c5R FR\u00c4MSTA PRIORITET OM VI VINNER REGIONVALET I H\u00d6ST"},"content":{"rendered":"\n<p><br><br><img loading=\"lazy\" decoding=\"async\" height=\"16\" width=\"16\" alt=\"\u2705\" src=\"https:\/\/static.xx.fbcdn.net\/images\/emoji.php\/v9\/tb4\/2\/16\/2705.png\"> Att korta v\u00e5rdk\u00f6erna \u00e4r v\u00e5r fr\u00e4msta prioritet om vi vinner regionvalet i h\u00f6st. Men d\u00e5 beh\u00f6vs en ny politik som v\u00e5gar sk\u00e4ra ned p\u00e5 administration f\u00f6r att kunna satsa p\u00e5 sjukv\u00e5rden och v\u00e5rdpersonalen f\u00f6r att kunna korta k\u00f6erna!<br><br><img loading=\"lazy\" decoding=\"async\" height=\"16\" width=\"16\" alt=\"\ud83d\udc49\" src=\"https:\/\/static.xx.fbcdn.net\/images\/emoji.php\/v9\/tf0\/2\/16\/1f449.png\"> V\u00e5rden \u00e4r till f\u00f6r v\u00e5ra patienter inte f\u00f6r regionens byr\u00e5krater. Den regionala \u00f6vergripande byr\u00e5kratin i Region V\u00e4sterbotten har under \u00e5ren sv\u00e4llt ut kraftigt. Sedan 2018 har administrationen \u00f6kat med n\u00e4stan 20 % medan antalet sjuksk\u00f6terskor bara med 1,3 %. <br><br>D\u00e4rtill har v\u00e5rdplatserna minskat med 9 % och m\u00e4ngden chefer \u00f6kat med samma siffra.V\u00e5ra prioriterade satsningar f\u00f6r att korta k\u00f6erna:<br><br><img loading=\"lazy\" decoding=\"async\" height=\"16\" width=\"16\" alt=\"\u2705\" src=\"https:\/\/static.xx.fbcdn.net\/images\/emoji.php\/v9\/tb4\/2\/16\/2705.png\"> L\u00e4nets l\u00e5nga v\u00e5rdk\u00f6er ska minskas med en prestationsbaserad satsning p\u00e5 100 miljoner kr!<br><img loading=\"lazy\" decoding=\"async\" height=\"16\" width=\"16\" alt=\"\u2705\" src=\"https:\/\/static.xx.fbcdn.net\/images\/emoji.php\/v9\/tb4\/2\/16\/2705.png\"> En stor personalsatsning p\u00e5 70 miljoner som ska g\u00e5 till en ut\u00f6kad l\u00f6nepott, personalfond, karri\u00e4rv\u00e4gar samt f\u00f6rb\u00e4ttrad arbetsmilj\u00f6 p\u00e5 v\u00e5rdavdelningar med h\u00f6g v\u00e5rdtyngd!<br><img loading=\"lazy\" decoding=\"async\" height=\"16\" width=\"16\" alt=\"\u2705\" src=\"https:\/\/static.xx.fbcdn.net\/images\/emoji.php\/v9\/tb4\/2\/16\/2705.png\"> Mer resurser till BUP och inf\u00f6rande av v\u00e5rdval s\u00e5 fler akt\u00f6rer kan erbjuda v\u00e5rd ist\u00e4llet f\u00f6r en k\u00f6lapp till barn och unga som beh\u00f6ver hj\u00e4lp med psykisk oh\u00e4lsa.<\/p>\n","protected":false},"excerpt":{"rendered":"<p>Att korta v\u00e5rdk\u00f6erna \u00e4r v\u00e5r fr\u00e4msta prioritet om vi vinner regionvalet i h\u00f6st. Men d\u00e5 beh\u00f6vs en ny politik som v\u00e5gar sk\u00e4ra ned p\u00e5 administration f\u00f6r att kunna satsa p\u00e5 sjukv\u00e5rden och v\u00e5rdpersonalen f\u00f6r att kunna korta k\u00f6erna! V\u00e5rden \u00e4r till f\u00f6r v\u00e5ra patienter inte f\u00f6r regionens byr\u00e5krater. Den regionala \u00f6vergripande byr\u00e5kratin i Region V\u00e4sterbotten [&hellip;]<\/p>\n","protected":false},"author":12,"featured_media":0,"comment_status":"closed","ping_status":"closed","sticky":false,"template":"","format":"standard","meta":{"_acf_changed":false,"_relevanssi_hide_post":"","_relevanssi_hide_content":"","_relevanssi_pin_for_all":"","_relevanssi_pin_keywords":"","_relevanssi_unpin_keywords":"","_relevanssi_related_keywords":"","_relevanssi_related_include_ids":"","_relevanssi_related_exclude_ids":"","_relevanssi_related_no_append":"","_relevanssi_related_not_related":"","_relevanssi_related_posts":"","_relevanssi_noindex_reason":"","footnotes":""},"categories":[1],"tags":[],"subject":[],"class_list":["post-1218","post","type-post","status-publish","format-standard","hentry","category-nyhet"],"acf":[],"publishpress_future_action":{"enabled":false,"date":"2026-05-09 09:30:46","action":"change-status","newStatus":"draft","terms":[],"taxonomy":"category"},"_links":{"self":[{"href":"https:\/\/moderaterna.se\/vasterbotten\/wp-json\/wp\/v2\/posts\/1218","targetHints":{"allow":["GET"]}}],"collection":[{"href":"https:\/\/moderaterna.se\/vasterbotten\/wp-json\/wp\/v2\/posts"}],"about":[{"href":"https:\/\/moderaterna.se\/vasterbotten\/wp-json\/wp\/v2\/types\/post"}],"author":[{"embeddable":true,"href":"https:\/\/moderaterna.se\/vasterbotten\/wp-json\/wp\/v2\/users\/12"}],"replies":[{"embeddable":true,"href":"https:\/\/moderaterna.se\/vasterbotten\/wp-json\/wp\/v2\/comments?post=1218"}],"version-history":[{"count":1,"href":"https:\/\/moderaterna.se\/vasterbotten\/wp-json\/wp\/v2\/posts\/1218\/revisions"}],"predecessor-version":[{"id":1220,"href":"https:\/\/moderaterna.se\/vasterbotten\/wp-json\/wp\/v2\/posts\/1218\/revisions\/1220"}],"wp:attachment":[{"href":"https:\/\/moderaterna.se\/vasterbotten\/wp-json\/wp\/v2\/media?parent=1218"}],"wp:term":[{"taxonomy":"category","embeddable":true,"href":"https:\/\/moderaterna.se\/vasterbotten\/wp-json\/wp\/v2\/categories?post=1218"},{"taxonomy":"post_tag","embeddable":true,"href":"https:\/\/moderaterna.se\/vasterbotten\/wp-json\/wp\/v2\/tags?post=1218"},{"taxonomy":"subject","embeddable":true,"href":"https:\/\/moderaterna.se\/vasterbotten\/wp-json\/wp\/v2\/subject?post=1218"}],"curies":[{"name":"wp","href":"https:\/\/api.w.org\/{rel}","templated":true}]}}