{"id":1209,"date":"2022-02-24T16:31:48","date_gmt":"2022-02-24T15:31:48","guid":{"rendered":"https:\/\/moderaterna.se\/vasterbotten\/?p=1209"},"modified":"2022-02-24T16:31:49","modified_gmt":"2022-02-24T15:31:49","slug":"bygg-mer-karnkraft-radda-klimatet-och-sank-elpriset","status":"publish","type":"post","link":"https:\/\/moderaterna.se\/vasterbotten\/nyhet\/bygg-mer-karnkraft-radda-klimatet-och-sank-elpriset\/","title":{"rendered":"Bygg mer k\u00e4rnkraft &#8211; r\u00e4dda klimatet och s\u00e4nk elpriset"},"content":{"rendered":"\n<p><img loading=\"lazy\" decoding=\"async\" height=\"16\" width=\"16\" alt=\"\ud83d\udc49\" src=\"https:\/\/static.xx.fbcdn.net\/images\/emoji.php\/v9\/tf0\/2\/16\/1f449.png\"> Moderaterna, Kristdemokraterna, Liberalerna och Sverigedemokraterna \u00e4r \u00f6verens: de f\u00f6rsta hundra dagarna kommer en borgerlig regering att p\u00e5b\u00f6rja arbetet f\u00f6r att trygga och bygga ut k\u00e4rnkraften i Sverige.3 sk\u00e4l att bygga ny k\u00e4rnkraft:<br><br><img loading=\"lazy\" decoding=\"async\" height=\"16\" width=\"16\" alt=\"1\ufe0f\u20e3\" src=\"https:\/\/static.xx.fbcdn.net\/images\/emoji.php\/v9\/t59\/2\/16\/31_20e3.png\"> K\u00e4rnkraft inneb\u00e4r billig el till hush\u00e5ll och f\u00f6retag.<br><img loading=\"lazy\" decoding=\"async\" height=\"16\" width=\"16\" alt=\"2\ufe0f\u20e3\" src=\"https:\/\/static.xx.fbcdn.net\/images\/emoji.php\/v9\/t78\/2\/16\/32_20e3.png\"> K\u00e4rnkraft \u00e4r koldioxidfri och klimatsmart.<br><img loading=\"lazy\" decoding=\"async\" height=\"16\" width=\"16\" alt=\"3\ufe0f\u20e3\" src=\"https:\/\/static.xx.fbcdn.net\/images\/emoji.php\/v9\/t97\/2\/16\/33_20e3.png\"> K\u00e4rnkraften fungerar \u00e4ven n\u00e4r det inte bl\u00e5ser.<br><br>Dessutom har det s\u00e4kerhetspolitiska l\u00e4get akut f\u00f6rs\u00e4mrats som talar f\u00f6r att Europa beh\u00f6ver mer k\u00e4rnkraft. <\/p>\n","protected":false},"excerpt":{"rendered":"<p>Moderaterna, Kristdemokraterna, Liberalerna och Sverigedemokraterna \u00e4r \u00f6verens: de f\u00f6rsta hundra dagarna kommer en borgerlig regering att p\u00e5b\u00f6rja arbetet f\u00f6r att trygga och bygga ut k\u00e4rnkraften i Sverige.3 sk\u00e4l att bygga ny k\u00e4rnkraft: K\u00e4rnkraft inneb\u00e4r billig el till hush\u00e5ll och f\u00f6retag. K\u00e4rnkraft \u00e4r koldioxidfri och klimatsmart. K\u00e4rnkraften fungerar \u00e4ven n\u00e4r det inte bl\u00e5ser. Dessutom har det [&hellip;]<\/p>\n","protected":false},"author":12,"featured_media":0,"comment_status":"closed","ping_status":"closed","sticky":false,"template":"","format":"standard","meta":{"_acf_changed":false,"_relevanssi_hide_post":"","_relevanssi_hide_content":"","_relevanssi_pin_for_all":"","_relevanssi_pin_keywords":"","_relevanssi_unpin_keywords":"","_relevanssi_related_keywords":"","_relevanssi_related_include_ids":"","_relevanssi_related_exclude_ids":"","_relevanssi_related_no_append":"","_relevanssi_related_not_related":"","_relevanssi_related_posts":"","_relevanssi_noindex_reason":"","footnotes":""},"categories":[1],"tags":[],"subject":[],"class_list":["post-1209","post","type-post","status-publish","format-standard","hentry","category-nyhet"],"acf":[],"publishpress_future_action":{"enabled":false,"date":"2026-05-09 09:29:33","action":"change-status","newStatus":"draft","terms":[],"taxonomy":"category"},"_links":{"self":[{"href":"https:\/\/moderaterna.se\/vasterbotten\/wp-json\/wp\/v2\/posts\/1209","targetHints":{"allow":["GET"]}}],"collection":[{"href":"https:\/\/moderaterna.se\/vasterbotten\/wp-json\/wp\/v2\/posts"}],"about":[{"href":"https:\/\/moderaterna.se\/vasterbotten\/wp-json\/wp\/v2\/types\/post"}],"author":[{"embeddable":true,"href":"https:\/\/moderaterna.se\/vasterbotten\/wp-json\/wp\/v2\/users\/12"}],"replies":[{"embeddable":true,"href":"https:\/\/moderaterna.se\/vasterbotten\/wp-json\/wp\/v2\/comments?post=1209"}],"version-history":[{"count":2,"href":"https:\/\/moderaterna.se\/vasterbotten\/wp-json\/wp\/v2\/posts\/1209\/revisions"}],"predecessor-version":[{"id":1212,"href":"https:\/\/moderaterna.se\/vasterbotten\/wp-json\/wp\/v2\/posts\/1209\/revisions\/1212"}],"wp:attachment":[{"href":"https:\/\/moderaterna.se\/vasterbotten\/wp-json\/wp\/v2\/media?parent=1209"}],"wp:term":[{"taxonomy":"category","embeddable":true,"href":"https:\/\/moderaterna.se\/vasterbotten\/wp-json\/wp\/v2\/categories?post=1209"},{"taxonomy":"post_tag","embeddable":true,"href":"https:\/\/moderaterna.se\/vasterbotten\/wp-json\/wp\/v2\/tags?post=1209"},{"taxonomy":"subject","embeddable":true,"href":"https:\/\/moderaterna.se\/vasterbotten\/wp-json\/wp\/v2\/subject?post=1209"}],"curies":[{"name":"wp","href":"https:\/\/api.w.org\/{rel}","templated":true}]}}