{"id":1894,"date":"2026-07-29T16:19:42","date_gmt":"2026-07-29T14:19:42","guid":{"rendered":"https:\/\/moderaterna.se\/?post_type=subject-post&#038;p=13272"},"modified":"2026-09-03T11:05:44","modified_gmt":"2026-09-03T09:05:44","slug":"bidrag","status":"publish","type":"subject-post","link":"https:\/\/moderaterna.se\/varmland\/var-politik\/bidrag\/","title":{"rendered":"Bidrag"},"content":{"rendered":"\n<p>Det ska alltid l\u00f6na sig mer att arbeta \u00e4n att leva p\u00e5 bidrag. Det \u00e4r r\u00e4ttvist att den som st\u00e4ller klockan och g\u00e5r till jobbet varje dag f\u00e5r beh\u00e5lla mer pengar i pl\u00e5nboken \u00e4n den som har arbetsf\u00f6rm\u00e5ga men lever p\u00e5 bidrag. L\u00e5ngvarigt bidragsberoende bidrar till \u00f6kade risker f\u00f6r bland annat oh\u00e4lsa, fattigdom och utanf\u00f6rskap och g\u00f6r att m\u00e4nniskor hamnar l\u00e5ngt fr\u00e5n arbetsmarknaden. Det viktigaste f\u00f6r att lyfta barn ur fattigdom \u00e4r att fler barn ser sina f\u00f6r\u00e4ldrar g\u00e5 till jobbet.<\/p>\n\n\n\n<h2 class=\"wp-block-heading has-medium-font-size\" id=\"h-det-har-har-vi-gjort-angaende-bidrag\"><strong>Det h\u00e4r har vi gjort\u00a0ang\u00e5ende bidrag<\/strong><\/h2>\n\n\n\n<p>Vi vill att fler m\u00e4nniskor ska komma i arbete och bli sj\u00e4lvf\u00f6rs\u00f6rjande. Det \u00e4r det enda s\u00e4ttet att s\u00e4kra en bra v\u00e4lf\u00e4rd.&nbsp;Det ekonomiska bist\u00e5ndet (f\u00f6rs\u00f6rjningsst\u00f6det) \u00e4r samh\u00e4llets yttersta skydd f\u00f6r personer som saknar egen f\u00f6rs\u00f6rjning. Det \u00e4r inte t\u00e4nkt att vara ett l\u00e5ngsiktigt alternativ till arbete. Men f\u00f6r m\u00e5nga familjer med m\u00e5nga barn l\u00f6nar det sig inte tillr\u00e4ckligt att b\u00f6rja arbeta.&nbsp;F\u00f6r att fler ska g\u00e5 fr\u00e5n bidrag till arbete beh\u00f6ver det l\u00f6na sig mer att arbeta \u00e4n att leva p\u00e5 bidrag, samtidigt som m\u00e4nniskor ocks\u00e5 f\u00e5r utbildning och st\u00f6d f\u00f6r att komma i arbete.&nbsp;D\u00e4rf\u00f6r har den moderatledda regeringen genomf\u00f6rt en stor bidragsreform med bidragstak, aktivitetskrav och kvalificering till socialf\u00f6rs\u00e4kringen.<\/p>\n\n\n\n<p>Bidragstaket inneb\u00e4r att f\u00f6rs\u00f6rjningsst\u00f6det begr\u00e4nsas f\u00f6r de flesta hush\u00e5llstyper. Minskningen \u00e4r s\u00e4rskilt stor f\u00f6r de st\u00f6rre hush\u00e5llen som kommer upp i h\u00f6ga bidragsniv\u00e5er. En exempelfamilj med tv\u00e5 f\u00f6r\u00e4ldrar och fem barn som tidigare har kunnat f\u00e5 46&nbsp;500 kronor i bidrag varje m\u00e5nad, f\u00e5r med bidragstaket cirka 8 000 kronor mindre i bidrag varje m\u00e5nad, vilket g\u00f6r det mer l\u00f6nsamt att b\u00f6rja arbeta.&nbsp;<\/p>\n\n\n\n<p>Aktivitetskravet inneb\u00e4r att personer som f\u00e5r f\u00f6rs\u00f6rjningsst\u00f6d ska delta i aktiviteter f\u00f6r att n\u00e4rma sig arbete och sj\u00e4lvf\u00f6rs\u00f6rjning. Aktiviteterna ska som huvudregel vara p\u00e5 heltid. Aktiviteterna kan exempelvis vara spr\u00e5kundervisning eller praktik. Det st\u00e4lls krav p\u00e5 kommunerna att erbjuda aktiviteter som \u00f6kar m\u00f6jligheterna f\u00f6r personen att b\u00f6rja arbeta. Aktivitetskravet g\u00e4ller f\u00f6r den som f\u00e5r f\u00f6rs\u00f6rjningsst\u00f6d sedan minst tre m\u00e5nader. F\u00f6r att ytterligare st\u00e4rka drivkrafterna att b\u00f6rja arbeta kan den som har haft f\u00f6rs\u00f6rjningsst\u00f6d och b\u00f6rjar arbeta f\u00e5 en jobbpremie p\u00e5 upp till 3 750 kronor per m\u00e5nad i 18 m\u00e5nader.<\/p>\n\n\n\n<p>Kvalificering till socialf\u00f6rs\u00e4kringen inneb\u00e4r att man beh\u00f6ver ha bott i Sverige lagligt under en viss tid eller ha haft en arbetsinkomst p\u00e5 en viss niv\u00e5 under en viss tid f\u00f6r att f\u00e5 r\u00e4tt till vissa bidrag. Att dem som kommer till Sverige beh\u00f6ver vara med och bidra innan de f\u00e5r ta del av hela den svenska v\u00e4lf\u00e4rden p\u00e5skyndar integrationen.<\/p>\n\n\n\n<p>Omkring 15\u201320 miljarder kronor betalas felaktigt ut fr\u00e5n v\u00e5ra v\u00e4lf\u00e4rdssystem varje \u00e5r. H\u00e4lften misst\u00e4nks vara oavsiktliga fel, h\u00e4lften bidragsbrott. Den moderatledda regeringen har vidtagit flera \u00e5tg\u00e4rder mot bidragsbrott s\u00e5som att bryta sekretessen mellan myndigheter, ge myndigheterna fler verktyg f\u00f6r att uppt\u00e4cka fusk och bidragsbrott samt inf\u00f6rt en sanktionsavgift f\u00f6r den som orsakar en felaktig utbetalning genom att l\u00e4mna oriktiga uppgifter. Den som medvetet eller av grov v\u00e5rdsl\u00f6shet l\u00e4mnar oriktiga uppgifter f\u00f6r att f\u00e5 bidrag den inte har r\u00e4tt till kan sp\u00e4rras av fr\u00e5n ett bidrag i upp till tre \u00e5r.<\/p>\n\n\n\n<h2 class=\"wp-block-heading has-medium-font-size\" id=\"h-det-har-vill-vi-gora-angaende-bidrag\"><strong>Det h\u00e4r vill vi g\u00f6ra\u00a0ang\u00e5ende bidrag<\/strong><\/h2>\n\n\n\n<p>Moderaterna kommer alltid st\u00e5 upp f\u00f6r arbetslinjen \u2013 den som kan jobba ska ocks\u00e5 jobba. Anstr\u00e4ngning ska l\u00f6na sig och d\u00e4rf\u00f6r vill vi forts\u00e4tta s\u00e4nka skatten f\u00f6r alla med l\u00e5ga och medelh\u00f6ga inkomster. Vi vill halvera antalet som har f\u00f6rs\u00f6rjningsst\u00f6d genom att staten exempelvis tar ett st\u00f6rre ansvar f\u00f6r att bed\u00f6ma arbetsf\u00f6rm\u00e5ga och s\u00e4kerst\u00e4lla att m\u00e4nniskor f\u00e5r r\u00e4tt insatser. En f\u00f6ruts\u00e4ttning f\u00f6r att f\u00f6r\u00e4ldrar ska kunna delta i det nya aktivitetskravet \u00e4r att det erbjuds fler timmar p\u00e5 f\u00f6rskola och fritids. Den moderatledda regeringen har d\u00e4rf\u00f6r gett en utredare i uppdrag att f\u00f6resl\u00e5 ut\u00f6kad barnomsorg f\u00f6r f\u00f6r\u00e4ldrar med aktivitetskrav. Moderaterna har ocks\u00e5 som vall\u00f6fte att avskaffa avgiften f\u00f6r f\u00f6rskola och fritids, vilket kan ge en familj med tv\u00e5 barn upp till 2\u00a0100 kronor mer i m\u00e5naden.<\/p>\n\n\n\n<h2 class=\"wp-block-heading has-medium-font-size\" id=\"h-vi-star-infor-ett-vagval\"><strong>Vi st\u00e5r inf\u00f6r ett v\u00e4gval<\/strong><\/h2>\n\n\n\n<p>Moderaterna st\u00e5r p\u00e5 h\u00e5rt arbetande m\u00e4nniskors sida. Den som g\u00e5r till jobbet ska f\u00e5 beh\u00e5lla mer i pl\u00e5nboken \u00e4n den som har arbetsf\u00f6rm\u00e5ga men lever p\u00e5 bidrag. Vi vill att fler ska bli sj\u00e4lvf\u00f6rs\u00f6rjande och del av gemenskapen p\u00e5 en arbetsplats. D\u00e4rf\u00f6r beh\u00f6ver det l\u00f6na sig mer att arbeta. Socialdemokraterna, Milj\u00f6partiet och V\u00e4nsterpartiet har r\u00f6stat nej till merparten av v\u00e5r bidragsreform. De r\u00f6dgr\u00f6na partierna vill inte att det ska l\u00f6na sig mer att arbeta \u00e4n att g\u00e5 p\u00e5 bidrag. Det kommer att \u00f6ka arbetsl\u00f6sheten och driva m\u00e4nniskor in i l\u00e5nga bidragsberoenden och utanf\u00f6rskap. Fler barn kommer aldrig f\u00e5 se sina f\u00f6r\u00e4ldrar g\u00e5 till jobbet, fler barn riskerar att \u00e4rva sina f\u00f6r\u00e4ldrars utanf\u00f6rskap och f\u00e4rre kommer bidra till v\u00e4lf\u00e4rden.\u00a0<\/p>\n\n\n\n<h2 class=\"wp-block-heading has-medium-font-size\" id=\"h-fragor-och-svar-om-bidrag\"><strong>Fr\u00e5gor och svar om bidrag<\/strong><\/h2>\n\n\n\n<p><strong>Varf\u00f6r \u00e4r det s\u00e5 viktigt att det ska l\u00f6na sig att arbeta?<\/strong><\/p>\n\n\n\n<p>Ett r\u00e4ttvist samh\u00e4lle bygger p\u00e5 att anstr\u00e4ngning l\u00f6nar sig. Den som st\u00e4ller klockan och g\u00e5r till jobbet ska alltid ha mer pengar kvar i pl\u00e5nboken \u00e4n den som kan arbeta men lever p\u00e5 bidrag. Barn beh\u00f6ver se sina f\u00f6r\u00e4ldrar g\u00e5 till jobbet s\u00e5 att bidragsberoendet inte g\u00e5r i arv. F\u00f6r att vi ska kunna forts\u00e4tta ha en stark v\u00e4lf\u00e4rd beh\u00f6ver vi vara fler som bidrar.<\/p>\n\n\n\n<p><strong>Varf\u00f6r \u00e4r bidragsreformen viktig?<\/strong><\/p>\n\n\n\n<p>F\u00f6r att det inte har l\u00f6nat sig tillr\u00e4ckligt att g\u00e5 fr\u00e5n bidrag till arbete. Bidragstaket begr\u00e4nsar f\u00f6rs\u00f6rjningsst\u00f6det s\u00e5 att det blir mer l\u00f6nsamt att ta ett arbete. Jobbpremien st\u00e4rker drivkrafterna ytterligare under den f\u00f6rsta tiden i arbete. Aktivitetskravet \u00f6kar chansen att f\u00e5 ett jobb genom bland annat spr\u00e5kundervisning och praktik. Kvalificering till socialf\u00f6rs\u00e4kringen \u00f6kar drivkrafterna f\u00f6r nyanl\u00e4nda att l\u00e4ra sig svenska och komma i arbete.<\/p>\n\n\n\n<h2 class=\"wp-block-heading has-large-font-size\" id=\"h-mer-fran-moderaterna\"><strong>Mer fr\u00e5n Moderaterna<\/strong><\/h2>\n\n\n\n<div class=\"wp-block-buttons is-layout-flex wp-block-buttons-is-layout-flex\">\n<div class=\"wp-block-button\"><a class=\"wp-block-button__link wp-element-button\" href=\"https:\/\/moderaterna.se\/valmanifest-2026\/\">Moderaternas valmanifest<\/a><\/div>\n<\/div>\n\n\n\n<p><\/p>\n\n\n\n<div class=\"wp-block-buttons is-layout-flex wp-block-buttons-is-layout-flex\">\n<div class=\"wp-block-button\"><a class=\"wp-block-button__link wp-element-button\" href=\"https:\/\/moderaterna.se\/nyhet\/det-har-handlar-valet-2026-om\/\">Det h\u00e4r handlar valet 2026 om<\/a><\/div>\n<\/div>\n\n\n\n<p><\/p>\n\n\n\n<div class=\"wp-block-buttons is-layout-flex wp-block-buttons-is-layout-flex\">\n<div class=\"wp-block-button\"><a class=\"wp-block-button__link wp-element-button\" href=\"https:\/\/moderaterna.se\/valloften-2026\/\">V\u00e5ra vall\u00f6ften<\/a><\/div>\n<\/div>\n\n\n\n<p><\/p>\n\n\n\n<div class=\"wp-block-buttons is-layout-flex wp-block-buttons-is-layout-flex\">\n<div class=\"wp-block-button\"><a class=\"wp-block-button__link wp-element-button\" href=\"https:\/\/moderaterna.se\/vi-far-saker-gjorda\/\">Vi f\u00e5r saker gjorda<\/a><\/div>\n<\/div>\n\n\n\n<p><\/p>\n\n\n\n<div class=\"wp-block-buttons is-layout-flex wp-block-buttons-is-layout-flex\">\n<div class=\"wp-block-button\"><a class=\"wp-block-button__link wp-element-button\" href=\"https:\/\/moderaterna.se\/var-politik\/\">V\u00e5r politik<\/a><\/div>\n<\/div>\n\n\n\n<p><\/p>\n\n\n\n<div class=\"wp-block-buttons is-layout-flex wp-block-buttons-is-layout-flex\">\n<div class=\"wp-block-button\"><a class=\"wp-block-button__link wp-element-button\" href=\"https:\/\/moderaterna.se\/nyheter\/\">Nyheter fr\u00e5n Moderaterna<\/a><\/div>\n<\/div>\n\n\n\n<p><\/p>\n","protected":false},"featured_media":0,"template":"","tags":[81],"class_list":["post-1894","subject-post","type-subject-post","status-publish","hentry","tag-importerad"],"acf":[],"_links":{"self":[{"href":"https:\/\/moderaterna.se\/varmland\/wp-json\/wp\/v2\/subject-post\/1894","targetHints":{"allow":["GET"]}}],"collection":[{"href":"https:\/\/moderaterna.se\/varmland\/wp-json\/wp\/v2\/subject-post"}],"about":[{"href":"https:\/\/moderaterna.se\/varmland\/wp-json\/wp\/v2\/types\/subject-post"}],"wp:attachment":[{"href":"https:\/\/moderaterna.se\/varmland\/wp-json\/wp\/v2\/media?parent=1894"}],"wp:term":[{"taxonomy":"post_tag","embeddable":true,"href":"https:\/\/moderaterna.se\/varmland\/wp-json\/wp\/v2\/tags?post=1894"}],"curies":[{"name":"wp","href":"https:\/\/api.w.org\/{rel}","templated":true}]}}