{"id":1722,"date":"2021-12-06T18:15:31","date_gmt":"2021-12-06T17:15:31","guid":{"rendered":"https:\/\/moderaterna.se\/?post_type=subject-post&#038;p=546"},"modified":"2026-09-03T11:07:06","modified_gmt":"2026-09-03T09:07:06","slug":"trafik-och-infrastruktur","status":"publish","type":"subject-post","link":"https:\/\/moderaterna.se\/varmland\/var-politik\/trafik-och-infrastruktur\/","title":{"rendered":"Trafik och infrastruktur"},"content":{"rendered":"\n<p id=\"h-\">Svensk infrastruktur har l\u00e4nge varit eftersatt. N\u00e4r v\u00e4gar och j\u00e4rnv\u00e4g inte fungerar brister ocks\u00e5 samh\u00e4llskontraktet i m\u00e4nniskors vardag. Den moderatledda regeringen tar ansvar f\u00f6r att v\u00e4nda utvecklingen \u2013 med l\u00e5ngsiktiga, historiskt stora satsningar som g\u00f6r att fler kan lita p\u00e5 att komma fram i tid.<\/p>\n\n\n\n<h2 class=\"wp-block-heading has-large-font-size\" id=\"h-moderaternas-politik-inom-trafik-och-infrastruktur\"><strong>Moderaternas politik inom trafik och infrastruktur<\/strong><\/h2>\n\n\n\n<h3 class=\"wp-block-heading has-medium-font-size\" id=\"h-fungerande-arbetspendling-och-godstrafik\"><strong>Fungerande arbetspendling och godstrafik<\/strong><\/h3>\n\n\n\n<ul class=\"wp-block-list\">\n<li>Miljontals pendlare upplever varje dag f\u00f6rseningar som g\u00f6r att h\u00e4mtningen p\u00e5 f\u00f6rskolan missas och m\u00f6ten aldrig n\u00e5s.<\/li>\n\n\n\n<li>Riksrevisionen har i rapport efter rapport slagit fast att Trafikverket brister i planering, upphandling och genomf\u00f6rande \u2013 vilket lett till f\u00f6rseningar, kostnads\u00f6verskridanden och l\u00e5g produktivitet.<\/li>\n\n\n\n<li>Den som g\u00f6r r\u00e4tt f\u00f6r sig och \u00e5ker kollektivt till jobbet ska inte bli straffad f\u00f6r att politiken under decennier prioriterade prestigeprojekt framf\u00f6r verkligt underh\u00e5ll<\/li>\n<\/ul>\n\n\n\n<h3 class=\"wp-block-heading has-medium-font-size\" id=\"h-darfor-vill-och-arbetar-moderaterna-for-att\"><strong>D\u00e4rf\u00f6r vill och arbetar Moderaterna f\u00f6r att:<\/strong><\/h3>\n\n\n\n<ul class=\"wp-block-list\">\n<li>Kollektivtrafikkortet ska bli en skattefri f\u00f6rm\u00e5n \u2013 f\u00f6r en vanlig barnfamilj skulle det kunna ge upp till 2\u00a0500 kr mer i pl\u00e5nboken varje m\u00e5nad\u00a0<strong>(Vall\u00f6fte 2026)<\/strong><\/li>\n\n\n\n<li>Rekordsatsa p\u00e5 underh\u00e5llet av befintliga stambanor och sp\u00e5r. 210 miljarder kronor tillf\u00f6rs under planperioden 2026\u20132037 f\u00f6r att minska j\u00e4rnv\u00e4gsskulden.\u00a0<\/li>\n\n\n\n<li>Bygga bort flaskhalsar som hindrar pendling och godstransporter, till exempel genom fler sp\u00e5r p\u00e5 str\u00e4ckan Uppsala\u2013Stockholm.\u00a0<\/li>\n<\/ul>\n\n\n\n<h3 class=\"wp-block-heading has-medium-font-size\" id=\"h-vagar-som-faktiskt-fungerar\"><strong>V\u00e4gar som faktiskt fungerar<\/strong><\/h3>\n\n\n\n<ul class=\"wp-block-list\">\n<li>De senaste \u00e5ren har 130 mil statlig v\u00e4g f\u00e5tt s\u00e4nkt hastighet till f\u00f6ljd av bristande underh\u00e5ll.<\/li>\n\n\n\n<li>Sverige \u00e4r till ytan Europas tredje st\u00f6rsta land. M\u00e4nniskor utanf\u00f6r storst\u00e4derna \u00e4r beroende av bilen f\u00f6r att f\u00e5 vardagspusslet att g\u00e5 ihop \u2013 f\u00f6r att ta sig till jobbet, handla mat eller skjutsa barnen till tr\u00e4ningen.<\/li>\n\n\n\n<li>Det \u00e4r inte r\u00e4ttvist att de som bor utanf\u00f6r storst\u00e4derna drabbas h\u00e5rdast av ett eftersatt v\u00e4gn\u00e4t de betalat skatt f\u00f6r att bygga upp.<\/li>\n<\/ul>\n\n\n\n<h3 class=\"wp-block-heading has-medium-font-size\" id=\"h-darfor-vill-och-arbetar-moderaterna-for-att-0\"><strong>D\u00e4rf\u00f6r vill och arbetar Moderaterna f\u00f6r att:<\/strong><\/h3>\n\n\n\n<ul class=\"wp-block-list\">\n<li>Tillf\u00f6ra 354 miljarder kronor f\u00f6r v\u00e4gunderh\u00e5ll i syfte att nolla underh\u00e5llsskulden i det statliga v\u00e4gn\u00e4tet till \u00e5r 2037. Den moderatledda regeringen har lagt fast denna ambition och \u00f6ppnar \u00e4ven f\u00f6r alternativ finansiering, exempelvis f\u00f6r utbyggnaden av \u00d6stlig f\u00f6rbindelse.<\/li>\n\n\n\n<li>Bygga ut laddinfrastrukturen snabbt, samordnat och samh\u00e4llsekonomiskt effektivt i hela landet.<\/li>\n\n\n\n<li>Anv\u00e4nda digitaliseringens m\u00f6jligheter i syfte att b\u00e4ttre kunna planera s\u00e5v\u00e4l trafik- som v\u00e4garbeten. V\u00e4gh\u00e5llningen ska fungera \u00e5ret runt.<\/li>\n<\/ul>\n\n\n\n<h3 class=\"wp-block-heading has-medium-font-size\" id=\"h-hela-landet-ska-hanga-ihop\"><strong>Hela landet ska h\u00e4nga ihop<\/strong><\/h3>\n\n\n\n<ul class=\"wp-block-list\">\n<li>90 procent av svensk handel g\u00e5r n\u00e5gon g\u00e5ng via sj\u00f6fart. N\u00e4stan 70 000 fartyg anl\u00f6per varje \u00e5r till svenska hamnar och 160 miljoner ton varor lastas.<\/li>\n\n\n\n<li>Utan fungerande inrikesflyg och regionala flygplatser \u00e4r delar av Sverige i praktiken avskurna fr\u00e5n resten av landet \u2013 det \u00e4r som att klippa bort halva kartan.<\/li>\n\n\n\n<li>De kommunala och regionala flygplatserna redovisar varje \u00e5r hundratals miljoner kronor i f\u00f6rlust \u2013 en kostnad som i dag b\u00e4rs av lokala skattebetalare, trots att flygplatserna spelar en avg\u00f6rande roll f\u00f6r hela landets n\u00e4ringsliv, sjukv\u00e5rd och totalf\u00f6rsvar.<\/li>\n<\/ul>\n\n\n\n<h3 class=\"wp-block-heading has-medium-font-size\" id=\"h-darfor-vill-och-arbetar-moderaterna-for-att-1\"><strong>D\u00e4rf\u00f6r vill och arbetar Moderaterna f\u00f6r att:<\/strong><\/h3>\n\n\n\n<ul class=\"wp-block-list\">\n<li>Ta fram en konkret plan f\u00f6r att g\u00f6ra inrikesflyget fossilfritt, med \u00f6kat fokus p\u00e5 elflyg och f\u00f6rnybara drivmedel. \u00d6ka st\u00f6det till regionala flygplatser och g\u00f6ra flera av dem till permanenta beredskapsflygplatser.\u00a0<\/li>\n\n\n\n<li>Fr\u00e4mja svenska rederiers konkurrenskraft och forts\u00e4tta \u00f6ka antalet svenskflaggade fartyg. Den moderatledda regeringen har avskaffat st\u00e4mpelskatten f\u00f6r inteckning av skepp, satsat p\u00e5 fossilfri sj\u00f6fart och \u00f6kat investeringarna i isbrytare.<\/li>\n\n\n\n<li>Att staten tar ett st\u00f6rre ansvar f\u00f6r att h\u00e5lla nere biljettpriserna i den upphandlade trafiken till och fr\u00e5n Gotland, som b\u00e4r en oproportionerligt stor b\u00f6rda av h\u00f6jda transportkostnader. D\u00e4rf\u00f6r har vi satsat 125 miljoner kronor i v\u00e5rbudgeten 2026 p\u00e5 att s\u00e4nka biljettpriserna.<\/li>\n<\/ul>\n\n\n\n<h2 class=\"wp-block-heading has-medium-font-size\" id=\"h-fragor-och-svar-inom-trafik-och-infrastruktur\"><strong>Fr\u00e5gor och svar inom trafik och infrastruktur<\/strong><\/h2>\n\n\n\n<p><strong>Hur vill ni f\u00f6rb\u00e4ttra skicket p\u00e5 v\u00e4garna?&nbsp;<\/strong><\/p>\n\n\n\n<p>Det \u00e4r ett helt rimligt krav att f\u00e5 valuta f\u00f6r sina skattepengar. De som k\u00f6r till jobbet varje dag f\u00f6rtj\u00e4nar fungerande v\u00e4gar. Det vi \u00e4rvde var decennier av eftersatt underh\u00e5ll, som resulterat i en underh\u00e5llsskuld p\u00e5 \u00f6ver 115 miljarder kronor. Den kan inte nollas p\u00e5 en mandatperiod, men vi har p\u00e5b\u00f6rjat det st\u00f6rsta v\u00e4gunderh\u00e5llsprogrammet i Sveriges historia som ska nolla underh\u00e5llsskulden till 2037. Arbetet \u00e4r i full g\u00e5ng, och det kommer att m\u00e4rkas n\u00e4r du \u00e4r ute p\u00e5 v\u00e4garna.&nbsp;<\/p>\n\n\n\n<p><strong>Ni prioriterar v\u00e4gar framf\u00f6r j\u00e4rnv\u00e4gar, \u00e4r det verkligen r\u00e4tt?&nbsp;<\/strong><\/p>\n\n\n\n<p>Det st\u00e4mmer inte. Vi satsar rekordmycket p\u00e5 b\u00e5de v\u00e4g och j\u00e4rnv\u00e4g. Vi tillf\u00f6r 210 miljarder kronor till j\u00e4rnv\u00e4gen och nollar samtidigt v\u00e4gn\u00e4tets underh\u00e5llsskuld. Po\u00e4ngen \u00e4r att Trafikverket nu f\u00e5r de resurser som myndigheten faktiskt kan anv\u00e4nda, utan att beh\u00f6va st\u00e4nga ner trafiken under tiden. B\u00e5de v\u00e4gen och j\u00e4rnv\u00e4gen beh\u00f6vs: pendlaren i Norrland \u00e4r beroende av bilen, pendlaren i M\u00e4lardalen av t\u00e5get. Hela Sverige ska fungera.<\/p>\n\n\n\n<p><strong>Vad g\u00f6r ni f\u00f6r att hela Sverige ska leva?&nbsp;<\/strong><\/p>\n\n\n\n<p>Sverige \u00e4r till ytan Europas femte st\u00f6rsta land. Den som bor p\u00e5 landsbygden och \u00e4r beroende av bilen f\u00f6r att vardagspusslet ska g\u00e5 ihop f\u00f6rtj\u00e4nar v\u00e4gar som h\u00e5ller, inte s\u00e4nkta hastighetsskyltar som ers\u00e4ttning f\u00f6r underh\u00e5ll. Vi prioriterar underh\u00e5llet av sm\u00e5- och landsv\u00e4gar, vi bygger ut str\u00e5k f\u00f6r tyngre godstransporter och vi ser till att stat, region och kommun planerar infrastruktur ihop, inte i stupr\u00f6r. Infrastrukturen ska binda ihop hela landet, inte dela upp det.<\/p>\n\n\n\n<p><strong>Beh\u00f6ver vi inte bara satsa p\u00e5 t\u00e5gen?<\/strong><\/p>\n\n\n\n<p>Det finns inget transportslag som utg\u00f6r den perfekta l\u00f6sningen f\u00f6r hela landet. Flyget beh\u00f6vs f\u00f6r att knyta ihop v\u00e5rt l\u00e5nga land. T\u00e5gen beh\u00f6vs f\u00f6r tunga transporter och pendlingsstr\u00e5k. Hamnar med god kapacitet \u00e4r en s\u00e4kerhet och skapar tillv\u00e4xt. Kollektivtrafiken beh\u00f6vs f\u00f6r effektiviteten i st\u00e4derna och f\u00f6r m\u00e5nga kr\u00e4vs bilen f\u00f6r att f\u00e5 ihop vardagen. Olika resor kr\u00e4ver olika transportslag, och varje resa ska kunna g\u00f6ras s\u00e5 effektivt som m\u00f6jligt.<\/p>\n\n\n\n<h2 class=\"wp-block-heading has-large-font-size\" id=\"h-mer-fran-moderaterna\"><strong>Mer fr\u00e5n Moderaterna<\/strong><\/h2>\n\n\n\n<div class=\"wp-block-buttons is-layout-flex wp-block-buttons-is-layout-flex\">\n<div class=\"wp-block-button\"><a class=\"wp-block-button__link wp-element-button\" href=\"https:\/\/moderaterna.se\/nyhet\/det-har-handlar-valet-2026-om\/\">Det h\u00e4r handlar valet 2026 om<\/a><\/div>\n<\/div>\n\n\n\n<p><\/p>\n\n\n\n<div class=\"wp-block-buttons is-layout-flex wp-block-buttons-is-layout-flex\">\n<div class=\"wp-block-button\"><a class=\"wp-block-button__link wp-element-button\" href=\"https:\/\/moderaterna.se\/valloften-2026\/\">V\u00e5ra vall\u00f6ften<\/a><\/div>\n<\/div>\n\n\n\n<p><\/p>\n\n\n\n<div class=\"wp-block-buttons is-layout-flex wp-block-buttons-is-layout-flex\">\n<div class=\"wp-block-button\"><a class=\"wp-block-button__link wp-element-button\" href=\"https:\/\/moderaterna.se\/var-politik\/\">V\u00e5r politik<\/a><\/div>\n<\/div>\n\n\n\n<p><\/p>\n\n\n\n<div class=\"wp-block-buttons is-layout-flex wp-block-buttons-is-layout-flex\">\n<div class=\"wp-block-button\"><a class=\"wp-block-button__link wp-element-button\" href=\"https:\/\/moderaterna.se\/nyheter\/\">Nyheter fr\u00e5n Moderaterna<\/a><\/div>\n<\/div>\n\n\n\n<p><\/p>\n\n\n\n<div class=\"wp-block-buttons is-layout-flex wp-block-buttons-is-layout-flex\">\n<div class=\"wp-block-button\"><a class=\"wp-block-button__link wp-element-button\" href=\"https:\/\/moderaterna.se\/om-moderaterna\/vara-politiker\/\">V\u00e5ra politiker<\/a><\/div>\n<\/div>\n\n\n\n<p><\/p>\n","protected":false},"featured_media":0,"template":"","tags":[81],"class_list":["post-1722","subject-post","type-subject-post","status-publish","hentry","tag-importerad"],"acf":[],"_links":{"self":[{"href":"https:\/\/moderaterna.se\/varmland\/wp-json\/wp\/v2\/subject-post\/1722","targetHints":{"allow":["GET"]}}],"collection":[{"href":"https:\/\/moderaterna.se\/varmland\/wp-json\/wp\/v2\/subject-post"}],"about":[{"href":"https:\/\/moderaterna.se\/varmland\/wp-json\/wp\/v2\/types\/subject-post"}],"wp:attachment":[{"href":"https:\/\/moderaterna.se\/varmland\/wp-json\/wp\/v2\/media?parent=1722"}],"wp:term":[{"taxonomy":"post_tag","embeddable":true,"href":"https:\/\/moderaterna.se\/varmland\/wp-json\/wp\/v2\/tags?post=1722"}],"curies":[{"name":"wp","href":"https:\/\/api.w.org\/{rel}","templated":true}]}}