{"id":1721,"date":"2022-01-25T07:40:57","date_gmt":"2022-01-25T06:40:57","guid":{"rendered":"https:\/\/moderaterna.se\/?post_type=subject-post&#038;p=2771"},"modified":"2026-09-03T11:07:02","modified_gmt":"2026-09-03T09:07:02","slug":"idrott","status":"publish","type":"subject-post","link":"https:\/\/moderaterna.se\/varmland\/var-politik\/idrott\/","title":{"rendered":"Idrott och friluftsliv"},"content":{"rendered":"\n<p id=\"h-\">Sverige ska vara v\u00e4rldens b\u00e4sta land att v\u00e4xa upp i. D\u00e4rf\u00f6r ska alla barn och unga ha r\u00e4tt till en meningsfull fritid med gemenskap, r\u00f6relse och frisk luft. Idrott och friluftsliv f\u00f6r m\u00e4nniskor samman \u2013 p\u00e5 en plats och \u00f6ver generationer \u2013 och \u00e4r b\u00e4rande delar av civilsamh\u00e4llet som st\u00e4rker folkh\u00e4lsan och ger fler en trygg uppv\u00e4xt.\u00a0<\/p>\n\n\n\n<h2 class=\"wp-block-heading has-large-font-size\" id=\"h-moderaternas-politik-inom-idrott-och-friluftsliv\"><strong>Moderaternas politik inom idrott och friluftsliv<\/strong><\/h2>\n\n\n\n<h3 class=\"wp-block-heading has-medium-font-size\" id=\"h-idrotten-lagger-grunden-for-folkhalsa-och-skapar-gemenskap\"><strong>Idrotten l\u00e4gger grunden f\u00f6r folkh\u00e4lsa och skapar gemenskap<\/strong><\/h3>\n\n\n\n<ul class=\"wp-block-list\">\n<li>Svenska barn \u00e4r i dag mer stillasittande \u00e4n v\u00e5ra pension\u00e4rer. I socioekonomiskt utsatta omr\u00e5den deltar bara h\u00e4lften av barnen mellan tolv och 18 \u00e5r i f\u00f6reningsidrott, att j\u00e4mf\u00f6ra med 67 procent i resursstarka omr\u00e5den.\u00a0<\/li>\n\n\n\n<li>Enligt den statliga utredningen \u201dVarje r\u00f6relse r\u00e4knas\u201d \u00e4r det bara tv\u00e5 av tio barn i Sverige som n\u00e5r upp till en timmes pulsh\u00f6jande aktivitet per dag.<\/li>\n\n\n\n<li>Alla barn har r\u00e4tt till r\u00f6relse och delaktighet. Det \u00e4r viktigt f\u00f6r ungas utveckling och l\u00e4gger grunden f\u00f6r en h\u00e4lsosam livsstil.\u00a0<\/li>\n<\/ul>\n\n\n\n<h3 class=\"wp-block-heading has-medium-font-size\" id=\"h-darfor-vill-och-arbetar-moderaterna-for-att\"><strong>D\u00e4rf\u00f6r vill och arbetar Moderaterna f\u00f6r att:<\/strong><\/h3>\n\n\n\n<ul class=\"wp-block-list\">\n<li>Att alla barn och unga ska ha m\u00f6jlighet att delta i f\u00f6reningsidrott, friluftslivsaktiviteter eller kulturskolan f\u00f6r r\u00f6relse och delaktighet. D\u00e4rf\u00f6r f\u00e5r alla barn mellan 6 och 16 \u00e5r ett fritidskort p\u00e5 550 kronor per \u00e5r som inte kan anv\u00e4ndas till n\u00e5gonting annat \u00e4n fritidsaktiviteter. Hittills i \u00e5r har 473\u00a0000 fritidskort beviljats.\u00a0<\/li>\n\n\n\n<li>S\u00e4nka tr\u00f6sklarna och m\u00f6jligg\u00f6ra f\u00f6r alla barn att ta del av gemenskap, r\u00f6relse och \u00e5terh\u00e4mtning. Med ett f\u00f6rh\u00f6jt Fritidskort om 2 500 kronor per \u00e5r, 100 miljoner kronor per \u00e5r till idrottsklivet och 5 miljoner kronor per \u00e5r f\u00f6r friluftslivsaktiviteter g\u00f6r vi det m\u00f6jligt f\u00f6r barn i socioekonomiskt svaga omr\u00e5den att delta i f\u00f6reningslivet. \u00a0Till och med augusti hade 44 000 barn och unga beviljats det f\u00f6rh\u00f6jda Fritidskortet, bara i \u00e5r.\u00a0<\/li>\n\n\n\n<li>Se \u00f6ver regler som bromsar utvecklingen av nya multifunktionella idrottsanl\u00e4ggningar, exempelvis bullerregler samt utreda en statlig investeringsfond f\u00f6r tillskapandet av fler idrottsanl\u00e4ggningar. F\u00f6r 2026 och 2027 satsar den moderatledda regeringen 250 miljoner kronor per \u00e5r f\u00f6r fler idrottsanl\u00e4ggningar.\u00a0<strong>(Tid\u00f6)<\/strong><\/li>\n<\/ul>\n\n\n\n<h3 class=\"wp-block-heading has-medium-font-size\" id=\"h-friluftsliv-ar-en-del-av-vart-kulturella-arv\"><strong>Friluftsliv \u00e4r en del av v\u00e5rt kulturella arv<\/strong><\/h3>\n\n\n\n<ul class=\"wp-block-list\">\n<li>Svenskarna \u00e4r ett friluftsfolk. \u00c5r 2024 bes\u00f6kte 2,8 miljoner m\u00e4nniskor v\u00e5ra svenska nationalparker. Det \u00e4r lika m\u00e5nga som g\u00e5r p\u00e5 en allsvensk match under en s\u00e4song.<\/li>\n\n\n\n<li>Nio av tio svenskar \u00e4gnar sig \u00e5t friluftsliv och fyra av tio \u00e4r ute i skog och mark regelbundet. Men antalet barn som regelbundet vistas i naturen har p\u00e5 tv\u00e5 decennier minskat fr\u00e5n 80 till 50 procent. M\u00e4nniskor f\u00f6dda i ett annat land deltar mindre \u00e4n inrikes f\u00f6dda.\u00a0<\/li>\n\n\n\n<li>Genom att g\u00f6ra den redan skyddade t\u00e4tortsn\u00e4ra naturen mer tillg\u00e4nglig skapar vi goda rekreationsm\u00f6jligheter och plats f\u00f6r friluftsliv i m\u00e4nniskors vardag.<\/li>\n<\/ul>\n\n\n\n<h3 class=\"wp-block-heading has-medium-font-size\" id=\"h-darfor-vill-och-arbetar-moderaterna-for-att-0\"><strong>D\u00e4rf\u00f6r vill och arbetar Moderaterna f\u00f6r att:<\/strong><\/h3>\n\n\n\n<ul class=\"wp-block-list\">\n<li>\u00c5terinf\u00f6ra obligatoriska friluftsdagar i skolans alla \u00e5rskurser en g\u00e5ng per termin.<\/li>\n\n\n\n<li>Skapa b\u00e4ttre f\u00f6ruts\u00e4ttningar f\u00f6r friluftsliv. F\u00f6r att fler ska k\u00e4nna sig trygga i skog och mark, till havs och p\u00e5 fj\u00e4llet har vi tagit fram ett friluftspolitiskt program. Med gr\u00f6nare st\u00e4der f\u00f6r vi naturen n\u00e4rmare m\u00e4nniskor.<\/li>\n\n\n\n<li>St\u00e4rka barn och ungas f\u00f6ruts\u00e4ttningar f\u00f6r friluftsliv, s\u00e4rskilt i utanf\u00f6rskapsomr\u00e5den. D\u00e4rf\u00f6r satsar den moderatledda regeringen 90 miljoner kronor per \u00e5r p\u00e5 \u00f6kad simkunnighet och fem miljoner kronor per \u00e5r f\u00f6r friluftsorganisationernas aktiviteter i dessa omr\u00e5den f\u00f6r 2026\u20132028.\u00a0<\/li>\n\n\n\n<li>St\u00e4rka kunskapen om allemansr\u00e4tten och hur vi r\u00f6r oss ansvarsfullt i naturen med h\u00e4nsyn tagen till \u00e4gander\u00e4tten.\u00a0<\/li>\n<\/ul>\n\n\n\n<h2 class=\"wp-block-heading has-medium-font-size\" id=\"h-fragor-och-svar-inom-idrott-och-friluftsliv\"><strong>Fr\u00e5gor och svar inom idrott och friluftsliv<\/strong><\/h2>\n\n\n\n<p><strong>Vad vill Moderaterna g\u00f6ra f\u00f6r att fler barn och unga ska kunna delta i f\u00f6reningslivet?<\/strong><\/p>\n\n\n\n<p>Sverige ska vara v\u00e4rldens b\u00e4sta land att v\u00e4xa upp i. Det \u00e4r inte r\u00e4ttvist att vissa barn och unga l\u00e4mnas utanf\u00f6r f\u00f6reningsidrotten. Moderaternas tidigare vall\u00f6fte Idrottsklivet ger 100 miljoner kronor per \u00e5r till idrott i utanf\u00f6rskapsomr\u00e5den. Det \u00e4r en satsning som skapar b\u00e5de r\u00f6relsegl\u00e4dje och trygghet. Fritidskortet ger minst 550 kronor f\u00f6r alla barn mellan sex och 16 \u00e5r. Barn i familjer med svag ekonomi kan f\u00e5 2&nbsp;500 kronor. Hittills i \u00e5r har 440&nbsp;000 fritidskort beviljats.&nbsp;<\/p>\n\n\n\n<p>Vi har satsat 147 miljoner kronor p\u00e5 barns och ungas fritid i utanf\u00f6rskapsomr\u00e5den, bland annat \u00f6kad simkunnighet och friluftsliv. Str\u00e4vsamma m\u00e4nniskor som sliter med vardagspusslet ska k\u00e4nna att de f\u00e5r tillbaka. D\u00e4rf\u00f6r har vi ocks\u00e5 s\u00e4nkt skatten p\u00e5 bensin. Det g\u00f6r stor skillnad f\u00f6r dem som beh\u00f6ver skjutsa till tr\u00e4ningar, cuper och matcher.<\/p>\n\n\n\n<p><strong>Vad vill Moderaterna g\u00f6ra f\u00f6r att fler ska kunna ta del av friluftslivet?<\/strong><\/p>\n\n\n\n<p>Moderaterna vill att fler ska f\u00e5 tillg\u00e5ng till gr\u00f6nska och natur. D\u00e4rf\u00f6r har vi tagit fram ett friluftspolitiskt program med bland annat f\u00f6rslag p\u00e5 obligatoriska friluftsdagar i skolan. Under mandatperioden har vi b\u00f6rjat st\u00e4rka vandringsleder, nationalparker och naturreservat. Moderaterna menar att friluftslivet har en tydlig roll b\u00e5de f\u00f6r den \u00f6kade beredskapen och f\u00f6r m\u00e4nniskors v\u00e4lm\u00e5ende samt f\u00f6r att motverka ofrivillig ensamhet.<\/p>\n\n\n\n<h2 class=\"wp-block-heading has-large-font-size\" id=\"h-mer-fran-moderaterna\"><strong>Mer fr\u00e5n Moderaterna<\/strong><\/h2>\n\n\n\n<div class=\"wp-block-buttons is-layout-flex wp-block-buttons-is-layout-flex\">\n<div class=\"wp-block-button\"><a class=\"wp-block-button__link wp-element-button\" href=\"https:\/\/moderaterna.se\/nyhet\/det-har-handlar-valet-2026-om\/\">Det h\u00e4r handlar valet 2026 om<\/a><\/div>\n<\/div>\n\n\n\n<p><\/p>\n\n\n\n<div class=\"wp-block-buttons is-layout-flex wp-block-buttons-is-layout-flex\">\n<div class=\"wp-block-button\"><a class=\"wp-block-button__link wp-element-button\" href=\"https:\/\/moderaterna.se\/valloften-2026\/\">V\u00e5ra vall\u00f6ften<\/a><\/div>\n<\/div>\n\n\n\n<p><\/p>\n\n\n\n<div class=\"wp-block-buttons is-layout-flex wp-block-buttons-is-layout-flex\">\n<div class=\"wp-block-button\"><a class=\"wp-block-button__link wp-element-button\" href=\"https:\/\/moderaterna.se\/var-politik\/\">V\u00e5r politik<\/a><\/div>\n<\/div>\n\n\n\n<p><\/p>\n\n\n\n<div class=\"wp-block-buttons is-layout-flex wp-block-buttons-is-layout-flex\">\n<div class=\"wp-block-button\"><a class=\"wp-block-button__link wp-element-button\" href=\"https:\/\/moderaterna.se\/nyheter\/\">Nyheter fr\u00e5n Moderaterna<\/a><\/div>\n<\/div>\n\n\n\n<p><\/p>\n\n\n\n<div class=\"wp-block-buttons is-layout-flex wp-block-buttons-is-layout-flex\">\n<div class=\"wp-block-button\"><a class=\"wp-block-button__link wp-element-button\" href=\"https:\/\/moderaterna.se\/om-moderaterna\/vara-politiker\/\">V\u00e5ra politiker<\/a><\/div>\n<\/div>\n\n\n\n<p><\/p>\n","protected":false},"featured_media":0,"template":"","tags":[81],"class_list":["post-1721","subject-post","type-subject-post","status-publish","hentry","tag-importerad"],"acf":[],"_links":{"self":[{"href":"https:\/\/moderaterna.se\/varmland\/wp-json\/wp\/v2\/subject-post\/1721","targetHints":{"allow":["GET"]}}],"collection":[{"href":"https:\/\/moderaterna.se\/varmland\/wp-json\/wp\/v2\/subject-post"}],"about":[{"href":"https:\/\/moderaterna.se\/varmland\/wp-json\/wp\/v2\/types\/subject-post"}],"wp:attachment":[{"href":"https:\/\/moderaterna.se\/varmland\/wp-json\/wp\/v2\/media?parent=1721"}],"wp:term":[{"taxonomy":"post_tag","embeddable":true,"href":"https:\/\/moderaterna.se\/varmland\/wp-json\/wp\/v2\/tags?post=1721"}],"curies":[{"name":"wp","href":"https:\/\/api.w.org\/{rel}","templated":true}]}}