{"id":1715,"date":"2022-02-18T16:13:17","date_gmt":"2022-02-18T15:13:17","guid":{"rendered":"https:\/\/moderaterna.se\/?post_type=subject-post&#038;p=3475"},"modified":"2026-09-03T11:06:49","modified_gmt":"2026-09-03T09:06:49","slug":"jobb-och-arbetsmarknad","status":"publish","type":"subject-post","link":"https:\/\/moderaterna.se\/varmland\/var-politik\/jobb-och-arbetsmarknad\/","title":{"rendered":"Jobb och arbetsmarknad"},"content":{"rendered":"\n<p>Den som g\u00e5r upp tidigt, arbetar och g\u00f6r r\u00e4tt f\u00f6r sig ska f\u00e5 beh\u00e5lla mer av sin l\u00f6n. Moderaterna st\u00e5r alltid p\u00e5 h\u00e5rt arbetande m\u00e4nniskors sida. Med en stark arbetslinje och b\u00e4ttre villkor f\u00f6r f\u00f6retag blir jobben fler. S\u00e5 blir Sverige starkare och mer r\u00e4ttvist.<\/p>\n\n\n\n<h2 class=\"wp-block-heading has-large-font-size\" id=\"h-moderaternas-politik-inom-jobb-och-arbetsmarknad\"><strong>Moderaternas politik inom jobb och arbetsmarknad<\/strong><\/h2>\n\n\n\n<h3 class=\"wp-block-heading has-medium-font-size\" id=\"h-vi-aterupprattar-arbetslinjen\"><strong>Vi \u00e5teruppr\u00e4ttar arbetslinjen<\/strong><\/h3>\n\n\n\n<ul class=\"wp-block-list\">\n<li>I&nbsp;dag l\u00f6nar det sig inte alltid att arbeta j\u00e4mf\u00f6rt med att leva p\u00e5 bidrag. M\u00e5nga familjer f\u00f6rlorar till och med disponibel inkomst p\u00e5 att g\u00e5 fr\u00e5n bidrag till arbete. Det \u00e4r varken r\u00e4tt eller r\u00e4ttvist.<\/li>\n\n\n\n<li>Str\u00e4vsamma m\u00e4nniskor som jobbar, bidrar och sliter med vardagspusslet ska k\u00e4nna att det l\u00f6nar sig.<\/li>\n\n\n\n<li>Det r\u00e5der fortfarande stora utmaningar med kompetensf\u00f6rs\u00f6rjning. I dag har tre av fyra f\u00f6retag sv\u00e5rt att hitta r\u00e4tt kompetens. Utvecklingen av AI leder b\u00e5de till att jobb effektiviseras och blir f\u00e4rre samt att nya typer av jobb v\u00e4xer fram.<\/li>\n<\/ul>\n\n\n\n<h3 class=\"wp-block-heading has-medium-font-size\" id=\"h-darfor-vill-och-arbetar-moderaterna-for-att\"><strong>D\u00e4rf\u00f6r vill och arbetar Moderaterna f\u00f6r att:<\/strong><\/h3>\n\n\n\n<ul class=\"wp-block-list\">\n<li>\u00c5teruppr\u00e4tta arbetslinjen genom att s\u00e4nka skatten f\u00f6r alla som arbetar och har arbetat, med upp till 1 000 kr i m\u00e5naden \u2013 framf\u00f6r allt f\u00f6r l\u00e5g- och medelinkomsttagare.&nbsp;<strong>(Vall\u00f6fte 2026)<\/strong><\/li>\n\n\n\n<li>Med v\u00e5r politik har en vanlig barnfamilj f\u00e5tt 5 000 kronor mer kvar i pl\u00e5nboken varje m\u00e5nad, och n\u00e4sta mandatperiod ska familjen f\u00e5 ytterligare 5000 kr mer i m\u00e5naden.&nbsp;<strong>(Vall\u00f6fte 2026)<\/strong><\/li>\n\n\n\n<li>F\u00f6rst\u00e4rka jobbskatteavdraget f\u00f6r seniorer som arbetar efter pensions\u00e5ldern samt inf\u00f6ra ett nytt jobbat-avdrag som inneb\u00e4r att arbetsrelaterade pensionsinkomster beskattas l\u00e4gre.&nbsp;<strong>(Vall\u00f6fte 2026)<\/strong><\/li>\n\n\n\n<li>G\u00f6ra kollektivtrafikkort till en skattefri f\u00f6rm\u00e5n upp till 15 000 kronor, vilket g\u00f6r det billigare att pendla till jobbet.&nbsp;<strong>(Vall\u00f6fte 2026)<\/strong><\/li>\n\n\n\n<li>Inf\u00f6ra bidragstak och krav p\u00e5 heltidsaktiviteter f\u00f6r den som f\u00e5r f\u00f6rs\u00f6rjningsst\u00f6d. Det ska l\u00f6na sig mer att arbeta \u00e4n att leva p\u00e5 bidrag.<\/li>\n\n\n\n<li>G\u00f6ra det l\u00e4ttare att yrkesv\u00e4xla, men ocks\u00e5 att bygga p\u00e5 sin kompetens f\u00f6r att beh\u00e5lla sitt jobb eller avancera och g\u00f6ra karri\u00e4r. V\u00e4l omh\u00e4ndertaget kan utvecklingen med AI bidra till \u00f6kad produktivitet utan att m\u00e4nniskor sl\u00e5s ut fr\u00e5n arbete.&nbsp;<\/li>\n\n\n\n<li>Den som v\u00e4ljer att utbilda sig under arbetslivet b\u00f6r f\u00e5 r\u00e4tt att g\u00f6ra skatteavdrag f\u00f6r sina utbildningskostnader.<\/li>\n<\/ul>\n\n\n\n<h3 class=\"wp-block-heading has-medium-font-size\" id=\"h-bekampa-arbetslosheten\"><strong>Bek\u00e4mpa arbetsl\u00f6sheten<\/strong><\/h3>\n\n\n\n<ul class=\"wp-block-list\">\n<li>Arbetsl\u00f6sheten minskar och f\u00f6r f\u00f6rsta g\u00e5ngen p\u00e5 20 \u00e5r minskar \u00e4ven den strukturella arbetsl\u00f6sheten, som utg\u00f6r 85 procent av den totala arbetsl\u00f6sheten och inte beror p\u00e5 konjunkturen.&nbsp;<\/li>\n\n\n\n<li>Vi \u00e4r p\u00e5 r\u00e4tt v\u00e4g, men vi \u00e4r inte framme. Arbetsl\u00f6sheten \u00e4r fortfarande h\u00f6g. Av de arbetss\u00f6kande hos Arbetsf\u00f6rmedlingen \u00e4r fler \u00e4n h\u00e4lften f\u00f6dda i ett annat land. 110&nbsp;000 arbetss\u00f6kande saknar gymnasieutbildning.<\/li>\n<\/ul>\n\n\n\n<h3 class=\"wp-block-heading has-medium-font-size\" id=\"h-darfor-vill-och-arbetar-moderaterna-for-att-0\"><strong>D\u00e4rf\u00f6r vill och arbetar Moderaterna f\u00f6r att:<\/strong><\/h3>\n\n\n\n<ul class=\"wp-block-list\">\n<li>Reformera Arbetsf\u00f6rmedlingen med f\u00f6rst\u00e4rkt matchning, tidig kartl\u00e4ggning av arbetss\u00f6kandes behov och mer tr\u00e4ffs\u00e4kra anvisningar.&nbsp;&nbsp;Rekryteringsprocesserna ska underl\u00e4ttas.&nbsp;<\/li>\n\n\n\n<li>M\u00f6ta behoven inom olika bristyrken genom ytterligare 72&nbsp;000 platser inom yrkesvux och 53&nbsp;000 platser inom yrkesh\u00f6gskolan, f\u00f6rst\u00e4rka jobbspr\u00e5nget och tillskapa fler sommarjobb.&nbsp;<\/li>\n\n\n\n<li>Den moderatledda regeringen har inf\u00f6rt en jobbpremie som g\u00f6r det mer l\u00f6nsamt att g\u00e5 fr\u00e5n bidrag till arbete. Den moderatledda regeringen har reformerat a-kassan f\u00f6r att den ska bli mer trygg och modern. Fler inkluderas samtidigt som incitamenten styr mot snabb \u00e5terg\u00e5ng i arbete.<\/li>\n\n\n\n<li>Slopa fribeloppet i studiemedlet under sommarm\u00e5naderna juni, juli och augusti, s\u00e5 att studenter kan arbeta fritt utan att f\u00f6rlora studiemedel.&nbsp;<strong>(Vall\u00f6fte 2026)<\/strong><\/li>\n<\/ul>\n\n\n\n<h2 class=\"wp-block-heading has-medium-font-size\" id=\"h-fragor-och-svar-om-jobb-och-arbetsmarknad\"><strong>Fr\u00e5gor och svar om jobb och arbetsmarknad<\/strong><\/h2>\n\n\n\n<p><strong>\u00c4r arbetsl\u00f6sheten st\u00f6rre eller mindre nu j\u00e4mf\u00f6rt med n\u00e4r S styrde?<\/strong><\/p>\n\n\n\n<p>Arbetsl\u00f6sheten minskar och \u00e4r nu p\u00e5 samma niv\u00e5 som n\u00e4r vi tilltr\u00e4dde. Enligt Arbetsf\u00f6rmedlingens statistik:<\/p>\n\n\n\n<p>&nbsp;\u2013 \u00e4r den genomsnittliga arbetsl\u00f6sheten under 2026 \u00e4r l\u00e4gre \u00e4n den var 2022, trots att det d\u00e5 r\u00e5dde h\u00f6gkonjunktur.&nbsp;&nbsp;<\/p>\n\n\n\n<p>\u2013 var Arbetsl\u00f6sheten h\u00f6gre n\u00e4r Magdalena Andersson var statsminister \u00e4n vad den \u00e4r nu<\/p>\n\n\n\n<p>\u2013 var arbetsl\u00f6sheten under Socialdemokraternas \u00e5tta \u00e5r vid makten h\u00f6gre \u00e4n den \u00e4r nu i 94 av 96 m\u00e5nader.&nbsp;<\/p>\n\n\n\n<p><strong>Men SCB visar p\u00e5 h\u00f6gre arbetsl\u00f6shet och det \u00e4r den officiella statistiken?<\/strong><\/p>\n\n\n\n<p>Arbetsf\u00f6rmedlingen visar hur m\u00e5nga som har skrivit in sig p\u00e5 Arbetsf\u00f6rmedlingen och \u00e4r arbetsl\u00f6sa p\u00e5 riktigt. SCB m\u00e4ter alla som har f\u00f6rs\u00f6kt hitta ett jobb. Uppemot en tredjedel av de arbetsl\u00f6sa i SCB:s statistik \u00e4r heltidsstuderande som f\u00f6rs\u00f6kt hitta ett arbete. Arbetsf\u00f6rmedlingens statistik ger d\u00e4rf\u00f6r en mer r\u00e4ttvisande bild av hur arbetsl\u00f6sheten utvecklas.<\/p>\n\n\n\n<p><strong>Vad har ni gjort \u00e5t arbetsl\u00f6sheten?&nbsp;<\/strong><\/p>\n\n\n\n<p>Den strukturella arbetsl\u00f6sheten, den som inte beror p\u00e5 konjunkturen utan p\u00e5 l\u00e5ngvariga problem p\u00e5 arbetsmarknaden, minskar nu f\u00f6r f\u00f6rsta g\u00e5ngen p\u00e5 20 \u00e5r. Det beror p\u00e5 att vi har gjort det mer l\u00f6nsamt att arbeta och skapat b\u00e4ttre f\u00f6ruts\u00e4ttningar f\u00f6r integration. Vi beh\u00f6ver forts\u00e4tta i samma riktning.&nbsp;<\/p>\n\n\n\n<p><strong>Hur vill Moderaterna f\u00e5 fler i arbete?&nbsp;<\/strong><\/p>\n\n\n\n<p>Moderaterna vill att det alltid ska l\u00f6na sig att arbeta. D\u00e4rf\u00f6r s\u00e4nker vi skatten p\u00e5 arbete, st\u00e4rker drivkrafterna att g\u00e5 fr\u00e5n bidrag till jobb och satsar p\u00e5 utbildningar som leder till arbete. N\u00e4r fler arbetar st\u00e4rks b\u00e5de hush\u00e5llens ekonomi och v\u00e4lf\u00e4rden f\u00f6r alla.&nbsp;<\/p>\n\n\n\n<p><strong>Vad g\u00f6r Moderaterna f\u00f6r att minska arbetsl\u00f6sheten?&nbsp;<\/strong><\/p>\n\n\n\n<p>Arbetsl\u00f6sheten beh\u00f6ver m\u00f6tas med b\u00e5de krav och m\u00f6jligheter. Vi vill g\u00f6ra det enklare f\u00f6r f\u00f6retag att anst\u00e4lla, st\u00e4rka matchningen p\u00e5 arbetsmarknaden och f\u00f6rb\u00e4ttra integrationen s\u00e5 att fler kan f\u00f6rs\u00f6rja sig sj\u00e4lva.&nbsp;&nbsp;<\/p>\n\n\n\n<p><strong>St\u00e4mmer det att var fj\u00e4rde ung \u00e4r arbetsl\u00f6s?<\/strong><\/p>\n\n\n\n<p>Nej. Den siffran bygger p\u00e5 ett m\u00e5tt d\u00e4r m\u00e5nga studerande r\u00e4knas in, till exempel gymnasieelever eller studenter som s\u00f6ker extrajobb, v\u00e4ntar p\u00e5 ett sommarjobb eller \u00e4r mellan studier. Ser man i st\u00e4llet p\u00e5 unga som varken jobbar eller studerar, allts\u00e5 de som verkligen st\u00e5r utanf\u00f6r arbetsmarknaden, ligger ungdomsarbetsl\u00f6sheten p\u00e5 cirka 5,5 procent (enligt det s\u00e5 kallade NEET-m\u00e5ttet). I EU \u00e4r motsvarande siffra cirka 11 procent, s\u00e5 presterar Sverige b\u00e4ttre \u00e4n genomsnittet.<\/p>\n\n\n\n<p><strong>Hur vill Moderaterna hj\u00e4lpa unga in p\u00e5 arbetsmarknaden?&nbsp;<\/strong><\/p>\n\n\n\n<p>Det ska vara enklare att f\u00e5 sitt f\u00f6rsta jobb. D\u00e4rf\u00f6r vill vi st\u00e4rka yrkesutbildningarna, f\u00f6rb\u00e4ttra kontakten mellan skola och arbetsliv och g\u00f6ra det mer attraktivt f\u00f6r f\u00f6retag att anst\u00e4lla unga.<\/p>\n\n\n\n<p><strong>Varf\u00f6r s\u00e4ger Moderaterna nej till en lagstadgad arbetstidsf\u00f6rkortning?&nbsp;<\/strong><\/p>\n\n\n\n<p>Moderaterna \u00e4r inte emot kortare arbetstid. Vi \u00e4r emot att politiken ska lagstifta om det. Vi v\u00e4rnar den svenska modellen som m\u00f6jligg\u00f6r branschanpassade l\u00f6sningar d\u00e4r arbetsgivare och arbetstagare kommer \u00f6verens om arbetstiden. Problemet i Sverige \u00e4r inte att vi arbetar f\u00f6r mycket, utan att f\u00f6r m\u00e5nga fortfarande st\u00e5r utanf\u00f6r arbetsmarknaden. Enligt Sveriges kommuner och regioner skulle en lagstadgad arbetstidsf\u00f6rkortning inneb\u00e4ra ett produktionsbortfall p\u00e5 8,1 procent. V\u00e5rt fokus ligger p\u00e5 fler jobb, b\u00e4ttre arbetsmilj\u00f6 och en v\u00e4xande ekonomi.<\/p>\n\n\n\n<p><strong>Hur vill Moderaterna skapa b\u00e4ttre villkor i v\u00e4lf\u00e4rdens yrken?&nbsp;<\/strong><\/p>\n\n\n\n<p>Fler medarbetare ska vilja stanna kvar i v\u00e4lf\u00e4rden. D\u00e4rf\u00f6r vill vi f\u00f6rb\u00e4ttra arbetsmilj\u00f6n, \u00f6ka m\u00f6jligheterna till kompetensutveckling och ge verksamheterna b\u00e4ttre f\u00f6ruts\u00e4ttningar att organisera arbetet utifr\u00e5n lokala behov. Inom v\u00e5rden finns det redan i dag m\u00f6jlighet att anpassa arbetstiden genom f\u00f6rhandlingar mellan arbetsgivare och arbetstagare.&nbsp;<\/p>\n\n\n\n<p><strong>Hur ser Moderaterna p\u00e5 a-kassan?<\/strong><\/p>\n\n\n\n<p>Vi har reformerat a-kassan f\u00f6r att g\u00f6ra den mer trygg och modern. Den som f\u00f6rlorar jobbet ska ha ekonomisk trygghet samtidigt som det ska l\u00f6na sig att komma tillbaka i arbete. D\u00e4rf\u00f6r kombinerar vi ett starkt st\u00f6d i b\u00f6rjan av arbetsl\u00f6sheten med tydliga drivkrafter att \u00e5terg\u00e5 till jobb.<\/p>\n\n\n\n<p><strong>Hur fungerar jobbpremien?<\/strong><\/p>\n\n\n\n<p>Fr\u00e5n den 1 mars 2026 f\u00e5r den som g\u00e5r fr\u00e5n bidrag till anst\u00e4llning en jobbpremie \u2013 ett direkt ekonomiskt incitament. Det g\u00f6r att det l\u00f6nar sig b\u00e4ttre att ta steget in p\u00e5 arbetsmarknaden.&nbsp;<\/p>\n\n\n\n<h2 class=\"wp-block-heading has-large-font-size\" id=\"h-mer-fran-moderaterna\"><strong>Mer fr\u00e5n Moderaterna<\/strong><\/h2>\n\n\n\n<div class=\"wp-block-buttons is-layout-flex wp-block-buttons-is-layout-flex\">\n<div class=\"wp-block-button\"><a class=\"wp-block-button__link wp-element-button\" href=\"https:\/\/moderaterna.se\/nyhet\/det-har-handlar-valet-2026-om\/\">Det h\u00e4r handlar valet 2026 om<\/a><\/div>\n<\/div>\n\n\n\n<p><\/p>\n\n\n\n<div class=\"wp-block-buttons is-layout-flex wp-block-buttons-is-layout-flex\">\n<div class=\"wp-block-button\"><a class=\"wp-block-button__link wp-element-button\" href=\"https:\/\/moderaterna.se\/valloften-2026\/\">V\u00e5ra vall\u00f6ften<\/a><\/div>\n<\/div>\n\n\n\n<p><\/p>\n\n\n\n<div class=\"wp-block-buttons is-layout-flex wp-block-buttons-is-layout-flex\">\n<div class=\"wp-block-button\"><a class=\"wp-block-button__link wp-element-button\" href=\"https:\/\/moderaterna.se\/var-politik\/\">V\u00e5r politik<\/a><\/div>\n<\/div>\n\n\n\n<p><\/p>\n\n\n\n<div class=\"wp-block-buttons is-layout-flex wp-block-buttons-is-layout-flex\">\n<div class=\"wp-block-button\"><a class=\"wp-block-button__link wp-element-button\" href=\"https:\/\/moderaterna.se\/nyheter\/\">Nyheter fr\u00e5n Moderaterna<\/a><\/div>\n<\/div>\n\n\n\n<p><\/p>\n\n\n\n<div class=\"wp-block-buttons is-layout-flex wp-block-buttons-is-layout-flex\">\n<div class=\"wp-block-button\"><a class=\"wp-block-button__link wp-element-button\" href=\"https:\/\/moderaterna.se\/om-moderaterna\/vara-politiker\/\">V\u00e5ra politiker<\/a><\/div>\n<\/div>\n\n\n\n<p><\/p>\n","protected":false},"featured_media":0,"template":"","tags":[81],"class_list":["post-1715","subject-post","type-subject-post","status-publish","hentry","tag-importerad"],"acf":[],"_links":{"self":[{"href":"https:\/\/moderaterna.se\/varmland\/wp-json\/wp\/v2\/subject-post\/1715","targetHints":{"allow":["GET"]}}],"collection":[{"href":"https:\/\/moderaterna.se\/varmland\/wp-json\/wp\/v2\/subject-post"}],"about":[{"href":"https:\/\/moderaterna.se\/varmland\/wp-json\/wp\/v2\/types\/subject-post"}],"wp:attachment":[{"href":"https:\/\/moderaterna.se\/varmland\/wp-json\/wp\/v2\/media?parent=1715"}],"wp:term":[{"taxonomy":"post_tag","embeddable":true,"href":"https:\/\/moderaterna.se\/varmland\/wp-json\/wp\/v2\/tags?post=1715"}],"curies":[{"name":"wp","href":"https:\/\/api.w.org\/{rel}","templated":true}]}}