{"id":1269,"date":"2022-01-26T16:48:44","date_gmt":"2022-01-26T15:48:44","guid":{"rendered":"https:\/\/moderaterna.se\/?post_type=subject-post&#038;p=3054"},"modified":"2026-09-03T11:06:50","modified_gmt":"2026-09-03T09:06:50","slug":"integration","status":"publish","type":"subject-post","link":"https:\/\/moderaterna.se\/varmland\/var-politik\/integration\/","title":{"rendered":"Integration"},"content":{"rendered":"\n<p>F\u00f6r att Sverige ska kunna ha en v\u00e4xande ekonomi och en god v\u00e4lf\u00e4rd m\u00e5ste integrationen fungera. Parallellsamh\u00e4llen \u00e4r resultatet av en kravl\u00f6s politik. Det motverkar vi genom att st\u00e4lla krav \u2013 p\u00e5 svenska, p\u00e5 arbete och p\u00e5 att f\u00f6lja lagen. Moderaterna tror p\u00e5 alla m\u00e4nniskors f\u00f6rm\u00e5ga. Vart du \u00e4r p\u00e5 v\u00e4g \u00e4r viktigare \u00e4n varifr\u00e5n du kommer. Och anstr\u00e4ngning ska l\u00f6na sig, \u00e4ven f\u00f6r nyanl\u00e4nda.\u00a0<\/p>\n\n\n\n<h2 class=\"wp-block-heading has-large-font-size\" id=\"h-moderaternas-politik-inom-integration\"><strong>Moderaternas politik inom integration<\/strong><\/h2>\n\n\n\n<h3 class=\"wp-block-heading has-medium-font-size\" id=\"h-alla-ska-integreras-in-i-den-svenska-samhallsgemenskapen\"><strong>Alla ska integreras in i den svenska samh\u00e4llsgemenskapen<\/strong><\/h3>\n\n\n\n<ul class=\"wp-block-list\">\n<li>Drygt h\u00e4lften av dem som \u00e4r inskrivna som arbetsl\u00f6sa hos Arbetsf\u00f6rmedlingen \u00e4r f\u00f6dda utanf\u00f6r Sverige och av dem \u00e4r 65 procent f\u00f6dda utanf\u00f6r Europa, varav en majoritet endast har f\u00f6rgymnasial utbildning.<\/li>\n\n\n\n<li>F\u00f6r nyanl\u00e4nda som saknar gymnasieutbildning tar det v\u00e4ldigt m\u00e5nga \u00e5r att komma i arbete. Utanf\u00f6rskap g\u00e5r i arv till barn som aldrig ser sina f\u00f6r\u00e4ldrar g\u00e5 till jobbet och riskerar att orsaka problem f\u00f6r flera generationer.<\/li>\n\n\n\n<li>Den kravl\u00f6sa integrationspolitiken har resulterat i ett utbrett socioekonomiskt och v\u00e4rderingsm\u00e4ssigt utanf\u00f6rskap i form av arbetsl\u00f6shet, bidragsberoende, kriminalitet, parallella samh\u00e4llsstrukturer och hederskultur. Sveriges stora integrationsproblem p\u00e5verkar hela samh\u00e4llet.\u00a0<\/li>\n<\/ul>\n\n\n\n<h3 class=\"wp-block-heading has-medium-font-size\" id=\"h-darfor-vill-och-arbetar-moderaterna-for-att\"><strong>D\u00e4rf\u00f6r vill och arbetar Moderaterna f\u00f6r att:<\/strong><\/h3>\n\n\n\n<ul class=\"wp-block-list\">\n<li>Sk\u00e4rpa kraven och h\u00f6ja f\u00f6rv\u00e4ntningarna p\u00e5 de som invandrar till Sverige. Insatser till nyanl\u00e4nda ska tydligt och direkt inriktas p\u00e5 arbete och sj\u00e4lvf\u00f6rs\u00f6rjning samt vara individanpassade.<\/li>\n\n\n\n<li>Att nyanl\u00e4nda ska underteckna ett Sverigekontrakt. Fullf\u00f6ljandet av Sverigekontraktet ska vara en f\u00f6ruts\u00e4ttning f\u00f6r ekonomiskt st\u00f6d, kvalificering till v\u00e4lf\u00e4rden och beviljande av svenskt medborgarskap. Att inte fullf\u00f6lja Sverigekontraktet ska kunna ligga till grund f\u00f6r \u00e5terkallelse av uppeh\u00e5llstillst\u00e5nd.\u00a0<strong>(Arbetsst\u00e4mman 2025)<\/strong><\/li>\n\n\n\n<li>St\u00e4rka arbetslinjen, eftersom arbete \u00e4r den b\u00e4sta v\u00e4gen till integration. Deltagande i etableringsprogrammet ska kunna kombineras med f\u00f6r\u00e4ldraledighet f\u00f6r att \u00f6ka genomstr\u00f6mningen f\u00f6r kvinnor. Etableringsers\u00e4ttningen ska utformas s\u00e5 att de ekonomiska drivkrafterna f\u00f6r arbete och sj\u00e4lvf\u00f6rs\u00f6rjning st\u00e4rks. Nyanl\u00e4nda ska matchas mot arbete i hela landet.\u00a0<strong>(Arbetsst\u00e4mman 2025)<\/strong><\/li>\n\n\n\n<li>Uppv\u00e4rdera det svenska medborgarskapet genom att bland annat f\u00f6rl\u00e4nga hemvistkravet till minst \u00e5tta \u00e5r och inf\u00f6ra krav p\u00e5 kunskaper i svenska spr\u00e5ket, samh\u00e4llskunskap och egen f\u00f6rs\u00f6rjning f\u00f6r att f\u00f6rv\u00e4rva medborgarskap. De nya kraven tr\u00e4dde i kraft den 6 juni 2026.\u00a0<strong>(Tid\u00f6)<\/strong><\/li>\n\n\n\n<li>Utreda ett snabbsp\u00e5r till svenskt medborgarskap f\u00f6r den som arbetar, \u00e4r v\u00e4lintegrerad och g\u00f6r r\u00e4tt f\u00f6r sig, med kortare hemvisttid \u00e4n \u00e5tta \u00e5r f\u00f6r den som visar utomordentlig integration.<strong>\u00a0(Vall\u00f6fte 2026)<\/strong><\/li>\n<\/ul>\n\n\n\n<h3 class=\"wp-block-heading has-medium-font-size\" id=\"h-spraket-ar-nyckeln-in-till-den-svenska-samhallsgemenskapen\"><strong>Spr\u00e5ket \u00e4r nyckeln in till den svenska samh\u00e4llsgemenskapen<\/strong><\/h3>\n\n\n\n<ul class=\"wp-block-list\">\n<li>Tillr\u00e4ckligt bra kunskaper i svenska \u00e4r grundl\u00e4ggande f\u00f6r att etablera sig p\u00e5 arbetsmarknaden, komma in i samh\u00e4llsgemenskapen och f\u00f6r m\u00f6jligheten att skapa sig ett b\u00e4ttre liv.\u00a0<\/li>\n\n\n\n<li>Av de n\u00e4rmare 800\u00a0000 personer i \u00e5ldern 16 \u2013 65 \u00e5r som har bristande eller otillr\u00e4ckliga f\u00e4rdigheter i l\u00e4sning \u00e4r huvuddelen, cirka 570 000, utrikes f\u00f6dda.<\/li>\n\n\n\n<li>Ungef\u00e4r h\u00e4lften av de som invandrat till Sverige har behov av tolk \u00e4ven efter 14 \u00e5r i landet. Det offentliga Sverige l\u00e4gger i dag cirka tv\u00e5 miljarder kronor per \u00e5r p\u00e5 tolkning. Det \u00e4r inte en bra f\u00f6ruts\u00e4ttning f\u00f6r integration.<\/li>\n<\/ul>\n\n\n\n<h3 class=\"wp-block-heading has-medium-font-size\" id=\"h-darfor-vill-och-arbetar-moderaterna-for-att-0\"><strong>D\u00e4rf\u00f6r vill och arbetar Moderaterna f\u00f6r att:<\/strong><\/h3>\n\n\n\n<ul class=\"wp-block-list\">\n<li>Inr\u00e4tta en tv\u00e5\u00e5rig yrkesskola med fokus p\u00e5 yrkes\u00e4mnen och svenska.\u00a0<strong>(Tid\u00f6)<\/strong><\/li>\n\n\n\n<li>St\u00e4lla h\u00f6gre krav p\u00e5 den som deltar i SFI-undervisningen. Om individuella kunskapsm\u00e5l inte uppn\u00e5s ska exempelvis bidrag kunna minskas. Den moderatledda regeringen har f\u00f6rst\u00e4rkt SFI och sedan den 1 januari 2026 har den generella r\u00e4tten att delta i SFI begr\u00e4nsats till tre \u00e5r.\u00a0<strong>(Tid\u00f6)<\/strong><\/li>\n\n\n\n<li>Att minder\u00e5riga barn inte ska anv\u00e4ndas som tolkar f\u00f6r sina v\u00e5rdnadshavare och att tolk som huvudregel inte ska bekostas av det allm\u00e4nna efter tre \u00e5r i Sverige.\u00a0<strong>(Arbetsst\u00e4mman 2025)<\/strong><\/li>\n\n\n\n<li>Att SFI f\u00f6r personer med kort utbildningsbakgrund som huvudregel ska<\/li>\n\n\n\n<li>kombineras med yrkespraktik och motsvara en heltidsaktivering, med m\u00f6jlighet till specialutbildningar f\u00f6r dem med mycket kort eller ingen utbildning.\u00a0<strong>(Arbetsst\u00e4mman 2025)<\/strong><\/li>\n<\/ul>\n\n\n\n<h2 class=\"wp-block-heading has-medium-font-size\" id=\"h-fragor-och-svar-om-integration\"><strong>Fr\u00e5gor och svar om integration<\/strong><\/h2>\n\n\n\n<p><strong>Hur vill Moderaterna f\u00e5 fler utrikes f\u00f6dda i arbete?<\/strong><\/p>\n\n\n\n<p>Vi kombinerar tydliga krav, tidiga insatser och b\u00e4ttre m\u00f6jligheter att komma i arbete. Det handlar om att f\u00f6rb\u00e4ttra SFI, utbildningar som leder till arbete och snabbare matchning med jobb. Samtidigt inf\u00f6r vi bidragstak och aktivitetskrav f\u00f6r att det alltid ska l\u00f6na sig att jobba. En snabbare och mer individanpassad etablering ska leda till att fler utrikes f\u00f6dda f\u00f6rs\u00f6rjer sig sj\u00e4lva. Med v\u00e5r politik har syssels\u00e4ttningsgraden gradvis stigit samtidigt som arbetsl\u00f6sheten har minskat. Etableringen fungerar nu b\u00e4ttre. Detta m\u00e4rks inte minst bland utrikes f\u00f6dda kvinnor.&nbsp;<\/p>\n\n\n\n<p><strong>Vad kr\u00e4vs f\u00f6r att integrationen ska fungera?<\/strong><\/p>\n\n\n\n<p>Nyckeln till lyckad integration \u00e4r spr\u00e5k, arbete och egen f\u00f6rs\u00f6rjning. Den som kommer till Sverige ska f\u00e5 m\u00f6jligheter att lyckas, men ocks\u00e5 m\u00f6tas av tydliga krav.&nbsp;&nbsp;<\/p>\n\n\n\n<p><strong>Vad g\u00f6r Moderaterna f\u00f6r att minska utanf\u00f6rskapet?&nbsp;<\/strong><\/p>\n\n\n\n<p>Vi vill bryta bidragsberoendet och st\u00e4rka m\u00f6jligheterna till egen f\u00f6rs\u00f6rjning. Fler m\u00e4nniskor ska m\u00f6tas av b\u00e5de st\u00f6d och tydliga f\u00f6rv\u00e4ntningar f\u00f6r att snabbare komma in i arbete och gemenskap.<\/p>\n\n\n\n<p><strong>Varf\u00f6r vill Moderaterna ha krav f\u00f6r medborgarskap?&nbsp;<\/strong><\/p>\n\n\n\n<p>Det svenska medborgarskapet ska vara n\u00e5got att vara stolt \u00f6ver. D\u00e4rf\u00f6r vill vi att den som blir svensk medborgare ska kunna svenska, f\u00f6rs\u00f6rja sig sj\u00e4lv och respektera svenska lagar och v\u00e4rderingar. Tydliga krav hj\u00e4lper fler att bli en del av Sverige. Genom att st\u00e4lla krav p\u00e5 kunskaper i svenska, egen f\u00f6rs\u00f6rjning och kunskap om svenska v\u00e4rderingar blir det tydligt vad som f\u00f6rv\u00e4ntas f\u00f6r att h\u00f6ra hemma h\u00e4r. Ett medborgarskap med h\u00f6gt v\u00e4rde gynnar alla och symboliserar verklig tillh\u00f6righet.&nbsp;<\/p>\n\n\n\n<p><strong>Vad \u00e4r problemet med att vara l\u00e5ngvarigt bidragsberoende?<\/strong><\/p>\n\n\n\n<p>Forskning visar att l\u00e5nga bidragsperioder orsakar oh\u00e4lsa, fattigdom och utanf\u00f6rskap, vilket ytterligare f\u00f6rsv\u00e5rar m\u00f6jligheten att komma in p\u00e5 arbetsmarknaden och st\u00e5 p\u00e5 egna ben. Det \u00e4r d\u00e4rf\u00f6r viktigt att m\u00e4nniskor inte blir kvar i l\u00e5ngvarigt bidragsberoende.<\/p>\n\n\n\n<p><strong>Hur vill Moderaterna st\u00e4rka integrationen i utsatta omr\u00e5den?&nbsp;<\/strong><\/p>\n\n\n\n<p>Vi vill \u00f6ka tryggheten, st\u00e4rka skolorna, f\u00e5 fler i arbete och minska den kriminella p\u00e5verkan. Fokus ska ligga p\u00e5 att lyfta omr\u00e5den d\u00e4r utanf\u00f6rskapet \u00e4r som st\u00f6rst.<\/p>\n\n\n\n<p><strong>Hur kan minskad invandring hj\u00e4lpa integrationen?&nbsp;<\/strong><\/p>\n\n\n\n<p>Den tidigare migrationspolitiken skapade ett st\u00f6rre integrationsbehov \u00e4n vi kunde hantera. Minskad invandring ger b\u00e4ttre f\u00f6ruts\u00e4ttningar f\u00f6r integration av de som redan \u00e4r h\u00e4r. Vi fokuserar p\u00e5 h\u00f6gkvalificerad arbetskraftsinvandring som m\u00f6ter en faktisk efterfr\u00e5gan p\u00e5 arbetsmarknaden. Det hj\u00e4lper b\u00e5de befintliga inv\u00e5nare och nya.<\/p>\n\n\n\n<h2 class=\"wp-block-heading has-large-font-size\" id=\"h-mer-fran-moderaterna\"><strong>Mer fr\u00e5n Moderaterna<\/strong><\/h2>\n\n\n\n<div class=\"wp-block-buttons is-layout-flex wp-block-buttons-is-layout-flex\">\n<div class=\"wp-block-button\"><a class=\"wp-block-button__link wp-element-button\" href=\"https:\/\/moderaterna.se\/nyhet\/det-har-handlar-valet-2026-om\/\">Det h\u00e4r handlar valet 2026 om<\/a><\/div>\n<\/div>\n\n\n\n<p><\/p>\n\n\n\n<div class=\"wp-block-buttons is-layout-flex wp-block-buttons-is-layout-flex\">\n<div class=\"wp-block-button\"><a class=\"wp-block-button__link wp-element-button\" href=\"https:\/\/moderaterna.se\/valloften-2026\/\">V\u00e5ra vall\u00f6ften<\/a><\/div>\n<\/div>\n\n\n\n<p><\/p>\n\n\n\n<div class=\"wp-block-buttons is-layout-flex wp-block-buttons-is-layout-flex\">\n<div class=\"wp-block-button\"><a class=\"wp-block-button__link wp-element-button\" href=\"https:\/\/moderaterna.se\/var-politik\/\">V\u00e5r politik<\/a><\/div>\n<\/div>\n\n\n\n<p><\/p>\n\n\n\n<div class=\"wp-block-buttons is-layout-flex wp-block-buttons-is-layout-flex\">\n<div class=\"wp-block-button\"><a class=\"wp-block-button__link wp-element-button\" href=\"https:\/\/moderaterna.se\/nyheter\/\">Nyheter fr\u00e5n Moderaterna<\/a><\/div>\n<\/div>\n\n\n\n<p><\/p>\n\n\n\n<div class=\"wp-block-buttons is-layout-flex wp-block-buttons-is-layout-flex\">\n<div class=\"wp-block-button\"><a class=\"wp-block-button__link wp-element-button\" href=\"https:\/\/moderaterna.se\/om-moderaterna\/vara-politiker\/\">V\u00e5ra politiker<\/a><\/div>\n<\/div>\n\n\n\n<p><\/p>\n","protected":false},"featured_media":0,"template":"","tags":[81],"class_list":["post-1269","subject-post","type-subject-post","status-publish","hentry","tag-importerad"],"acf":[],"_links":{"self":[{"href":"https:\/\/moderaterna.se\/varmland\/wp-json\/wp\/v2\/subject-post\/1269","targetHints":{"allow":["GET"]}}],"collection":[{"href":"https:\/\/moderaterna.se\/varmland\/wp-json\/wp\/v2\/subject-post"}],"about":[{"href":"https:\/\/moderaterna.se\/varmland\/wp-json\/wp\/v2\/types\/subject-post"}],"wp:attachment":[{"href":"https:\/\/moderaterna.se\/varmland\/wp-json\/wp\/v2\/media?parent=1269"}],"wp:term":[{"taxonomy":"post_tag","embeddable":true,"href":"https:\/\/moderaterna.se\/varmland\/wp-json\/wp\/v2\/tags?post=1269"}],"curies":[{"name":"wp","href":"https:\/\/api.w.org\/{rel}","templated":true}]}}