{"id":1230,"date":"2026-08-05T14:22:34","date_gmt":"2026-08-05T12:22:34","guid":{"rendered":"https:\/\/moderaterna.se\/?post_type=subject-post&#038;p=519"},"modified":"2026-09-03T11:05:41","modified_gmt":"2026-09-03T09:05:41","slug":"invandring","status":"publish","type":"subject-post","link":"https:\/\/moderaterna.se\/varmland\/var-politik\/invandring\/","title":{"rendered":"Invandring"},"content":{"rendered":"\n<p>Den moderatledda regeringen har minskat invandringen till Sverige s\u00e5 att vi kan lyckas med integrationen. F\u00f6r oss \u00e4r det enkelt. De som kommer till Sverige, anstr\u00e4nger sig och g\u00f6r r\u00e4tt f\u00f6r sig ska f\u00e5 goda f\u00f6ruts\u00e4ttningar att bli del av v\u00e5r samh\u00e4llsgemenskap. De som beg\u00e5r brott eller missk\u00f6ter sig ska utvisas.<\/p>\n\n\n\n<h2 class=\"wp-block-heading has-medium-font-size\" id=\"h-det-har-har-vi-gjort-angaende-invandringen\"><strong>Det h\u00e4r har vi gjort ang\u00e5ende invandringen<\/strong><\/h2>\n\n\n\n<p>Sverige har nu den l\u00e4gsta asylrelaterade invandringen p\u00e5 \u00f6ver 40 \u00e5r. Det \u00e4r n\u00f6dv\u00e4ndigt f\u00f6r att de som redan invandrat till Sverige ska f\u00e5 b\u00e4ttre m\u00f6jligheter att integrera sig i samh\u00e4llet. F\u00f6r att st\u00e4rka betydelsen av det svenska medborgarskapet har den moderatledda regeringen inf\u00f6rt krav p\u00e5 kunskaper i svenska och samh\u00e4llskunskap, egen f\u00f6rs\u00f6rjning och att ha bott i Sverige en l\u00e4ngre tid f\u00f6r att bli svensk medborgare.<\/p>\n\n\n\n<p>Arbetskraftsinvandringen ska vara bra f\u00f6r Sverige. D\u00e4rf\u00f6r har den moderatledda regeringen \u00e4ndrat reglerna f\u00f6r arbetskraftsinvandring f\u00f6r att motverka fusk och att m\u00e4nniskor utnyttjas. F\u00f6rs\u00f6rjningskravet har h\u00f6jts f\u00f6r arbetskraftsinvandrare fr\u00e5n l\u00e4nder utanf\u00f6r EU. Samtidigt har vi f\u00f6renklat och f\u00f6rb\u00e4ttrat regelverket f\u00f6r att fler h\u00f6gkvalificerade arbetskraftsinvandrare, forskare och doktorander ska v\u00e4lja att arbeta i Sverige.<\/p>\n\n\n\n<p>M\u00e5nga fler invandrare som beg\u00e5r brott eller missk\u00f6ter sig utvisas nu. Reglerna f\u00f6r utvisning p\u00e5 grund av brott har sk\u00e4rpts. Den som d\u00f6ms f\u00f6r en p\u00e5f\u00f6ljd str\u00e4ngare \u00e4n b\u00f6ter ska utvisas. Vi har ocks\u00e5 inf\u00f6rt regler som g\u00f6r att utl\u00e4nningar som missk\u00f6ter sig genom att exempelvis fuska med bidrag eller inte betala tillbaka sina skulder kan utvisas ur Sverige.&nbsp;<\/p>\n\n\n\n<h2 class=\"wp-block-heading has-medium-font-size\" id=\"h-det-har-vill-vi-gora-angaende-invandringen\"><strong>Det h\u00e4r vill vi g\u00f6ra ang\u00e5ende invandringen<\/strong><\/h2>\n\n\n\n<p>F\u00f6r att Sverige ska lyckas med integrationen beh\u00f6ver vi ha en stram migrationspolitik under l\u00e5ng tid fram\u00f6ver. Moderaterna vill att asylinvandringen till Sverige fortsatt ska vara minimal och att den asylrelaterade migrationspolitiken ska f\u00f6lja EU:s miniminiv\u00e5. De stora reformerna p\u00e5 migrationsomr\u00e5det \u00e4r nu genomf\u00f6rda och n\u00e4sta mandatperiod vill vi fokusera p\u00e5 reformer f\u00f6r att f\u00f6rb\u00e4ttra integrationen. Vi vill bland annat f\u00f6rb\u00e4ttra etableringsprogrammet, SFI och samh\u00e4llsorienteringen s\u00e5 att nyanl\u00e4nda snabbare l\u00e4r sig svenska, kommer i arbete och blir del av samh\u00e4llsgemenskapen.&nbsp;<\/p>\n\n\n\n<p>Samtidigt vill Moderaterna forts\u00e4tta f\u00f6rb\u00e4ttra f\u00f6ruts\u00e4ttningarna f\u00f6r h\u00f6gkvalificerad arbetskraftsinvandring. Det ska finnas m\u00f6jlighet till undantag fr\u00e5n de sk\u00e4rpta l\u00f6nekraven f\u00f6r bristyrken, s\u00e5 att svenska f\u00f6retag kan attrahera den kompetens som arbetsmarknaden beh\u00f6ver.<\/p>\n\n\n\n<h2 class=\"wp-block-heading has-medium-font-size\" id=\"h-vi-star-infor-ett-vagval\"><strong>Vi st\u00e5r inf\u00f6r ett v\u00e4gval<\/strong><\/h2>\n\n\n\n<p>Med en moderatledd regering ligger den strama migrationspolitiken fast, vilket ger Sverige b\u00e4ttre f\u00f6ruts\u00e4ttningar att lyckas med integrationen. Med en r\u00f6dgr\u00f6n regering kommer invandringen \u00f6ka kraftigt, vilket f\u00f6rsv\u00e5rar integrationen. \u00c4ven om Socialdemokraterna s\u00e4ger att de vill ha en stram migrationspolitik, s\u00e5 kommer det vara om\u00f6jligt att genomf\u00f6ra tillsammans med V\u00e4nsterpartiet och Milj\u00f6partiet som har r\u00f6stat nej till i princip alla sk\u00e4rpningar vi har genomf\u00f6rt de senaste \u00e5ren. V\u00e4nsterpartiet, Milj\u00f6partiet och Centerpartiet har alla lagt flera f\u00f6rslag i riksdagen som skulle \u00f6ka invandringen till Sverige kraftigt.<\/p>\n\n\n\n<h2 class=\"wp-block-heading has-medium-font-size\" id=\"h-fragor-och-svar-om-invandring\"><strong>Fr\u00e5gor och svar om invandring<\/strong><\/h2>\n\n\n\n<p><strong>Varf\u00f6r vill Moderaterna ha en minimal asylinvandring?&nbsp;<\/strong><\/p>\n\n\n\n<p>Sverige har tidigare haft en mycket stor asylinvandring. Bara under Socialdemokraternas \u00e5tta \u00e5r vid makten s\u00f6kte 320&nbsp;000 m\u00e4nniskor asyl i Sverige. M\u00e5nga av dem som kommit till Sverige har tyv\u00e4rr inte blivit en del av v\u00e5r samh\u00e4llsgemenskap \u2013 de har inte kommit i arbete och inte l\u00e4rt sig tillr\u00e4ckligt bra svenska. Vi vill att de som kommer hit och de som redan kommit hit men \u00e4nnu inte blivit en del av samh\u00e4llsgemenskapen ska ges b\u00e4ttre f\u00f6ruts\u00e4ttningar att integreras. Det kr\u00e4ver en minimal asylinvandring under \u00f6versk\u00e5dlig tid.<\/p>\n\n\n\n<p><strong>Varf\u00f6r utvisas barn och ton\u00e5ringar som g\u00f6r r\u00e4tt f\u00f6r sig?&nbsp;<\/strong><\/p>\n\n\n\n<p>F\u00f6r oss \u00e4r det viktigt att hj\u00e4lpa dessa ungdomar. Det \u00e4r inte r\u00e4ttvist att sk\u00f6tsamma ungdomar som har gjort r\u00e4tt f\u00f6r sig hamnar i kl\u00e4m p\u00e5 det h\u00e4r s\u00e4ttet. Regeringen har tagit fram en l\u00f6sning som tr\u00e4der i kraft den 1 oktober 2026. Den inneb\u00e4r att unga vuxna som tidigare har beviljats uppeh\u00e5llstillst\u00e5nd p\u00e5 grund av anknytning som barn och sedan har fyllt 18 \u00e5r ska kunna beviljas uppeh\u00e5llstillst\u00e5nd om de \u00e4r under 21 \u00e5r. Moderaterna vill g\u00f6ra mer f\u00f6r att stoppa or\u00e4ttvisa utvisningar. Vi har d\u00e4rf\u00f6r kommit \u00f6verens med KD, L och SD om att tills\u00e4tta en snabbutredning f\u00f6r att se \u00f6ver hur ungdomar som har fyllt 21 \u00e5r ska f\u00e5 s\u00f6ka ett annat uppeh\u00e5llstillst\u00e5nd inifr\u00e5n Sverige.<\/p>\n\n\n\n<h2 class=\"wp-block-heading has-large-font-size\" id=\"h-mer-fran-moderaterna\"><strong>Mer fr\u00e5n Moderaterna<\/strong><\/h2>\n\n\n\n<div class=\"wp-block-buttons is-layout-flex wp-block-buttons-is-layout-flex\">\n<div class=\"wp-block-button\"><a class=\"wp-block-button__link wp-element-button\" href=\"https:\/\/moderaterna.se\/valmanifest-2026\/\">Moderaternas valmanifest<\/a><\/div>\n<\/div>\n\n\n\n<p><\/p>\n\n\n\n<div class=\"wp-block-buttons is-layout-flex wp-block-buttons-is-layout-flex\">\n<div class=\"wp-block-button\"><a class=\"wp-block-button__link wp-element-button\" href=\"https:\/\/moderaterna.se\/nyhet\/det-har-handlar-valet-2026-om\/\">Det h\u00e4r handlar valet 2026 om<\/a><\/div>\n<\/div>\n\n\n\n<p><\/p>\n\n\n\n<div class=\"wp-block-buttons is-layout-flex wp-block-buttons-is-layout-flex\">\n<div class=\"wp-block-button\"><a class=\"wp-block-button__link wp-element-button\" href=\"https:\/\/moderaterna.se\/valloften-2026\/\">V\u00e5ra vall\u00f6ften<\/a><\/div>\n<\/div>\n\n\n\n<p><\/p>\n\n\n\n<div class=\"wp-block-buttons is-layout-flex wp-block-buttons-is-layout-flex\">\n<div class=\"wp-block-button\"><a class=\"wp-block-button__link wp-element-button\" href=\"https:\/\/moderaterna.se\/vi-far-saker-gjorda\/\">Vi f\u00e5r saker gjorda<\/a><\/div>\n<\/div>\n\n\n\n<p><\/p>\n\n\n\n<div class=\"wp-block-buttons is-layout-flex wp-block-buttons-is-layout-flex\">\n<div class=\"wp-block-button\"><a class=\"wp-block-button__link wp-element-button\" href=\"https:\/\/moderaterna.se\/var-politik\/\">V\u00e5r politik<\/a><\/div>\n<\/div>\n\n\n\n<p><\/p>\n\n\n\n<div class=\"wp-block-buttons is-layout-flex wp-block-buttons-is-layout-flex\">\n<div class=\"wp-block-button\"><a class=\"wp-block-button__link wp-element-button\" href=\"https:\/\/moderaterna.se\/nyheter\/\">Nyheter fr\u00e5n Moderaterna<\/a><\/div>\n<\/div>\n\n\n\n<p><\/p>\n","protected":false},"featured_media":0,"template":"","tags":[81],"class_list":["post-1230","subject-post","type-subject-post","status-publish","hentry","tag-importerad"],"acf":[],"_links":{"self":[{"href":"https:\/\/moderaterna.se\/varmland\/wp-json\/wp\/v2\/subject-post\/1230","targetHints":{"allow":["GET"]}}],"collection":[{"href":"https:\/\/moderaterna.se\/varmland\/wp-json\/wp\/v2\/subject-post"}],"about":[{"href":"https:\/\/moderaterna.se\/varmland\/wp-json\/wp\/v2\/types\/subject-post"}],"wp:attachment":[{"href":"https:\/\/moderaterna.se\/varmland\/wp-json\/wp\/v2\/media?parent=1230"}],"wp:term":[{"taxonomy":"post_tag","embeddable":true,"href":"https:\/\/moderaterna.se\/varmland\/wp-json\/wp\/v2\/tags?post=1230"}],"curies":[{"name":"wp","href":"https:\/\/api.w.org\/{rel}","templated":true}]}}