{"id":827,"date":"2018-02-19T14:05:40","date_gmt":"2018-02-19T13:05:40","guid":{"rendered":"https:\/\/moderaterna.se\/varmland\/nyhet\/varmland-atgardsprogram-mot-utlandska-stoldligor\/"},"modified":"2022-01-13T13:57:58","modified_gmt":"2022-01-13T12:57:58","slug":"varmland-atgardsprogram-mot-utlandska-stoldligor","status":"publish","type":"post","link":"https:\/\/moderaterna.se\/varmland\/nyhet\/varmland-atgardsprogram-mot-utlandska-stoldligor\/","title":{"rendered":"\u00c5tg\u00e4rdsprogram mot utl\u00e4ndska st\u00f6ldligor"},"content":{"rendered":"<p>Antalet bostadsinbrott \u00f6kar i Sverige och andelen bostadsinbrott som beg\u00e5s av utl\u00e4ndska st\u00f6ldligor har eskalerat. Idag uppskattas de utl\u00e4ndska ligorna st\u00e5 f\u00f6r ungef\u00e4r h\u00e4lften av alla bostadsinbrott i Sverige. Moderaterna f\u00f6resl\u00e5r nu ett \u00e5tg\u00e4rdsprogram mot utl\u00e4ndska st\u00f6ldligor.<\/p>\n<p><span><span><span><span>Andelen bostadsinbrott som beg\u00e5s av utl\u00e4ndska st\u00f6ldligor har eskalerat, och idag uppskattas ligorna st\u00e5 f\u00f6r n\u00e4rmare h\u00e4lften av alla bostadsinbrott i Sverige. Syftet med den h\u00e4r rapporten \u00e4r att belysa den regionala l\u00e4gesbilden i V\u00e4rmland och hur Moderaternas \u00e5tg\u00e4rdsprogram kan minska bostadsinbrotten. Enligt den \u00e5rsvisa statistiken hos Brottsf\u00f6rebyggande r\u00e5det utsattes 1,8 procent av hush\u00e5llen f\u00f6r bostadsinbrott under 2016, cirka 79 000 hush\u00e5ll i Sverige. I V\u00e4rmland \u00e4r situationen lika orov\u00e4ckande och i fjol uppgav 1200 hush\u00e5ll i V\u00e4rmland att de hade utsatts f\u00f6r bostadsinbrott. &nbsp;Hela rapporten finns bifogad l\u00e4ngre ned p\u00e5 sidan.&nbsp;<\/span><\/span><\/span><\/span><\/p>\n","protected":false},"excerpt":{"rendered":"<p>Antalet bostadsinbrott \u00f6kar i Sverige och andelen bostadsinbrott som beg\u00e5s av utl\u00e4ndska st\u00f6ldligor har eskalerat. Idag uppskattas de utl\u00e4ndska ligorna st\u00e5 f\u00f6r ungef\u00e4r h\u00e4lften av alla bostadsinbrott i Sverige. Moderaterna f\u00f6resl\u00e5r nu ett \u00e5tg\u00e4rdsprogram mot utl\u00e4ndska st\u00f6ldligor. <\/p>\n","protected":false},"author":9,"featured_media":0,"comment_status":"closed","ping_status":"closed","sticky":false,"template":"","format":"standard","meta":{"_acf_changed":false,"_relevanssi_hide_post":"","_relevanssi_hide_content":"","_relevanssi_pin_for_all":"","_relevanssi_pin_keywords":"","_relevanssi_unpin_keywords":"","_relevanssi_related_keywords":"","_relevanssi_related_include_ids":"","_relevanssi_related_exclude_ids":"","_relevanssi_related_no_append":"","_relevanssi_related_not_related":"","_relevanssi_related_posts":"","_relevanssi_noindex_reason":"","footnotes":""},"categories":[1],"tags":[81],"subject":[],"class_list":["post-827","post","type-post","status-publish","format-standard","hentry","category-nyhet","tag-importerad"],"acf":[],"publishpress_future_action":{"enabled":false,"date":"2026-05-10 11:35:32","action":"change-status","newStatus":"draft","terms":[],"taxonomy":"category"},"_links":{"self":[{"href":"https:\/\/moderaterna.se\/varmland\/wp-json\/wp\/v2\/posts\/827","targetHints":{"allow":["GET"]}}],"collection":[{"href":"https:\/\/moderaterna.se\/varmland\/wp-json\/wp\/v2\/posts"}],"about":[{"href":"https:\/\/moderaterna.se\/varmland\/wp-json\/wp\/v2\/types\/post"}],"author":[{"embeddable":true,"href":"https:\/\/moderaterna.se\/varmland\/wp-json\/wp\/v2\/users\/9"}],"replies":[{"embeddable":true,"href":"https:\/\/moderaterna.se\/varmland\/wp-json\/wp\/v2\/comments?post=827"}],"version-history":[{"count":3,"href":"https:\/\/moderaterna.se\/varmland\/wp-json\/wp\/v2\/posts\/827\/revisions"}],"predecessor-version":[{"id":943,"href":"https:\/\/moderaterna.se\/varmland\/wp-json\/wp\/v2\/posts\/827\/revisions\/943"}],"wp:attachment":[{"href":"https:\/\/moderaterna.se\/varmland\/wp-json\/wp\/v2\/media?parent=827"}],"wp:term":[{"taxonomy":"category","embeddable":true,"href":"https:\/\/moderaterna.se\/varmland\/wp-json\/wp\/v2\/categories?post=827"},{"taxonomy":"post_tag","embeddable":true,"href":"https:\/\/moderaterna.se\/varmland\/wp-json\/wp\/v2\/tags?post=827"},{"taxonomy":"subject","embeddable":true,"href":"https:\/\/moderaterna.se\/varmland\/wp-json\/wp\/v2\/subject?post=827"}],"curies":[{"name":"wp","href":"https:\/\/api.w.org\/{rel}","templated":true}]}}