{"id":821,"date":"2018-08-24T14:26:38","date_gmt":"2018-08-24T12:26:38","guid":{"rendered":"https:\/\/moderaterna.se\/varmland\/nyhet\/varmland-karlstad-ska-bli-sveriges-ledande-centrum-samhallssakerhet-och-civilt-forsvar\/"},"modified":"2022-01-13T13:57:58","modified_gmt":"2022-01-13T12:57:58","slug":"varmland-karlstad-ska-bli-sveriges-ledande-centrum-samhallssakerhet-och-civilt-forsvar","status":"publish","type":"post","link":"https:\/\/moderaterna.se\/varmland\/nyhet\/varmland-karlstad-ska-bli-sveriges-ledande-centrum-samhallssakerhet-och-civilt-forsvar\/","title":{"rendered":"Karlstad ska bli Sveriges ledande centrum f\u00f6r samh\u00e4llss\u00e4kerhet och civilt f\u00f6rsvar"},"content":{"rendered":"<p>P\u00e5l Jonson (M), riksdagsledamot och Per-Samuel Nisser (M), kommunstyrelsens ordf\u00f6rande i Karlstad presenterade rapport med konkreta punkter f\u00f6r hur Karlstad ska bli ledande centrum f\u00f6r samh\u00e4llss\u00e4kerhet och civilt f\u00f6rsvar.<\/p>\n<p><strong>Fem f\u00f6rslag f\u00f6r att g\u00f6ra Karlstad till Sveriges ledande centrum f\u00f6r samh\u00e4llss\u00e4kerhet<\/strong><\/p>\n<p>&nbsp;<\/p>\n<p>1. Skapa ett centrum f\u00f6r samh\u00e4llss\u00e4kerhet och totalf\u00f6rsvar i Karlstad<\/p>\n<p>Ett s\u00e5dant centrum kan genomf\u00f6ra uppdragsutbildningar, analyser och forskning p\u00e5 nationell niv\u00e5<\/p>\n<p>f\u00f6r myndigheter, kommuner, landsting och f\u00f6retag. Men det kan \u00e4ven genom sin lokalisering i Karlstad<\/p>\n<p>bidra till att st\u00f6tta de akt\u00f6rer som finns i regionen och fungera som ett gravitationscenter f\u00f6r<\/p>\n<p>en klusterbildning. Idag finns ett s\u00e5dant nyetablerat centrum genom F\u00f6rsvarsh\u00f6gskolan i Stockholm.<\/p>\n<p>Vi ser g\u00e4rna att denna verksamhet \u00e4ven utvidgas till F\u00f6rsvarsh\u00f6gskolan i Karlstad. Detta<\/p>\n<p>centrum skulle p\u00e5 ett effektivt s\u00e4tt kunna st\u00f6tta de utbildnings- och forskningsbehov som t.ex.<\/p>\n<p>Rekryteringsmyndigheten, Els\u00e4kerhetsverket, MSB, R\u00e4ddningstj\u00e4nsten, polisen och andra akt\u00f6rer<\/p>\n<p>har.<\/p>\n<p>&nbsp;<\/p>\n<p>2. Erbjuda utbildningsplatser f\u00f6r kvalificerade s\u00e4kerhetsutbildningar inom r\u00e4ddningstj\u00e4nst,<\/p>\n<p>krisberedskap och civilt f\u00f6rsvar<\/p>\n<p>Det kommer att finnas ett starkt behov utbildningsbehov inom omr\u00e5dena samh\u00e4llss\u00e4kerhet och<\/p>\n<p>civilt f\u00f6rsvar. Erfarenheterna fr\u00e5n skogsbr\u00e4nderna denna sommar pekar ocks\u00e5 p\u00e5 att det finns ett<\/p>\n<p>starkt behov av att utbilda fler deltidsbrandm\u00e4n och andra kompetenser som beh\u00f6vs inom omr\u00e5det<\/p>\n<p>samh\u00e4llss\u00e4kerhet. Idag finns det m\u00f6jligheter att studera risk- och krishantering p\u00e5 Karlstad<\/p>\n<p>universitet. Vi skulle g\u00e4rna vilja utvidga utbildningsutbudet i Karlstad f\u00f6r att p\u00e5 ett effektivare s\u00e4tt<\/p>\n<p>kunna personalf\u00f6rs\u00f6rja de myndigheter och f\u00f6retag som verkar h\u00e4r. Detta kan med f\u00f6rdel ske<\/p>\n<p>genom ett ut\u00f6kat samarbete mellan Karlstad universitet, F\u00f6rsvarsh\u00f6gskolan och eventuellt Polisregion<\/p>\n<p>Bergslagen. Men \u00e4ven Karlstad kommun \u00e4r villigt att bidra till den h\u00e4r processen.<\/p>\n<p>&nbsp;<\/p>\n<p>3. Ge Business V\u00e4rmland i uppdrag att fr\u00e4mja f\u00f6retagsetableringar inom omr\u00e5det samh\u00e4llss\u00e4kerhet<\/p>\n<p>Karlstad erbjuder unika m\u00f6jligheter f\u00f6r f\u00f6retag som \u00e4r verksamma inom omr\u00e5dena samh\u00e4llss\u00e4kerhet<\/p>\n<p>och civilt f\u00f6rsvar att etablera sig h\u00e4r. Det finns redan idag f\u00f6retag som valt att f\u00f6rl\u00e4gga samh\u00e4llsviktig<\/p>\n<p>och s\u00e4kerhetsk\u00e4nslig verksamhet till Karlstad. Det finns ingen annan region d\u00e4r det finns<\/p>\n<p>s\u00e5 goda f\u00f6ruts\u00e4ttningar att rekrytera kompetent personal inom detta omr\u00e5de med s\u00e5 l\u00e5g personaloms\u00e4ttning.<\/p>\n<p>Det finns \u00e4ven tillg\u00e5ng till kvalificerade forskningsmilj\u00f6er p\u00e5 Karlstad universitet och<\/p>\n<p>F\u00f6rsvarsh\u00f6gskolan. Men framf\u00f6rallt finns det unika lokaler i t.ex. Karolinen som kan erbjuda ett<\/p>\n<p>h\u00f6gt s\u00e4kerhetsskydd med tillg\u00e5ng till signalskydd, skyddsrum och skalskydd. Vi ser g\u00e4rna att fler<\/p>\n<p>f\u00f6retag som har behov av h\u00f6gt s\u00e4kerhetsskydd etablerar sig h\u00e4r och vill ge Business V\u00e4rmland i<\/p>\n<p>uppdrag fr\u00e4mja detta.<\/p>\n<p>&nbsp;<\/p>\n<p>4. Regionalt ansvarig f\u00f6r det civila f\u00f6rsvaret<\/p>\n<p>F\u00f6rsvarsberedningen har f\u00f6reslagit att det civila f\u00f6rsvaret i Sverige ska delas in i tre till sex regionala<\/p>\n<p>omr\u00e5den. Det inneb\u00e4r att de L\u00e4nsstyrelser som f\u00e5r det regionala ansvaret f\u00f6r det civila f\u00f6rsvaret<\/p>\n<p>kommer att f\u00f6rst\u00e4rkas med ca. 60 till 80 personer. Vilka l\u00e4nsstyrelser som ska f\u00e5 detta ansvar<\/p>\n<p>ska naturligtvis styras av verksamhetsnyttan och vad som \u00e4r b\u00e4st f\u00f6r Sveriges s\u00e4kerhet. I ljuset<\/p>\n<p>av den starka verksamhet som finns i Karlstad bed\u00f6mer vi att det finns goda f\u00f6ruts\u00e4ttningar att<\/p>\n<p>l\u00e4gga denna verksamhet h\u00e4r. Regeringen tillsatte en utredning i denna fr\u00e5ga f\u00f6rra veckan som ska<\/p>\n<p>presenteras i slutet av n\u00e4sta \u00e5r.<\/p>\n<p>&nbsp;<\/p>\n<p>5. Karlstad kommun ska bli b\u00e4st i landet p\u00e5 informationss\u00e4kerhet<\/p>\n<p>Om Karlstad ska bli ett ledande center f\u00f6r samh\u00e4llss\u00e4kerhet s\u00e5 m\u00e5ste kommunen leda genom exempel.<\/p>\n<p>Myndigheter och f\u00f6retag som bedriver s\u00e4kerhetsk\u00e4nslig verksamhet h\u00e4r m\u00e5ste kunna lita<\/p>\n<p>p\u00e5 drifts\u00e4kerheten och stabiliteten i den infrastruktur som kommunen tillhandah\u00e5ller. Arbetet med<\/p>\n<p>att st\u00e4rka kommunens eget arbete med civilt f\u00f6rsvar och samh\u00e4llss\u00e4kerhet \u00e4r redan h\u00f6gt prioriterat.<\/p>\n<p>Men Karlstad kommun b\u00f6r \u00e4ven ans\u00f6ka hos MSB om att f\u00e5 tillg\u00e5ng till tekniska sensorsystem<\/p>\n<p>\u2013 i delar av sitt IT-system &#8211; f\u00f6r att \u00f6ka informationss\u00e4kerheten.<\/p>\n","protected":false},"excerpt":{"rendered":"<p>P\u00e5l Jonson (M), riksdagsledamot och Per-Samuel Nisser (M), kommunstyrelsens ordf\u00f6rande i Karlstad presenterade rapport med konkreta punkter f\u00f6r hur Karlstad ska bli ledande centrum f\u00f6r samh\u00e4llss\u00e4kerhet och civilt f\u00f6rsvar.<\/p>\n","protected":false},"author":9,"featured_media":0,"comment_status":"closed","ping_status":"closed","sticky":false,"template":"","format":"standard","meta":{"_acf_changed":false,"_relevanssi_hide_post":"","_relevanssi_hide_content":"","_relevanssi_pin_for_all":"","_relevanssi_pin_keywords":"","_relevanssi_unpin_keywords":"","_relevanssi_related_keywords":"","_relevanssi_related_include_ids":"","_relevanssi_related_exclude_ids":"","_relevanssi_related_no_append":"","_relevanssi_related_not_related":"","_relevanssi_related_posts":"","_relevanssi_noindex_reason":"","footnotes":""},"categories":[1],"tags":[81],"subject":[],"class_list":["post-821","post","type-post","status-publish","format-standard","hentry","category-nyhet","tag-importerad"],"acf":[],"publishpress_future_action":{"enabled":false,"date":"2026-05-10 11:34:06","action":"change-status","newStatus":"draft","terms":[],"taxonomy":"category"},"_links":{"self":[{"href":"https:\/\/moderaterna.se\/varmland\/wp-json\/wp\/v2\/posts\/821","targetHints":{"allow":["GET"]}}],"collection":[{"href":"https:\/\/moderaterna.se\/varmland\/wp-json\/wp\/v2\/posts"}],"about":[{"href":"https:\/\/moderaterna.se\/varmland\/wp-json\/wp\/v2\/types\/post"}],"author":[{"embeddable":true,"href":"https:\/\/moderaterna.se\/varmland\/wp-json\/wp\/v2\/users\/9"}],"replies":[{"embeddable":true,"href":"https:\/\/moderaterna.se\/varmland\/wp-json\/wp\/v2\/comments?post=821"}],"version-history":[{"count":3,"href":"https:\/\/moderaterna.se\/varmland\/wp-json\/wp\/v2\/posts\/821\/revisions"}],"predecessor-version":[{"id":937,"href":"https:\/\/moderaterna.se\/varmland\/wp-json\/wp\/v2\/posts\/821\/revisions\/937"}],"wp:attachment":[{"href":"https:\/\/moderaterna.se\/varmland\/wp-json\/wp\/v2\/media?parent=821"}],"wp:term":[{"taxonomy":"category","embeddable":true,"href":"https:\/\/moderaterna.se\/varmland\/wp-json\/wp\/v2\/categories?post=821"},{"taxonomy":"post_tag","embeddable":true,"href":"https:\/\/moderaterna.se\/varmland\/wp-json\/wp\/v2\/tags?post=821"},{"taxonomy":"subject","embeddable":true,"href":"https:\/\/moderaterna.se\/varmland\/wp-json\/wp\/v2\/subject?post=821"}],"curies":[{"name":"wp","href":"https:\/\/api.w.org\/{rel}","templated":true}]}}