{"id":1758,"date":"2026-04-21T16:28:27","date_gmt":"2026-04-21T14:28:27","guid":{"rendered":"https:\/\/moderaterna.se\/varmland\/?p=1758"},"modified":"2026-04-21T16:28:28","modified_gmt":"2026-04-21T14:28:28","slug":"moderaterna-i-varmlands-forbundsstamma-2026","status":"publish","type":"post","link":"https:\/\/moderaterna.se\/varmland\/nyhet\/moderaterna-i-varmlands-forbundsstamma-2026\/","title":{"rendered":"Moderaterna i V\u00e4rmlands f\u00f6rbundsst\u00e4mma 2026"},"content":{"rendered":"<figure class=\"wp-block-post-featured-image\"><img loading=\"lazy\" decoding=\"async\" width=\"1616\" height=\"1080\" src=\"https:\/\/moderaterna.se\/app\/uploads\/sites\/16\/2026\/04\/DSC00677.jpg\" class=\"attachment-post-thumbnail size-post-thumbnail wp-post-image\" alt=\"\" style=\"object-fit:cover;\" srcset=\"https:\/\/moderaterna.se\/app\/uploads\/sites\/16\/2026\/04\/DSC00677.jpg 1616w, https:\/\/moderaterna.se\/app\/uploads\/sites\/16\/2026\/04\/DSC00677-300x200.jpg 300w, https:\/\/moderaterna.se\/app\/uploads\/sites\/16\/2026\/04\/DSC00677-1024x684.jpg 1024w, https:\/\/moderaterna.se\/app\/uploads\/sites\/16\/2026\/04\/DSC00677-768x513.jpg 768w, https:\/\/moderaterna.se\/app\/uploads\/sites\/16\/2026\/04\/DSC00677-1536x1027.jpg 1536w, https:\/\/moderaterna.se\/app\/uploads\/sites\/16\/2026\/04\/DSC00677-600x400.jpg 600w\" sizes=\"auto, (max-width: 1616px) 100vw, 1616px\" \/><\/figure>\n\n\n<p>I l\u00f6rdags h\u00f6ll Moderata Samlingspartiet i V\u00e4rmland sin 118:e f\u00f6rbundsst\u00e4mma p\u00e5 CCC i Karlstad. St\u00e4mman klubbade f\u00f6rbundets handlingsprogram f\u00f6r mandatperioden 2026-2030 &#8211; ett program fullsp\u00e4ckat med f\u00f6rslag f\u00f6r ett friare V\u00e4rmland med m\u00f6jligheter f\u00f6r alla.<\/p>\n\n\n\n<p>St\u00e4mmotal h\u00f6lls av f\u00f6rbundets f\u00f6rstanamn p\u00e5 riksdagslistan, f\u00f6rsvarsminister P\u00e5l Jonson och f\u00f6rstanamnet p\u00e5 regionlistan, Rebecka Ingsmy.<\/p>\n\n\n\n<p>Alexander Torin omvaldes som V\u00e4rmlands f\u00f6rbundsordf\u00f6rande.<\/p>\n\n\n\n<p>F\u00f6rbundsstyrelsen 2026\/27<\/p>\n\n\n\n<p><em>Presidium<\/em><br>Alexander Torin, f\u00f6rbundsordf\u00f6rande, Karlstad <br>Hanna Andersson, 1:e vice f\u00f6rbundsordf\u00f6rande, Eda<br>Olaf Heggli, 2:e vice f\u00f6rbundsordf\u00f6rande, S\u00e4ffle<\/p>\n\n\n\n<p><em>Ledam\u00f6ter<\/em><br>Alexander Brostr\u00f6m, Arvika <br>Patrik Fornander, Filipstad<br>Ulrika Jacobs, Grums<br>Jakob Roslund, Kristinehamn<br>Ingemar Olsson, Storfors<br>Madeleine Franzon, \u00c5rj\u00e4ng<br>Marie Oudin, Moderatkvinnorna <br>Charlie Gerd\u00e9n, Moderata ungdomsf\u00f6rbundet<\/p>\n\n\n\n<p><\/p>\n","protected":false},"excerpt":{"rendered":"<p>I l\u00f6rdags h\u00f6ll Moderata Samlingspartiet i V\u00e4rmland sin 118:e f\u00f6rbundsst\u00e4mma p\u00e5 CCC i Karlstad. St\u00e4mman klubbade f\u00f6rbundets handlingsprogram f\u00f6r mandatperioden 2026-2030 &#8211; ett program fullsp\u00e4ckat med f\u00f6rslag f\u00f6r ett friare V\u00e4rmland med m\u00f6jligheter f\u00f6r alla. St\u00e4mmotal h\u00f6lls av f\u00f6rbundets f\u00f6rstanamn p\u00e5 riksdagslistan, f\u00f6rsvarsminister P\u00e5l Jonson och f\u00f6rstanamnet p\u00e5 regionlistan, Rebecka Ingsmy. Alexander Torin omvaldes som [&hellip;]<\/p>\n","protected":false},"author":92,"featured_media":1759,"comment_status":"closed","ping_status":"closed","sticky":false,"template":"","format":"standard","meta":{"_acf_changed":false,"_relevanssi_hide_post":"","_relevanssi_hide_content":"","_relevanssi_pin_for_all":"","_relevanssi_pin_keywords":"","_relevanssi_unpin_keywords":"","_relevanssi_related_keywords":"","_relevanssi_related_include_ids":"","_relevanssi_related_exclude_ids":"","_relevanssi_related_no_append":"","_relevanssi_related_not_related":"","_relevanssi_related_posts":"","_relevanssi_noindex_reason":"","footnotes":""},"categories":[1],"tags":[],"subject":[],"class_list":["post-1758","post","type-post","status-publish","format-standard","has-post-thumbnail","hentry","category-nyhet"],"acf":[],"publishpress_future_action":{"enabled":false,"date":"2026-05-04 05:16:22","action":"change-status","newStatus":"draft","terms":[],"taxonomy":"category"},"_links":{"self":[{"href":"https:\/\/moderaterna.se\/varmland\/wp-json\/wp\/v2\/posts\/1758","targetHints":{"allow":["GET"]}}],"collection":[{"href":"https:\/\/moderaterna.se\/varmland\/wp-json\/wp\/v2\/posts"}],"about":[{"href":"https:\/\/moderaterna.se\/varmland\/wp-json\/wp\/v2\/types\/post"}],"author":[{"embeddable":true,"href":"https:\/\/moderaterna.se\/varmland\/wp-json\/wp\/v2\/users\/92"}],"replies":[{"embeddable":true,"href":"https:\/\/moderaterna.se\/varmland\/wp-json\/wp\/v2\/comments?post=1758"}],"version-history":[{"count":3,"href":"https:\/\/moderaterna.se\/varmland\/wp-json\/wp\/v2\/posts\/1758\/revisions"}],"predecessor-version":[{"id":1762,"href":"https:\/\/moderaterna.se\/varmland\/wp-json\/wp\/v2\/posts\/1758\/revisions\/1762"}],"wp:featuredmedia":[{"embeddable":true,"href":"https:\/\/moderaterna.se\/varmland\/wp-json\/wp\/v2\/media\/1759"}],"wp:attachment":[{"href":"https:\/\/moderaterna.se\/varmland\/wp-json\/wp\/v2\/media?parent=1758"}],"wp:term":[{"taxonomy":"category","embeddable":true,"href":"https:\/\/moderaterna.se\/varmland\/wp-json\/wp\/v2\/categories?post=1758"},{"taxonomy":"post_tag","embeddable":true,"href":"https:\/\/moderaterna.se\/varmland\/wp-json\/wp\/v2\/tags?post=1758"},{"taxonomy":"subject","embeddable":true,"href":"https:\/\/moderaterna.se\/varmland\/wp-json\/wp\/v2\/subject?post=1758"}],"curies":[{"name":"wp","href":"https:\/\/api.w.org\/{rel}","templated":true}]}}