{"id":1674,"date":"2025-09-15T15:45:00","date_gmt":"2025-09-15T13:45:00","guid":{"rendered":"https:\/\/moderaterna.se\/varmland\/?p=1674"},"modified":"2025-11-20T09:49:57","modified_gmt":"2025-11-20T08:49:57","slug":"radgivande-provvalsresultat-regionen","status":"publish","type":"post","link":"https:\/\/moderaterna.se\/varmland\/nyhet\/radgivande-provvalsresultat-regionen\/","title":{"rendered":"R\u00e5dgivande provvalsresultat &#8211; regionen"},"content":{"rendered":"\n<p><strong>Moderaterna i V\u00e4rmland har avh\u00e5llit r\u00e5dgivande provval till regionen. Marianne Andersson fr\u00e5n Karlstad toppar provvalet med 59 r\u00f6ster. Resultatet i sin helhet redovisas nedan. Valdeltagandet uppgick till 20,16 %.\u00a0<\/strong><\/p>\n\n\n\n<figure class=\"wp-block-table\"><table><tbody><tr><td>Nr<\/td><td>Kandidat<\/td><td>Antal r\u00f6ster<\/td><\/tr><tr><td>1<\/td><td>Marianne Andersson<\/td><td>59<\/td><\/tr><tr><td>2<\/td><td>Rebecka Ingsmy<\/td><td>49<\/td><\/tr><tr><td>3<\/td><td>Magnus Resare<\/td><td>47<\/td><\/tr><tr><td>4<\/td><td>Per-Samuel Nisser<\/td><td>46<\/td><\/tr><tr><td>5<\/td><td>Hanna Andersson<\/td><td>44<\/td><\/tr><tr><td>6<\/td><td>H\u00e5kan Axelsson<\/td><td>43<\/td><\/tr><tr><td>7<\/td><td>Ulrika Jacobs<\/td><td>41<\/td><\/tr><tr><td>8<\/td><td>Marie Oudin<\/td><td>38<\/td><\/tr><tr><td>9<\/td><td>Noah Hjortman<\/td><td>35<\/td><\/tr><tr><td>10<\/td><td>Olaf Heggli<\/td><td>32<\/td><\/tr><tr><td>11<\/td><td>Kristina Bengtsson Nilsson<\/td><td>31<\/td><\/tr><tr><td>12<\/td><td>Hampus Kopparklint<\/td><td>31<\/td><\/tr><tr><td>13<\/td><td>Robin Olsson<\/td><td>28<\/td><\/tr><tr><td>14<\/td><td>Fredrik Andersson<\/td><td>25<\/td><\/tr><tr><td>15<\/td><td>Anders Ljungsten<\/td><td>23<\/td><\/tr><tr><td>16<\/td><td>Mats Bergman<\/td><td>21<\/td><\/tr><tr><td>17<\/td><td>Margareta Nisser Larsson<\/td><td>20<\/td><\/tr><tr><td>18<\/td><td>\u00c5sa Waldenstr\u00f6m<\/td><td>19<\/td><\/tr><tr><td>19<\/td><td>Patrik Fornander<\/td><td>17<\/td><\/tr><tr><td>20<\/td><td>Mikael L\u00f6fvenholm<\/td><td>16<\/td><\/tr><tr><td>21<\/td><td>Henrik Samuelsson<\/td><td>15<\/td><\/tr><tr><td>22<\/td><td>Jakob Roslund<\/td><td>13<\/td><\/tr><tr><td>23<\/td><td>Anne Carlsson<\/td><td>13<\/td><\/tr><tr><td>24<\/td><td>Torleif \u00c5hs<\/td><td>12<\/td><\/tr><tr><td>25<\/td><td>Martina Eriksson<\/td><td>11<\/td><\/tr><tr><td>26<\/td><td>Alexander Brostr\u00f6m<\/td><td>11<\/td><\/tr><tr><td>27<\/td><td>Roger Brodin<\/td><td>10<\/td><\/tr><tr><td>28<\/td><td>Mikael Ohlsson<\/td><td>10<\/td><\/tr><tr><td>29<\/td><td>Kaj Johansson<\/td><td>10<\/td><\/tr><tr><td>30<\/td><td>Per Nilsson<\/td><td>10<\/td><\/tr><tr><td>31<\/td><td>Mikael Persson<\/td><td>9<\/td><\/tr><tr><td>32<\/td><td>Katarina Lenefj\u00e4rd<\/td><td>8<\/td><\/tr><tr><td>33<\/td><td>Thomas Brostr\u00f6m<\/td><td>8<\/td><\/tr><tr><td>34<\/td><td>Charlie Gerd\u00e9n<\/td><td>8<\/td><\/tr><tr><td>35<\/td><td>Leif Sandberg<\/td><td>7<\/td><\/tr><tr><td>36<\/td><td>Nils Safferson<\/td><td>7<\/td><\/tr><tr><td>37<\/td><td>Lars Olsson<\/td><td>7<\/td><\/tr><tr><td>38<\/td><td>Johan H\u00f6glund<\/td><td>7<\/td><\/tr><tr><td>39<\/td><td>Lena Palmehn<\/td><td>6<\/td><\/tr><tr><td>40<\/td><td>Ronnie Walfridsson<\/td><td>6<\/td><\/tr><tr><td>41<\/td><td>Anette Klang<\/td><td>5<\/td><\/tr><tr><td>42<\/td><td>Maria Ohlsson<\/td><td>5<\/td><\/tr><tr><td>43<\/td><td>Mark Mor\u00e9n<\/td><td>5<\/td><\/tr><tr><td>44<\/td><td>Ingemar Olsson<\/td><td>5<\/td><\/tr><tr><td>45<\/td><td>Stefan Silfver<\/td><td>4<\/td><\/tr><tr><td>46<\/td><td>Gunnar Ordell<\/td><td>3<\/td><\/tr><\/tbody><\/table><\/figure>\n\n\n\n<p>Vid fr\u00e5gor kontakta nomineringskommitt\u00e9ns ordf\u00f6rande Catarina Segersten Larsson, tel. 072-510 14 27<\/p>\n","protected":false},"excerpt":{"rendered":"<p>Moderaterna i V\u00e4rmland har avh\u00e5llit r\u00e5dgivande provval till regionen. Marianne Andersson fr\u00e5n Karlstad toppar provvalet med 59 r\u00f6ster. Resultatet i sin helhet redovisas nedan. Valdeltagandet uppgick till 20,16 %.\u00a0 Nr Kandidat Antal r\u00f6ster 1 Marianne Andersson 59 2 Rebecka Ingsmy 49 3 Magnus Resare 47 4 Per-Samuel Nisser 46 5 Hanna Andersson 44 6 H\u00e5kan [&hellip;]<\/p>\n","protected":false},"author":92,"featured_media":0,"comment_status":"closed","ping_status":"closed","sticky":false,"template":"","format":"standard","meta":{"_acf_changed":false,"_relevanssi_hide_post":"","_relevanssi_hide_content":"","_relevanssi_pin_for_all":"","_relevanssi_pin_keywords":"","_relevanssi_unpin_keywords":"","_relevanssi_related_keywords":"","_relevanssi_related_include_ids":"","_relevanssi_related_exclude_ids":"","_relevanssi_related_no_append":"","_relevanssi_related_not_related":"","_relevanssi_related_posts":"1357,1616,1651,825,823,837","_relevanssi_noindex_reason":"","footnotes":""},"categories":[1],"tags":[],"subject":[],"class_list":["post-1674","post","type-post","status-publish","format-standard","hentry","category-nyhet"],"acf":[],"publishpress_future_action":{"enabled":false,"date":"2026-05-10 09:58:06","action":"change-status","newStatus":"draft","terms":[],"taxonomy":"category"},"_links":{"self":[{"href":"https:\/\/moderaterna.se\/varmland\/wp-json\/wp\/v2\/posts\/1674","targetHints":{"allow":["GET"]}}],"collection":[{"href":"https:\/\/moderaterna.se\/varmland\/wp-json\/wp\/v2\/posts"}],"about":[{"href":"https:\/\/moderaterna.se\/varmland\/wp-json\/wp\/v2\/types\/post"}],"author":[{"embeddable":true,"href":"https:\/\/moderaterna.se\/varmland\/wp-json\/wp\/v2\/users\/92"}],"replies":[{"embeddable":true,"href":"https:\/\/moderaterna.se\/varmland\/wp-json\/wp\/v2\/comments?post=1674"}],"version-history":[{"count":4,"href":"https:\/\/moderaterna.se\/varmland\/wp-json\/wp\/v2\/posts\/1674\/revisions"}],"predecessor-version":[{"id":1697,"href":"https:\/\/moderaterna.se\/varmland\/wp-json\/wp\/v2\/posts\/1674\/revisions\/1697"}],"wp:attachment":[{"href":"https:\/\/moderaterna.se\/varmland\/wp-json\/wp\/v2\/media?parent=1674"}],"wp:term":[{"taxonomy":"category","embeddable":true,"href":"https:\/\/moderaterna.se\/varmland\/wp-json\/wp\/v2\/categories?post=1674"},{"taxonomy":"post_tag","embeddable":true,"href":"https:\/\/moderaterna.se\/varmland\/wp-json\/wp\/v2\/tags?post=1674"},{"taxonomy":"subject","embeddable":true,"href":"https:\/\/moderaterna.se\/varmland\/wp-json\/wp\/v2\/subject?post=1674"}],"curies":[{"name":"wp","href":"https:\/\/api.w.org\/{rel}","templated":true}]}}