{"id":1616,"date":"2025-04-06T21:13:41","date_gmt":"2025-04-06T19:13:41","guid":{"rendered":"https:\/\/moderaterna.se\/varmland\/?p=1616"},"modified":"2025-04-06T21:27:30","modified_gmt":"2025-04-06T19:27:30","slug":"moderaterna-i-varmlands-forbundsstamma-2025","status":"publish","type":"post","link":"https:\/\/moderaterna.se\/varmland\/nyhet\/moderaterna-i-varmlands-forbundsstamma-2025\/","title":{"rendered":"Moderaterna i V\u00e4rmlands f\u00f6rbundsst\u00e4mma 2025"},"content":{"rendered":"\n<p>L\u00f6rdagen den 5 april avh\u00f6lls Moderata Samlingspartiet i V\u00e4rmlands 117:e f\u00f6rbundsst\u00e4mma p\u00e5 Stadshotellet i Karlstad. \u00d6ver 120 moderater fr\u00e5n hela l\u00e4net och inbjudna g\u00e4ster var p\u00e5 plats f\u00f6r att behandla propositioner, motioner och v\u00e4lja ny f\u00f6rbundsstyrelse med mera. <\/p>\n\n\n\n<p>Avg\u00e5ende f\u00f6rbundsordf\u00f6rande H\u00e5kan Axelsson inledde st\u00e4mman med ett v\u00e4lkomstanf\u00f6rande d\u00e4r han summerade \u00e5ret som g\u00e5tt. D\u00e4refter h\u00e4lsades deltagarna v\u00e4lkomna till Karlstads kommun av Karlstadsf\u00f6reningens ordf\u00f6rande Marianne Andersson och oppositionsr\u00e5det Alexander Torin.<\/p>\n\n\n\n<p>Sveriges finansmarknadsminister Niklas Wykman h\u00f6ll ett uppskattat st\u00e4mmotal om regeringens arbete med att f\u00e5 ordning p\u00e5 Sverige.<\/p>\n\n\n\n<p>Vid f\u00f6rbundsst\u00e4mman avgick H\u00e5kan Axelsson som f\u00f6rbundsordf\u00f6rande efter fyra f\u00f6rtj\u00e4nstfulla \u00e5r. Han eftertr\u00e4ddes av Alexander Torin som ny f\u00f6rbundsordf\u00f6rande.<\/p>\n\n\n\n<p>F\u00f6rbundsstyrelsen 2025\/26<\/p>\n\n\n\n<p>Presidium<br>Alexander Torin, f\u00f6rbundsordf\u00f6rande, Karlstad<br>Hanna Andersson, 1:e vice f\u00f6rbundsordf\u00f6rande, Eda<br>Olaf Heggli, 2:e vice f\u00f6rbundsordf\u00f6rande, S\u00e4ffle<\/p>\n\n\n\n<p>\u00d6vriga ledam\u00f6ter:<br>H\u00e5kan Axelsson, Arvika<br>Patrik Fornander, Filipstad<br>Ulrika Jacobs, Grums<br>Jakob Roslund, Kristinehamn<br>Henrik Frykberger, Sunne<br>Madeleine Franzon, \u00c5rj\u00e4ng<br>Marie Oudin, Moderatkvinnorna<br>Sara \u00c5kerstr\u00f6m, Moderata Ungdomsf\u00f6rbundet<\/p>\n\n\n\n<p>Marie Oudin, Kristinehamn, omvaldes som l\u00e4nsordf\u00f6rande f\u00f6r Moderatkvinnorna i V\u00e4rmland. Martina Eriksson, Storfors, omvaldes som vice l\u00e4nsordf\u00f6rande.<\/p>\n\n\n\n<p>Judith Kisch, Grums, omvaldes som l\u00e4nsordf\u00f6rande f\u00f6r Moderata Seniorer i V\u00e4rmland. Kerstin Johannesen, Sunne, valdes till ny vice l\u00e4nsordf\u00f6rande.<\/p>\n\n\n\n<p>Vid st\u00e4mmans avslutande tackade Alexander Torin H\u00e5kan Axelsson f\u00f6r hans insatser som f\u00f6rbundsordf\u00f6rande. \u00c4ven Ingemar Olsson, Storfors, och Judith Kisch, Grums, avtackades f\u00f6r deras insatser som ledam\u00f6ter i f\u00f6rbundsstyrelsen.<\/p>\n\n\n\n<figure class=\"wp-block-gallery has-nested-images columns-default is-cropped wp-block-gallery-1 is-layout-flex wp-block-gallery-is-layout-flex\">\n<figure class=\"wp-block-image size-large\"><img loading=\"lazy\" decoding=\"async\" width=\"1024\" height=\"684\" data-id=\"1621\" src=\"https:\/\/moderaterna.se\/app\/uploads\/sites\/16\/2025\/04\/488004813_2883693245143208_1449408078047959421_n-1-1024x684.jpg\" alt=\"\" class=\"wp-image-1621\" srcset=\"https:\/\/moderaterna.se\/app\/uploads\/sites\/16\/2025\/04\/488004813_2883693245143208_1449408078047959421_n-1-1024x684.jpg 1024w, https:\/\/moderaterna.se\/app\/uploads\/sites\/16\/2025\/04\/488004813_2883693245143208_1449408078047959421_n-1-300x200.jpg 300w, https:\/\/moderaterna.se\/app\/uploads\/sites\/16\/2025\/04\/488004813_2883693245143208_1449408078047959421_n-1-768x513.jpg 768w, https:\/\/moderaterna.se\/app\/uploads\/sites\/16\/2025\/04\/488004813_2883693245143208_1449408078047959421_n-1-1536x1027.jpg 1536w, https:\/\/moderaterna.se\/app\/uploads\/sites\/16\/2025\/04\/488004813_2883693245143208_1449408078047959421_n-1.jpg 1616w\" sizes=\"auto, (max-width: 1024px) 100vw, 1024px\" \/><figcaption class=\"wp-element-caption\">Nyvalde f\u00f6rbundsordf\u00f6randen Alexander Torin tackar st\u00e4mman f\u00f6r f\u00f6rtroendet att f\u00e5 leda f\u00f6rbundet kommande verksamhets\u00e5r. Foto: Rebecka Ingsmy<\/figcaption><\/figure>\n\n\n\n<figure class=\"wp-block-image size-large\"><img loading=\"lazy\" decoding=\"async\" width=\"829\" height=\"1024\" data-id=\"1623\" src=\"https:\/\/moderaterna.se\/app\/uploads\/sites\/16\/2025\/04\/489106513_2883693211809878_6205207580903070938_n-829x1024.jpg\" alt=\"\" class=\"wp-image-1623\" srcset=\"https:\/\/moderaterna.se\/app\/uploads\/sites\/16\/2025\/04\/489106513_2883693211809878_6205207580903070938_n-829x1024.jpg 829w, https:\/\/moderaterna.se\/app\/uploads\/sites\/16\/2025\/04\/489106513_2883693211809878_6205207580903070938_n-243x300.jpg 243w, https:\/\/moderaterna.se\/app\/uploads\/sites\/16\/2025\/04\/489106513_2883693211809878_6205207580903070938_n-768x948.jpg 768w, https:\/\/moderaterna.se\/app\/uploads\/sites\/16\/2025\/04\/489106513_2883693211809878_6205207580903070938_n.jpg 1179w\" sizes=\"auto, (max-width: 829px) 100vw, 829px\" \/><figcaption class=\"wp-element-caption\">\u00c5rets st\u00e4mmotal h\u00f6lls av finansmarknadsminister Niklas Wykman. Foto: Hampus Kopparklint<\/figcaption><\/figure>\n\n\n\n<figure class=\"wp-block-image size-large\"><img loading=\"lazy\" decoding=\"async\" width=\"822\" height=\"1024\" data-id=\"1622\" src=\"https:\/\/moderaterna.se\/app\/uploads\/sites\/16\/2025\/04\/488620858_2883693201809879_8356423374992487971_n-1-822x1024.jpg\" alt=\"\" class=\"wp-image-1622\" srcset=\"https:\/\/moderaterna.se\/app\/uploads\/sites\/16\/2025\/04\/488620858_2883693201809879_8356423374992487971_n-1-822x1024.jpg 822w, https:\/\/moderaterna.se\/app\/uploads\/sites\/16\/2025\/04\/488620858_2883693201809879_8356423374992487971_n-1-241x300.jpg 241w, https:\/\/moderaterna.se\/app\/uploads\/sites\/16\/2025\/04\/488620858_2883693201809879_8356423374992487971_n-1-768x956.jpg 768w, https:\/\/moderaterna.se\/app\/uploads\/sites\/16\/2025\/04\/488620858_2883693201809879_8356423374992487971_n-1.jpg 1179w\" sizes=\"auto, (max-width: 822px) 100vw, 822px\" \/><figcaption class=\"wp-element-caption\">H\u00e5kan Axelsson avtackades f\u00f6r sina insatser som f\u00f6rbundsordf\u00f6rande. Foto: Hampus Kopparklint<\/figcaption><\/figure>\n<\/figure>\n","protected":false},"excerpt":{"rendered":"<p>L\u00f6rdagen den 5 april avh\u00f6lls Moderata Samlingspartiet i V\u00e4rmlands 117:e f\u00f6rbundsst\u00e4mma p\u00e5 Stadshotellet i Karlstad. \u00d6ver 120 moderater fr\u00e5n hela l\u00e4net och inbjudna g\u00e4ster var p\u00e5 plats f\u00f6r att behandla propositioner, motioner och v\u00e4lja ny f\u00f6rbundsstyrelse med mera. Avg\u00e5ende f\u00f6rbundsordf\u00f6rande H\u00e5kan Axelsson inledde st\u00e4mman med ett v\u00e4lkomstanf\u00f6rande d\u00e4r han summerade \u00e5ret som g\u00e5tt. D\u00e4refter h\u00e4lsades [&hellip;]<\/p>\n","protected":false},"author":92,"featured_media":1621,"comment_status":"closed","ping_status":"closed","sticky":false,"template":"","format":"standard","meta":{"_acf_changed":false,"_relevanssi_hide_post":"","_relevanssi_hide_content":"","_relevanssi_pin_for_all":"","_relevanssi_pin_keywords":"","_relevanssi_unpin_keywords":"","_relevanssi_related_keywords":"","_relevanssi_related_include_ids":"","_relevanssi_related_exclude_ids":"","_relevanssi_related_no_append":"","_relevanssi_related_not_related":"","_relevanssi_related_posts":"831,837,825,821,829,819","_relevanssi_noindex_reason":"","footnotes":""},"categories":[1],"tags":[],"subject":[],"class_list":["post-1616","post","type-post","status-publish","format-standard","has-post-thumbnail","hentry","category-nyhet"],"acf":[],"publishpress_future_action":{"enabled":false,"date":"2026-05-10 09:58:33","action":"change-status","newStatus":"draft","terms":[],"taxonomy":"category"},"_links":{"self":[{"href":"https:\/\/moderaterna.se\/varmland\/wp-json\/wp\/v2\/posts\/1616","targetHints":{"allow":["GET"]}}],"collection":[{"href":"https:\/\/moderaterna.se\/varmland\/wp-json\/wp\/v2\/posts"}],"about":[{"href":"https:\/\/moderaterna.se\/varmland\/wp-json\/wp\/v2\/types\/post"}],"author":[{"embeddable":true,"href":"https:\/\/moderaterna.se\/varmland\/wp-json\/wp\/v2\/users\/92"}],"replies":[{"embeddable":true,"href":"https:\/\/moderaterna.se\/varmland\/wp-json\/wp\/v2\/comments?post=1616"}],"version-history":[{"count":10,"href":"https:\/\/moderaterna.se\/varmland\/wp-json\/wp\/v2\/posts\/1616\/revisions"}],"predecessor-version":[{"id":1637,"href":"https:\/\/moderaterna.se\/varmland\/wp-json\/wp\/v2\/posts\/1616\/revisions\/1637"}],"wp:featuredmedia":[{"embeddable":true,"href":"https:\/\/moderaterna.se\/varmland\/wp-json\/wp\/v2\/media\/1621"}],"wp:attachment":[{"href":"https:\/\/moderaterna.se\/varmland\/wp-json\/wp\/v2\/media?parent=1616"}],"wp:term":[{"taxonomy":"category","embeddable":true,"href":"https:\/\/moderaterna.se\/varmland\/wp-json\/wp\/v2\/categories?post=1616"},{"taxonomy":"post_tag","embeddable":true,"href":"https:\/\/moderaterna.se\/varmland\/wp-json\/wp\/v2\/tags?post=1616"},{"taxonomy":"subject","embeddable":true,"href":"https:\/\/moderaterna.se\/varmland\/wp-json\/wp\/v2\/subject?post=1616"}],"curies":[{"name":"wp","href":"https:\/\/api.w.org\/{rel}","templated":true}]}}