{"id":1357,"date":"2022-07-29T11:35:51","date_gmt":"2022-07-29T09:35:51","guid":{"rendered":"https:\/\/moderaterna.se\/varmland\/?p=1357"},"modified":"2022-08-16T15:36:36","modified_gmt":"2022-08-16T13:36:36","slug":"moderaterna-i-region-varmlands-politik","status":"publish","type":"post","link":"https:\/\/moderaterna.se\/varmland\/artikel\/moderaterna-i-region-varmlands-politik\/","title":{"rendered":"Moderaterna i Region V\u00e4rmlands politik"},"content":{"rendered":"\n<p><\/p>\n\n\n\n<p><\/p>\n\n\n\n<p>Vi har f\u00f6r lite v\u00e5rd i V\u00e4rmland!<\/p>\n\n\n\n<ul class=\"wp-block-list\"><li>Inf\u00f6r ett bredare v\u00e5rdval inom barn- och vuxenpsykiatrin &#8211; fler akt\u00f6rer kan utveckla och kraftigt f\u00f6rb\u00e4ttra tillg\u00e4ngligheten<\/li><li>Utveckla den mobila v\u00e5rden tillsammans med den kommunala hemsjukv\u00e5rden<\/li><li>Utveckla l\u00e4nets tre sjukhus f\u00f6r att l\u00e5ngsiktigt tillgodose behovet av sjukv\u00e5rd i hela V\u00e4rmland<\/li><\/ul>\n\n\n\n<p>B\u00e4ttre villkor och f\u00f6ruts\u00e4ttningar f\u00f6r Region V\u00e4rmlands medarbetare!<\/p>\n\n\n\n<ul class=\"wp-block-list\"><li>Region V\u00e4rmlands medarbetare ska ha konkurrenskraftiga l\u00f6ner<\/li><li>F\u00f6rb\u00e4ttra arbetsmilj\u00f6n f\u00f6r Region V\u00e4rmlands medarbetare<\/li><li>Utveckla Region V\u00e4rmland som en attraktiv arbetsgivare<\/li><\/ul>\n\n\n\n<p>Rej\u00e4l satsning p\u00e5 V\u00e4rmlands v\u00e4gar och j\u00e4rnv\u00e4gar!<\/p>\n\n\n\n<ul class=\"wp-block-list\"><li>Anslaget till v\u00e4gar i hela V\u00e4rmland h\u00f6js kraftigt f\u00f6r att skapa en h\u00f6gre trafiks\u00e4kerhet<\/li><li>V\u00e4rmlandsbanan och Fryksdalsbanan f\u00f6rb\u00e4ttras &#8211; alla v\u00e4rml\u00e4nningar ska ha tillg\u00e5ng till god och tillg\u00e4nglig kollektivtrafik<\/li><li>Det aktiva arbetet forts\u00e4tter f\u00f6r en j\u00e4rnv\u00e4gsf\u00f6rbindelse mellan Stockholm och Oslo under tre timmar<\/li><\/ul>\n\n\n\n<p>F\u00f6retagare och f\u00f6retagande bygger V\u00e4rmland!<\/p>\n\n\n\n<ul class=\"wp-block-list\"><li>G\u00f6r det enklare f\u00f6r fler att starta och driva f\u00f6retag i hela V\u00e4rmland<\/li><li>Satsa p\u00e5 fler yrkesutbildningar inom V\u00e4rmlands bristyrken<\/li><li>Alla elever ska ges m\u00f6jlighet att driva UF-f\u00f6retag<\/li><\/ul>\n\n\n\n<p>Ladda ner f\u00f6r att ta del av den politik Moderaterna i Region V\u00e4rmland g\u00e5r till val med.<\/p>\n\n\n<!DOCTYPE html PUBLIC \"-\/\/W3C\/\/DTD HTML 4.0 Transitional\/\/EN\" \"http:\/\/www.w3.org\/TR\/REC-html40\/loose.dtd\">\n<?xml encoding=\"utf-8\" ?><html><body><div class=\"wp-block-file\"><a href=\"https:\/\/moderaterna.se\/app\/uploads\/sites\/16\/2022\/08\/Moderaterna-din-rost-for-en-attraktiv-region.pdf\">Moderaterna-din-rost-for-en-attraktiv-region<\/a><a href=\"https:\/\/moderaterna.se\/app\/uploads\/sites\/16\/2022\/08\/Moderaterna-din-rost-for-en-attraktiv-region.pdf\" class=\"wp-block-file__button\" download><span class=\"show-for-sr\">Ladda ner<\/span><svg xmlns=\"http:\/\/www.w3.org\/2000\/svg\" data-name=\"Icon metro-file-pdf\" width=\"26.442\" height=\"30.849\" viewBox=\"0 0 26.442 30.849\"><path data-name=\"Icon metro-file-pdf\" d=\"M25.271 6.542a4.006 4.006 0 0 1 .826 1.308 3.973 3.973 0 0 1 .344 1.515v19.832a1.646 1.646 0 0 1-1.653 1.653H1.652A1.646 1.646 0 0 1 0 29.197V1.653A1.646 1.646 0 0 1 1.652-.003h15.425a3.974 3.974 0 0 1 1.515.344 4.006 4.006 0 0 1 1.308.826zm-7.642-4.2v6.473h6.473a1.881 1.881 0 0 0-.379-.706L18.329 2.72a1.88 1.88 0 0 0-.706-.379zm6.61 26.3V11.018h-7.162a1.646 1.646 0 0 1-1.653-1.653V2.204H2.203v26.442h22.035zM15.39 18.437a13.1 13.1 0 0 0 1.446.964 17.082 17.082 0 0 1 2.014-.121q2.531 0 3.047.844a.832.832 0 0 1 .034.9.05.05 0 0 1-.017.034l-.034.034v.017q-.1.654-1.222.654a7.1 7.1 0 0 1-1.98-.344 12.552 12.552 0 0 1-2.238-.912 31 31 0 0 0-6.748 1.429q-2.634 4.51-4.166 4.51a1 1 0 0 1-.482-.121l-.415-.21q-.017-.017-.1-.086a.711.711 0 0 1-.1-.62 3.738 3.738 0 0 1 .964-1.575 8.319 8.319 0 0 1 2.272-1.661.251.251 0 0 1 .4.1.1.1 0 0 1 .034.069q.9-1.463 1.842-3.391a26.274 26.274 0 0 0 1.79-4.51 13.916 13.916 0 0 1-.525-2.746 6.693 6.693 0 0 1 .112-2.195q.189-.689.723-.689h.379a.726.726 0 0 1 .6.258 1.375 1.375 0 0 1 .155 1.171.373.373 0 0 1-.069.138.448.448 0 0 1 .017.138v.516a22.542 22.542 0 0 1-.241 3.305 8.709 8.709 0 0 0 2.513 4.1zm-9.916 7.075a7.6 7.6 0 0 0 2.355-2.715 9.813 9.813 0 0 0-1.5 1.442 5.722 5.722 0 0 0-.855 1.273zm6.855-15.837a5.119 5.119 0 0 0-.034 2.272q.017-.121.121-.757 0-.052.121-.74a.387.387 0 0 1 .069-.138.05.05 0 0 1-.017-.034.035.035 0 0 0-.009-.026.035.035 0 0 1-.009-.026.991.991 0 0 0-.224-.62.05.05 0 0 1-.017.034v.034zm-2.138 11.379a25.25 25.25 0 0 1 4.889-1.394 2.6 2.6 0 0 1-.224-.164 3.083 3.083 0 0 1-.275-.232 9.119 9.119 0 0 1-2.186-3.03 23 23 0 0 1-1.429 3.391q-.516.964-.775 1.429zm11.121-.275a4.12 4.12 0 0 0-2.41-.413 6.511 6.511 0 0 0 2.135.482 1.67 1.67 0 0 0 .31-.017q0-.017-.034-.052z\" fill=\"#213a8f\"><\/path><\/svg><\/a><\/div>\n<\/body><\/html>\n","protected":false},"excerpt":{"rendered":"<p>Vi har f\u00f6r lite v\u00e5rd i V\u00e4rmland! Inf\u00f6r ett bredare v\u00e5rdval inom barn- och vuxenpsykiatrin &#8211; fler akt\u00f6rer kan utveckla och kraftigt f\u00f6rb\u00e4ttra tillg\u00e4ngligheten Utveckla den mobila v\u00e5rden tillsammans med den kommunala hemsjukv\u00e5rden Utveckla l\u00e4nets tre sjukhus f\u00f6r att l\u00e5ngsiktigt tillgodose behovet av sjukv\u00e5rd i hela V\u00e4rmland B\u00e4ttre villkor och f\u00f6ruts\u00e4ttningar f\u00f6r Region V\u00e4rmlands medarbetare! [&hellip;]<\/p>\n","protected":false},"author":86,"featured_media":1358,"comment_status":"closed","ping_status":"closed","sticky":false,"template":"","format":"standard","meta":{"_acf_changed":false,"_relevanssi_hide_post":"","_relevanssi_hide_content":"","_relevanssi_pin_for_all":"","_relevanssi_pin_keywords":"","_relevanssi_unpin_keywords":"","_relevanssi_related_keywords":"","_relevanssi_related_include_ids":"","_relevanssi_related_exclude_ids":"","_relevanssi_related_no_append":"","_relevanssi_related_not_related":"","_relevanssi_related_posts":"","_relevanssi_noindex_reason":"","footnotes":""},"categories":[79,1],"tags":[],"subject":[],"class_list":["post-1357","post","type-post","status-publish","format-standard","has-post-thumbnail","hentry","category-artikel","category-nyhet"],"acf":[],"publishpress_future_action":{"enabled":false,"date":"2026-05-10 09:58:48","action":"change-status","newStatus":"draft","terms":[],"taxonomy":"category"},"_links":{"self":[{"href":"https:\/\/moderaterna.se\/varmland\/wp-json\/wp\/v2\/posts\/1357","targetHints":{"allow":["GET"]}}],"collection":[{"href":"https:\/\/moderaterna.se\/varmland\/wp-json\/wp\/v2\/posts"}],"about":[{"href":"https:\/\/moderaterna.se\/varmland\/wp-json\/wp\/v2\/types\/post"}],"author":[{"embeddable":true,"href":"https:\/\/moderaterna.se\/varmland\/wp-json\/wp\/v2\/users\/86"}],"replies":[{"embeddable":true,"href":"https:\/\/moderaterna.se\/varmland\/wp-json\/wp\/v2\/comments?post=1357"}],"version-history":[{"count":6,"href":"https:\/\/moderaterna.se\/varmland\/wp-json\/wp\/v2\/posts\/1357\/revisions"}],"predecessor-version":[{"id":1384,"href":"https:\/\/moderaterna.se\/varmland\/wp-json\/wp\/v2\/posts\/1357\/revisions\/1384"}],"wp:featuredmedia":[{"embeddable":true,"href":"https:\/\/moderaterna.se\/varmland\/wp-json\/wp\/v2\/media\/1358"}],"wp:attachment":[{"href":"https:\/\/moderaterna.se\/varmland\/wp-json\/wp\/v2\/media?parent=1357"}],"wp:term":[{"taxonomy":"category","embeddable":true,"href":"https:\/\/moderaterna.se\/varmland\/wp-json\/wp\/v2\/categories?post=1357"},{"taxonomy":"post_tag","embeddable":true,"href":"https:\/\/moderaterna.se\/varmland\/wp-json\/wp\/v2\/tags?post=1357"},{"taxonomy":"subject","embeddable":true,"href":"https:\/\/moderaterna.se\/varmland\/wp-json\/wp\/v2\/subject?post=1357"}],"curies":[{"name":"wp","href":"https:\/\/api.w.org\/{rel}","templated":true}]}}