{"id":1349,"date":"2022-07-29T10:55:30","date_gmt":"2022-07-29T08:55:30","guid":{"rendered":"https:\/\/moderaterna.se\/varmland\/?p=1349"},"modified":"2022-09-05T13:11:48","modified_gmt":"2022-09-05T11:11:48","slug":"lansprogram-2022","status":"publish","type":"post","link":"https:\/\/moderaterna.se\/varmland\/nyhet\/lansprogram-2022\/","title":{"rendered":"L\u00e4nsprogram f\u00f6r Moderaterna i V\u00e4rmland 2022"},"content":{"rendered":"<!DOCTYPE html PUBLIC \"-\/\/W3C\/\/DTD HTML 4.0 Transitional\/\/EN\" \"http:\/\/www.w3.org\/TR\/REC-html40\/loose.dtd\">\n<?xml encoding=\"utf-8\" ?><html><body><div class=\"wp-block-file\"><a href=\"https:\/\/moderaterna.se\/app\/uploads\/sites\/16\/2022\/07\/Moderaterna-i-Varmland-valprogram-2022-.pdf\">Moderaterna-i-Varmland-valprogram-2022-<\/a><a href=\"https:\/\/moderaterna.se\/app\/uploads\/sites\/16\/2022\/07\/Moderaterna-i-Varmland-valprogram-2022-.pdf\" class=\"wp-block-file__button\" download><span class=\"show-for-sr\">Ladda ner<\/span><svg xmlns=\"http:\/\/www.w3.org\/2000\/svg\" data-name=\"Icon metro-file-pdf\" width=\"26.442\" height=\"30.849\" viewBox=\"0 0 26.442 30.849\"><path data-name=\"Icon metro-file-pdf\" d=\"M25.271 6.542a4.006 4.006 0 0 1 .826 1.308 3.973 3.973 0 0 1 .344 1.515v19.832a1.646 1.646 0 0 1-1.653 1.653H1.652A1.646 1.646 0 0 1 0 29.197V1.653A1.646 1.646 0 0 1 1.652-.003h15.425a3.974 3.974 0 0 1 1.515.344 4.006 4.006 0 0 1 1.308.826zm-7.642-4.2v6.473h6.473a1.881 1.881 0 0 0-.379-.706L18.329 2.72a1.88 1.88 0 0 0-.706-.379zm6.61 26.3V11.018h-7.162a1.646 1.646 0 0 1-1.653-1.653V2.204H2.203v26.442h22.035zM15.39 18.437a13.1 13.1 0 0 0 1.446.964 17.082 17.082 0 0 1 2.014-.121q2.531 0 3.047.844a.832.832 0 0 1 .034.9.05.05 0 0 1-.017.034l-.034.034v.017q-.1.654-1.222.654a7.1 7.1 0 0 1-1.98-.344 12.552 12.552 0 0 1-2.238-.912 31 31 0 0 0-6.748 1.429q-2.634 4.51-4.166 4.51a1 1 0 0 1-.482-.121l-.415-.21q-.017-.017-.1-.086a.711.711 0 0 1-.1-.62 3.738 3.738 0 0 1 .964-1.575 8.319 8.319 0 0 1 2.272-1.661.251.251 0 0 1 .4.1.1.1 0 0 1 .034.069q.9-1.463 1.842-3.391a26.274 26.274 0 0 0 1.79-4.51 13.916 13.916 0 0 1-.525-2.746 6.693 6.693 0 0 1 .112-2.195q.189-.689.723-.689h.379a.726.726 0 0 1 .6.258 1.375 1.375 0 0 1 .155 1.171.373.373 0 0 1-.069.138.448.448 0 0 1 .017.138v.516a22.542 22.542 0 0 1-.241 3.305 8.709 8.709 0 0 0 2.513 4.1zm-9.916 7.075a7.6 7.6 0 0 0 2.355-2.715 9.813 9.813 0 0 0-1.5 1.442 5.722 5.722 0 0 0-.855 1.273zm6.855-15.837a5.119 5.119 0 0 0-.034 2.272q.017-.121.121-.757 0-.052.121-.74a.387.387 0 0 1 .069-.138.05.05 0 0 1-.017-.034.035.035 0 0 0-.009-.026.035.035 0 0 1-.009-.026.991.991 0 0 0-.224-.62.05.05 0 0 1-.017.034v.034zm-2.138 11.379a25.25 25.25 0 0 1 4.889-1.394 2.6 2.6 0 0 1-.224-.164 3.083 3.083 0 0 1-.275-.232 9.119 9.119 0 0 1-2.186-3.03 23 23 0 0 1-1.429 3.391q-.516.964-.775 1.429zm11.121-.275a4.12 4.12 0 0 0-2.41-.413 6.511 6.511 0 0 0 2.135.482 1.67 1.67 0 0 0 .31-.017q0-.017-.034-.052z\" fill=\"#213a8f\"><\/path><\/svg><\/a><\/div>\n<\/body><\/html>\n\n\n\n<p>P\u00e5 denna sida finns Moderaterna i V\u00e4rmlands l\u00e4nsprogram f\u00f6r valet 2022.<\/p>\n\n\n\n<p> <\/p>\n\n\n\n<p><\/p>\n\n\n\n<p>Det ska alltid l\u00f6na sig att arbeta &#8211; f\u00e4rre ska leva p\u00e5 bidrag<\/p>\n\n\n\n<ul class=\"wp-block-list\"><li>Minska regelkr\u00e5ngel f\u00f6r f\u00f6retag att anst\u00e4lla och snabbare integration bygger V\u00e4rmlands v\u00e4lf\u00e4rd.<\/li><li>S\u00e4nkta skatter ger st\u00f6rre m\u00f6jlighet till egen f\u00f6rs\u00f6rjning<\/li><li>Landsbygden ska ges r\u00e4ttvisa villkor och f\u00f6ruts\u00e4ttningar<\/li><\/ul>\n\n\n\n<p>Ett tryggare V\u00e4rmland<\/p>\n\n\n\n<ul class=\"wp-block-list\"><li>Fler poliser i HELA V\u00e4rmland<\/li><li>Underl\u00e4tta arbetet f\u00f6r kvinnojourer<\/li><li>St\u00e4rka det brottsf\u00f6rebyggande arbetet &#8211; hindra g\u00e4ngkriminalitet att etableras i V\u00e4rmland<\/li><li>Barn ska v\u00e4xa upp i trygghet<\/li><\/ul>\n\n\n\n<p> trov\u00e4rdig energi och milj\u00f6politik<\/p>\n\n\n\n<p>&#8211; utan naiva \u00f6nsket\u00e4nkanden<\/p>\n\n\n\n<ul class=\"wp-block-list\"><li>\u00d6ka fossilfri elproduktion genom&nbsp;&nbsp;satsning p\u00e5 ny k\u00e4rnkraft och solkraft<\/li><li>Offentlig satsning p\u00e5 utbyggd laddinfrastruktur i hela landet<\/li><li>Utveckla en h\u00e5llbar viltv\u00e5rd med en j\u00e4mn f\u00f6rdelning av rovdjur i Sverige<\/li><li>F\u00f6renkla regelsystemet f\u00f6r mark- och skogs\u00e4gare<\/li><\/ul>\n\n\n\n<p>Utveckla det offentliga uppdragen<\/p>\n\n\n\n<ul class=\"wp-block-list\"><li>Med Moderaterna f\u00e5r du v\u00e4lja &#8211; st\u00f6rre valfrihet i v\u00e4lf\u00e4rden.<\/li><li>En skola d\u00e4r fokus \u00e4gnas \u00e5t varje elevs inl\u00e4rning &#8211; inte utf\u00f6raren<\/li><li>Nolltolerans mot d\u00e5liga utf\u00f6rare, oavsett driftsform<\/li><\/ul>\n","protected":false},"excerpt":{"rendered":"<p>P\u00e5 denna sida finns Moderaterna i V\u00e4rmlands l\u00e4nsprogram f\u00f6r valet 2022. Det ska alltid l\u00f6na sig att arbeta &#8211; f\u00e4rre ska leva p\u00e5 bidrag Minska regelkr\u00e5ngel f\u00f6r f\u00f6retag att anst\u00e4lla och snabbare integration bygger V\u00e4rmlands v\u00e4lf\u00e4rd. S\u00e4nkta skatter ger st\u00f6rre m\u00f6jlighet till egen f\u00f6rs\u00f6rjning Landsbygden ska ges r\u00e4ttvisa villkor och f\u00f6ruts\u00e4ttningar Ett tryggare V\u00e4rmland Fler [&hellip;]<\/p>\n","protected":false},"author":86,"featured_media":1133,"comment_status":"closed","ping_status":"closed","sticky":true,"template":"","format":"standard","meta":{"_acf_changed":false,"_relevanssi_hide_post":"","_relevanssi_hide_content":"","_relevanssi_pin_for_all":"","_relevanssi_pin_keywords":"","_relevanssi_unpin_keywords":"","_relevanssi_related_keywords":"","_relevanssi_related_include_ids":"","_relevanssi_related_exclude_ids":"","_relevanssi_related_no_append":"","_relevanssi_related_not_related":"","_relevanssi_related_posts":"","_relevanssi_noindex_reason":"","footnotes":""},"categories":[1],"tags":[],"subject":[],"class_list":["post-1349","post","type-post","status-publish","format-standard","has-post-thumbnail","hentry","category-nyhet"],"acf":[],"publishpress_future_action":{"enabled":false,"date":"2026-05-10 09:58:33","action":"change-status","newStatus":"draft","terms":[],"taxonomy":"category"},"_links":{"self":[{"href":"https:\/\/moderaterna.se\/varmland\/wp-json\/wp\/v2\/posts\/1349","targetHints":{"allow":["GET"]}}],"collection":[{"href":"https:\/\/moderaterna.se\/varmland\/wp-json\/wp\/v2\/posts"}],"about":[{"href":"https:\/\/moderaterna.se\/varmland\/wp-json\/wp\/v2\/types\/post"}],"author":[{"embeddable":true,"href":"https:\/\/moderaterna.se\/varmland\/wp-json\/wp\/v2\/users\/86"}],"replies":[{"embeddable":true,"href":"https:\/\/moderaterna.se\/varmland\/wp-json\/wp\/v2\/comments?post=1349"}],"version-history":[{"count":5,"href":"https:\/\/moderaterna.se\/varmland\/wp-json\/wp\/v2\/posts\/1349\/revisions"}],"predecessor-version":[{"id":1390,"href":"https:\/\/moderaterna.se\/varmland\/wp-json\/wp\/v2\/posts\/1349\/revisions\/1390"}],"wp:featuredmedia":[{"embeddable":true,"href":"https:\/\/moderaterna.se\/varmland\/wp-json\/wp\/v2\/media\/1133"}],"wp:attachment":[{"href":"https:\/\/moderaterna.se\/varmland\/wp-json\/wp\/v2\/media?parent=1349"}],"wp:term":[{"taxonomy":"category","embeddable":true,"href":"https:\/\/moderaterna.se\/varmland\/wp-json\/wp\/v2\/categories?post=1349"},{"taxonomy":"post_tag","embeddable":true,"href":"https:\/\/moderaterna.se\/varmland\/wp-json\/wp\/v2\/tags?post=1349"},{"taxonomy":"subject","embeddable":true,"href":"https:\/\/moderaterna.se\/varmland\/wp-json\/wp\/v2\/subject?post=1349"}],"curies":[{"name":"wp","href":"https:\/\/api.w.org\/{rel}","templated":true}]}}