{"id":3583,"date":"2026-09-03T12:55:09","date_gmt":"2026-09-03T10:55:09","guid":{"rendered":"https:\/\/moderaterna.se\/uppsala\/?p=3583"},"modified":"2026-09-05T12:59:29","modified_gmt":"2026-09-05T10:59:29","slug":"m-vallofte-infor-30-dagars-vardgaranti-i-region-uppsala","status":"publish","type":"post","link":"https:\/\/moderaterna.se\/uppsala\/nyhet\/m-vallofte-infor-30-dagars-vardgaranti-i-region-uppsala\/","title":{"rendered":"M-vall\u00f6fte: Inf\u00f6r 30 dagars v\u00e5rdgaranti i Region Uppsala"},"content":{"rendered":"\n<p><strong>Drygt 5&nbsp;500 patienter v\u00e4ntar p\u00e5 operation i Region Uppsala. Endast 4 av 10 i behov av axeloperation f\u00e5r den i tid. F\u00f6r att fler ska f\u00e5 v\u00e5rd i tid vill Moderaterna i Region Uppsala att de som f\u00e5r v\u00e4nta mer \u00e4n 30 dagar ska f\u00e5 v\u00e5rd hos annan v\u00e5rdgivare. Det inneb\u00e4r en f\u00f6rkortning j\u00e4mf\u00f6rt med den nationella v\u00e5rdgarantin, som i dag \u00e4r 90 dagar.<\/strong><\/p>\n\n\n\n<ul class=\"wp-block-list\">\n<li><em>Att tvingas v\u00e4nta p\u00e5 v\u00e5rd \u00e4r or\u00e4ttvist. Idag l\u00e5ter v\u00e4nsterstyret pengar ligga p\u00e5 h\u00f6g inne ist\u00e4llet f\u00f6r att korta k\u00f6erna. Fr\u00e5n Moderaterna vill vi se till att ingen i Uppsala l\u00e4n ska beh\u00f6va v\u00e4nta l\u00e4ngre \u00e4n 30 dagar p\u00e5 v\u00e5rd<\/em>, s\u00e4ger <strong>Emilie Orring, regionr\u00e5d f\u00f6r Moderaterna<\/strong><\/li>\n<\/ul>\n\n\n\n<p>Moderaterna f\u00f6resl\u00e5r ocks\u00e5 en \u00f6versyn av regionens v\u00e5rdgarantienhet f\u00f6r att s\u00e4kerst\u00e4lla att patienter i tid f\u00e5r information om var de kan f\u00e5 v\u00e5rd och att de lotsas dit. De f\u00f6resl\u00e5r \u00e4ven att en k\u00f6kortningsenhet inr\u00e4ttas p\u00e5 regionens ledningskontor.<\/p>\n\n\n\n<ul class=\"wp-block-list\">\n<li><em>Vi m\u00e5ste skapa incitament f\u00f6r regionen att v\u00e4nda p\u00e5 alla stenar. Vi \u00e4r trots allt h\u00e4r f\u00f6r patienternas skull. Det kommer kr\u00e4va att vi jobbar annorlunda<\/em>, s\u00e4ger <strong>Cecilia Linder, oppositionsregionr\u00e5d f\u00f6r Moderaterna<\/strong><\/li>\n<\/ul>\n\n\n\n<p><strong>F\u00f6rslagen<\/strong><\/p>\n\n\n\n<ol start=\"1\" class=\"wp-block-list\">\n<li>V\u00e5rdgarantin f\u00f6r f\u00f6rsta bes\u00f6k och behandling ska vara 30 dagar i Region Uppsala<\/li>\n\n\n\n<li>Se \u00f6ver v\u00e5rdgarantienheten f\u00f6r att f\u00f6rb\u00e4ttra informationen till patienter och lotsningen till v\u00e5rd.<\/li>\n\n\n\n<li>Inr\u00e4tta en k\u00f6kortningsenhet p\u00e5 regionens ledningskontor som aktivt arbetar f\u00f6r att genom upphandling och p\u00e5 andra s\u00e4tt beta av v\u00e5rdk\u00f6erna.<\/li>\n<\/ol>\n\n\n\n<div class=\"wp-block-buttons is-layout-flex wp-block-buttons-is-layout-flex\">\n<div class=\"wp-block-button\"><a class=\"wp-block-button__link wp-element-button\" href=\"https:\/\/www.sverigesradio.se\/artikel\/moderaterna-i-region-uppsala-vill-korta-vardgarantin\">P4 Uppland: Moderaterna i Region Uppsala vill korta v\u00e5rdgarantin<\/a><\/div>\n<\/div>\n\n\n\n<p><strong>Fakta<\/strong><\/p>\n\n\n\n<ul class=\"wp-block-list\">\n<li>I Region Uppsala v\u00e4ntar drygt 5\u00a0500 patienter p\u00e5 operation enligt SKR. Inom ortopedi \u00e4r det fler \u00e4n 6 av 10 som inte f\u00e5r vissa operationer i tid. Inom \u00f6ron-, n\u00e4s- och halssjukv\u00e5rden \u00e4r det knappt h\u00e4lften som f\u00e5r operation i tid. Inom vuxenpsykiatrin f\u00e5r endast 11 procent behandling inom v\u00e5rdgarantin.<\/li>\n\n\n\n<li>Samtidigt \u00e4r Region Uppsala en av de regioner som \u00e4r s\u00e4mst p\u00e5 att anv\u00e4nda regeringens k\u00f6kortningspengar (<a href=\"https:\/\/www.dagensmedicin.se\/vardens-styrning\/politik\/varannan-region-slar-i-taket-pa-vag-att-overtraffa-malet-for-kobidrag\/?fbclid=IwY2xjawUGEphwZG9mBWV4dG4DYWVtAjEwAGJyaWQRMWlndDZBQWxtN0gwZ1FxWTJzcnRjBmFwcF9pZBAyMjIwMzkxNzg4MjAwODkyAAEeUIZTQhy5fGiLwbmC8ttFZQN5d6CH2_8vVhcGLNbQXXy52c8Yvjfi03hfXqw_aem_G0bdzJscC94lxrD2KrO6pQ\">Fem av sex ingrepp \u00f6kar efter riktade statsbidrag &#8211; Dagens Medicin<\/a>)<\/li>\n\n\n\n<li>Moderaternas f\u00f6rslag om f\u00f6rkortad v\u00e5rdgaranti regionalt g\u00e4ller f\u00f6rsta bes\u00f6k och behandling inom specialistv\u00e5rd.<\/li>\n\n\n\n<li>Regionen ska se till att patienten f\u00e5r v\u00e5rd hos en annan v\u00e5rdgivare n\u00e4r regionen bed\u00f6mer att v\u00e5rdgarantins tidsgr\u00e4ns inte kommer att uppfyllas. Det ska ske inom garantins gr\u00e4nser och utan extra kostnad f\u00f6r patienten.<\/li>\n\n\n\n<li>Idag finns m\u00f6jligheten att regionalt besluta om kortare v\u00e5rdgaranti \u00e4n den nationellt lagstadgade p\u00e5 90 dagar. Ett exempel \u00e4r Region Halland med en regional v\u00e5rdgaranti p\u00e5 60 dagar.<\/li>\n<\/ul>\n\n\n\n<p><strong>Kontaktpersoner:<\/strong>&nbsp;&nbsp;&nbsp;&nbsp;&nbsp;<\/p>\n\n\n\n<p>Emilie Orring&nbsp;&nbsp; &nbsp;<br>Oppositionsregionr\u00e5d (M), Region Uppsala&nbsp;&nbsp; &nbsp;<br>Telefon: 076\u2013785 41 72&nbsp;&nbsp; &nbsp;<br>E-post: <a href=\"mailto:emilie.orring@regionuppsala.se\">emilie.orring@regionuppsala.se<\/a>&nbsp;&nbsp;&nbsp;&nbsp;&nbsp;<\/p>\n\n\n\n<p>Daniel Strandberg&nbsp;&nbsp; &nbsp;<br>Politisk sekreterare (M), Region Uppsala&nbsp;&nbsp; &nbsp;<br>Telefon: 072\u2013202 15 25&nbsp;&nbsp; &nbsp;<br>E-post: <a href=\"mailto:daniel.strandberg@regionuppsala.se\">daniel.strandberg@regionuppsala.se<\/a>&nbsp;&nbsp;&nbsp;&nbsp;<\/p>\n","protected":false},"excerpt":{"rendered":"<p>Drygt 5&nbsp;500 patienter v\u00e4ntar p\u00e5 operation i Region Uppsala. Endast 4 av 10 i behov av axeloperation f\u00e5r den i tid. F\u00f6r att fler ska f\u00e5 v\u00e5rd i tid vill Moderaterna i Region Uppsala att de som f\u00e5r v\u00e4nta mer \u00e4n 30 dagar ska f\u00e5 v\u00e5rd hos annan v\u00e5rdgivare. Det inneb\u00e4r en f\u00f6rkortning j\u00e4mf\u00f6rt med [&hellip;]<\/p>\n","protected":false},"author":99,"featured_media":0,"comment_status":"closed","ping_status":"closed","sticky":false,"template":"","format":"standard","meta":{"_acf_changed":false,"_relevanssi_hide_post":"","_relevanssi_hide_content":"","_relevanssi_pin_for_all":"","_relevanssi_pin_keywords":"","_relevanssi_unpin_keywords":"","_relevanssi_related_keywords":"","_relevanssi_related_include_ids":"","_relevanssi_related_exclude_ids":"","_relevanssi_related_no_append":"","_relevanssi_related_not_related":"","_relevanssi_related_posts":"1709,1774,1464,1324,2372,1319","_relevanssi_noindex_reason":"","footnotes":""},"categories":[1],"tags":[],"subject":[],"class_list":["post-3583","post","type-post","status-publish","format-standard","hentry","category-nyhet"],"acf":[],"publishpress_future_action":{"enabled":false,"date":"2026-09-14 01:05:29","action":"change-status","newStatus":"draft","terms":[],"taxonomy":"category"},"_links":{"self":[{"href":"https:\/\/moderaterna.se\/uppsala\/wp-json\/wp\/v2\/posts\/3583","targetHints":{"allow":["GET"]}}],"collection":[{"href":"https:\/\/moderaterna.se\/uppsala\/wp-json\/wp\/v2\/posts"}],"about":[{"href":"https:\/\/moderaterna.se\/uppsala\/wp-json\/wp\/v2\/types\/post"}],"author":[{"embeddable":true,"href":"https:\/\/moderaterna.se\/uppsala\/wp-json\/wp\/v2\/users\/99"}],"replies":[{"embeddable":true,"href":"https:\/\/moderaterna.se\/uppsala\/wp-json\/wp\/v2\/comments?post=3583"}],"version-history":[{"count":2,"href":"https:\/\/moderaterna.se\/uppsala\/wp-json\/wp\/v2\/posts\/3583\/revisions"}],"predecessor-version":[{"id":3585,"href":"https:\/\/moderaterna.se\/uppsala\/wp-json\/wp\/v2\/posts\/3583\/revisions\/3585"}],"wp:attachment":[{"href":"https:\/\/moderaterna.se\/uppsala\/wp-json\/wp\/v2\/media?parent=3583"}],"wp:term":[{"taxonomy":"category","embeddable":true,"href":"https:\/\/moderaterna.se\/uppsala\/wp-json\/wp\/v2\/categories?post=3583"},{"taxonomy":"post_tag","embeddable":true,"href":"https:\/\/moderaterna.se\/uppsala\/wp-json\/wp\/v2\/tags?post=3583"},{"taxonomy":"subject","embeddable":true,"href":"https:\/\/moderaterna.se\/uppsala\/wp-json\/wp\/v2\/subject?post=3583"}],"curies":[{"name":"wp","href":"https:\/\/api.w.org\/{rel}","templated":true}]}}