{"id":3581,"date":"2026-09-02T12:23:08","date_gmt":"2026-09-02T10:23:08","guid":{"rendered":"https:\/\/moderaterna.se\/uppsala\/?p=3581"},"modified":"2026-09-05T13:04:45","modified_gmt":"2026-09-05T11:04:45","slug":"intervju-i-enkopings-posten-valloftet-som-ska-radda-vardcentralerna-mer-vard-for-pengarna","status":"publish","type":"post","link":"https:\/\/moderaterna.se\/uppsala\/nyhet\/intervju-i-enkopings-posten-valloftet-som-ska-radda-vardcentralerna-mer-vard-for-pengarna\/","title":{"rendered":"Intervju i Enk\u00f6pings-Posten: Vall\u00f6ftet som ska r\u00e4dda v\u00e5rdcentralerna: &#8221;Mer v\u00e5rd f\u00f6r pengarna&#8221;"},"content":{"rendered":"\n<p>Emilie Orring, f\u00f6rstanamn i regionvalet och Ingvar Smedlund, andranamn p\u00e5 s\u00f6dra regionlistan, tr\u00e4ffade Enk\u00f6pings-Posten f\u00f6r att prata om hur Moderaterna vill utveckla den n\u00e4ra v\u00e5rden om de vinner valet<\/p>\n\n\n\n<p>Moderaterna vill flytta mer v\u00e5rd till Lasarettet i Enk\u00f6ping, utveckla v\u00e5rdcentrum och starta n\u00e4rakuter p\u00e5 fler platser i l\u00e4net. <\/p>\n\n\n\n<p>F\u00f6r att skapa mer j\u00e4mlika f\u00f6ruts\u00e4ttningar f\u00f6r l\u00e4nets v\u00e5rdcentraler vill man flytta v\u00e5rdcentralerna till ett region\u00e4gt bolag. <\/p>\n\n\n\n<p>\u2013 Idag \u00e4r v\u00e5rdcentralerna en del av den stora kolossen, regionen. Vi tror att med ett bolag blir det tydligare ledning och de kan ha en egen ekonomi p\u00e5 ett annat s\u00e4tt, s\u00e4ger oppositionsregionr\u00e5d Emilie Orring till tidningen.<\/p>\n\n\n\n<div class=\"wp-block-buttons is-layout-flex wp-block-buttons-is-layout-flex\">\n<div class=\"wp-block-button\"><a class=\"wp-block-button__link wp-element-button\" href=\"https:\/\/www.eposten.se\/nyheter\/enkoping\/artikel\/m-vill-bolagisera-regionens-vardcentraler\/l78odmxj\">L\u00e4s hela intervjun h\u00e4r<\/a><\/div>\n<\/div>\n\n\n\n<p><\/p>\n","protected":false},"excerpt":{"rendered":"<p>Emilie Orring, f\u00f6rstanamn i regionvalet och Ingvar Smedlund, andranamn p\u00e5 s\u00f6dra regionlistan, tr\u00e4ffade Enk\u00f6pings-Posten f\u00f6r att prata om hur Moderaterna vill utveckla den n\u00e4ra v\u00e5rden om de vinner valet Moderaterna vill flytta mer v\u00e5rd till Lasarettet i Enk\u00f6ping, utveckla v\u00e5rdcentrum och starta n\u00e4rakuter p\u00e5 fler platser i l\u00e4net. F\u00f6r att skapa mer j\u00e4mlika f\u00f6ruts\u00e4ttningar f\u00f6r [&hellip;]<\/p>\n","protected":false},"author":99,"featured_media":0,"comment_status":"closed","ping_status":"closed","sticky":false,"template":"","format":"standard","meta":{"_acf_changed":false,"_relevanssi_hide_post":"","_relevanssi_hide_content":"","_relevanssi_pin_for_all":"","_relevanssi_pin_keywords":"","_relevanssi_unpin_keywords":"","_relevanssi_related_keywords":"","_relevanssi_related_include_ids":"","_relevanssi_related_exclude_ids":"","_relevanssi_related_no_append":"","_relevanssi_related_not_related":"","_relevanssi_related_posts":"1896,2549,1324,2974,1301,1704","_relevanssi_noindex_reason":"","footnotes":""},"categories":[1],"tags":[],"subject":[],"class_list":["post-3581","post","type-post","status-publish","format-standard","hentry","category-nyhet"],"acf":[],"publishpress_future_action":{"enabled":false,"date":"2026-09-14 01:07:51","action":"change-status","newStatus":"draft","terms":[],"taxonomy":"category"},"_links":{"self":[{"href":"https:\/\/moderaterna.se\/uppsala\/wp-json\/wp\/v2\/posts\/3581","targetHints":{"allow":["GET"]}}],"collection":[{"href":"https:\/\/moderaterna.se\/uppsala\/wp-json\/wp\/v2\/posts"}],"about":[{"href":"https:\/\/moderaterna.se\/uppsala\/wp-json\/wp\/v2\/types\/post"}],"author":[{"embeddable":true,"href":"https:\/\/moderaterna.se\/uppsala\/wp-json\/wp\/v2\/users\/99"}],"replies":[{"embeddable":true,"href":"https:\/\/moderaterna.se\/uppsala\/wp-json\/wp\/v2\/comments?post=3581"}],"version-history":[{"count":2,"href":"https:\/\/moderaterna.se\/uppsala\/wp-json\/wp\/v2\/posts\/3581\/revisions"}],"predecessor-version":[{"id":3586,"href":"https:\/\/moderaterna.se\/uppsala\/wp-json\/wp\/v2\/posts\/3581\/revisions\/3586"}],"wp:attachment":[{"href":"https:\/\/moderaterna.se\/uppsala\/wp-json\/wp\/v2\/media?parent=3581"}],"wp:term":[{"taxonomy":"category","embeddable":true,"href":"https:\/\/moderaterna.se\/uppsala\/wp-json\/wp\/v2\/categories?post=3581"},{"taxonomy":"post_tag","embeddable":true,"href":"https:\/\/moderaterna.se\/uppsala\/wp-json\/wp\/v2\/tags?post=3581"},{"taxonomy":"subject","embeddable":true,"href":"https:\/\/moderaterna.se\/uppsala\/wp-json\/wp\/v2\/subject?post=3581"}],"curies":[{"name":"wp","href":"https:\/\/api.w.org\/{rel}","templated":true}]}}