{"id":3562,"date":"2026-08-27T14:49:04","date_gmt":"2026-08-27T12:49:04","guid":{"rendered":"https:\/\/moderaterna.se\/uppsala\/?p=3562"},"modified":"2026-08-27T14:49:05","modified_gmt":"2026-08-27T12:49:05","slug":"jamstalldhet-handlar-om-frihet-pa-riktigt","status":"publish","type":"post","link":"https:\/\/moderaterna.se\/uppsala\/nyhet\/jamstalldhet-handlar-om-frihet-pa-riktigt\/","title":{"rendered":"J\u00e4mst\u00e4lldhet handlar om frihet \u2013 p\u00e5 riktigt"},"content":{"rendered":"\n<p>J\u00e4mst\u00e4lldhet handlar f\u00f6r oss om frihet. En kvinna som inte har r\u00e5d att skilja sig eller som inte kan ha ett eget sparande, oavsett storlek, \u00e4r inte fri. En kvinna som tvingas l\u00e4mna sitt hem f\u00f6r att undkomma sin f\u00f6r\u00f6vare \u00e4r inte fri. Precis som den som inte kan prata om det sexuella \u00f6vergrepp den blivit utsatt f\u00f6r och varna sina v\u00e4nner. Och den som vill bilda familj men m\u00f6ter on\u00f6diga hinder i v\u00e5rden har inte heller full frihet att forma sitt liv. Detta \u00e4r verkligheten f\u00f6r m\u00e5nga kvinnor idag, samh\u00e4llsproblem som borde engagera l\u00e5ngt m\u00e5nga fler.<\/p>\n\n\n\n<p>D\u00e4rf\u00f6r har Moderaterna och Moderatkvinnorna drivit och kommer forts\u00e4tta driva fr\u00e5gor om egenmakt, sj\u00e4lvbest\u00e4mmande och trygghet f\u00f6r att Sverige och Uppsala ska bli mer j\u00e4mst\u00e4llt.<\/p>\n\n\n\n<p>Vi vill s\u00e4nka tr\u00f6sklarna till att bygga ett eget sparkapital. Vi vill att du ska kunna spara 500\u202f000 kr skattefritt i sparformen ISK. Det handlar inte om att st\u00f6tta de som redan har en halv miljon att investera utan om den som sparar n\u00e5gra hundralappar varje m\u00e5nad. Den som sparar 200 kronor i m\u00e5naden under ett arbetsliv kan ha sparat ihop \u00f6ver 600\u202f000 kr. Det vill vi uppmuntra snarare \u00e4n att beskatta. I en verklighet d\u00e4r kvinnor oftare har en l\u00e4gre pension och oftare inte kan skilja sig f\u00f6r att man \u00e4r r\u00e4dd att inte ha r\u00e5d \u00e4r detta extra viktigt.<\/p>\n\n\n\n<p>ISK \u00e4r en popul\u00e4r sparform som lockat ocks\u00e5 m\u00e5nga kvinnor och som kan vara en nyckel i att j\u00e4mna ut skillnaderna i \u00e4gande mellan m\u00e4n och kvinnor. I Uppsala kommun vill vi forts\u00e4tta bygga ut SFI f\u00f6r f\u00f6r\u00e4ldralediga, f\u00f6r att m\u00f6jligg\u00f6ra f\u00f6r fler utrikesf\u00f6dda kvinnor att l\u00e4ra sig svenska, komma i arbete och st\u00e5 p\u00e5 egna ben. Vi vill ocks\u00e5 se \u00f6ver m\u00f6jligheten att efter SFI forts\u00e4tta l\u00e4sa svenska som andraspr\u00e5k under f\u00f6r\u00e4ldraledigheten, g\u00e4rna i kombination med exempelvis yrkeskurser.<\/p>\n\n\n\n<p>I Uppsala kommun drev Moderaterna igenom att det nu finns avsatta bost\u00e4der s\u00e4rskilt f\u00f6r den kvinna som snabbt beh\u00f6ver l\u00e4mna en v\u00e5ldsam relation men som saknar ekonomiska f\u00f6ruts\u00e4ttningar, ett f\u00f6rslag vi ocks\u00e5 driver i andra kommuner i l\u00e4net.<\/p>\n\n\n\n<p>Ekonomiskt v\u00e5ld, som att inte f\u00e5 ha tillg\u00e5ng till eget bankkonto eller swish eller att ens partner tar l\u00e5n i ens namn och drar p\u00e5 kvinnan skulder, \u00e4r inte ovanliga situationer. Det \u00e4r d\u00e5 oerh\u00f6rt sv\u00e5rt att l\u00e4mna och f\u00e5 ett hyreskontrakt, som ofta kr\u00e4ver att du \u00e4r skuldfri.<\/p>\n\n\n\n<p>Dessutom f\u00f6reslog vi f\u00f6r \u00f6ver tv\u00e5 \u00e5r sedan att det b\u00f6r vara f\u00f6r\u00f6varen som vr\u00e4ks fr\u00e5n ett gemensamt hyreskontrakt om det skett v\u00e5ld i relationen. Nu, tv\u00e5 \u00e5r senare, har detta h\u00f6rsammats och lagts fram som ett f\u00f6rslag av det r\u00f6dgr\u00f6na styret i Uppsala kommun. Det \u00e4r v\u00e4lkommet, men hade redan kunnat vara p\u00e5 plats om vi hade styrt. Dessutom m\u00e5ste vi s\u00e4kerst\u00e4lla att inte ocks\u00e5 detta dras i l\u00e5ngb\u00e4nk utan faktiskt genomf\u00f6rs s\u00e5 snart det bara \u00e4r m\u00f6jligt. Det handlar om att r\u00e4dda liv.<\/p>\n\n\n\n<p>Att varna andra f\u00f6r en sexualf\u00f6r\u00f6vare kan ocks\u00e5 r\u00e4dda liv. Idag om\u00f6jligg\u00f6r f\u00f6rtalslagstiftningen f\u00f6r detta, n\u00e5got som drabbat inte minst m\u00e5nga kvinnor efter #metoo. Ingen \u00f6nskar r\u00e4ttsos\u00e4kra uth\u00e4ngningar men det borde vara m\u00f6jligt att p\u00e5 rimliga grunder larma och varna f\u00f6r exempelvis d\u00f6mda sexualf\u00f6rbrytare och pedofiler. Nu i augusti tillsattes en utredning f\u00f6r att se \u00f6ver lagstiftningen och f\u00f6rmodligen kr\u00e4vs en fortsatt moderatledd regering f\u00f6r att det h\u00e4r f\u00f6rslaget ska bli verklighet.<\/p>\n\n\n\n<p>En frihetsreform som ocks\u00e5 spelar stor roll i m\u00e4nniskors liv \u00e4r v\u00e5rt f\u00f6rslag om dubblerat antal IVF-f\u00f6rs\u00f6k, fr\u00e5n upp till tre offentligt finansierade till sex. Det skulle inneb\u00e4ra hopp och uppfyllda dr\u00f6mmar f\u00f6r b\u00e5de fler kvinnliga samk\u00f6nade par, ensamst\u00e5ende kvinnor och heterosexuella par. Fler ska f\u00e5 m\u00f6jlighet att bilda den familj de dr\u00f6mmer om. Ofrivillig barnl\u00f6shet drabbar ungef\u00e4r ett av sex par och kan leda till stress, \u00e5ngest och depression. Vi vill ocks\u00e5 att detta ska innefatta IVF-f\u00f6rs\u00f6k f\u00f6r syskon.<\/p>\n\n\n\n<p>Det h\u00e4r \u00e4r n\u00e5gra av de j\u00e4mst\u00e4lldhetspolitiska f\u00f6rslag som vi g\u00e5r till val p\u00e5.<\/p>\n\n\n\n<p>Vi tror p\u00e5 ett samh\u00e4lle d\u00e4r fler kvinnor kan f\u00f6rs\u00f6rja sig sj\u00e4lva, k\u00e4nna sig trygga, f\u00e5 r\u00e4tt v\u00e5rd och ha makten \u00f6ver sina egna liv. D\u00e4r kvinnor har samma m\u00f6jligheter att lyckas, oavsett var de bor eller vilken bakgrund de har.<\/p>\n\n\n\n<p>Sofia Andersson (M), oppositionsr\u00e5d Uppsala kommun och ordf\u00f6rande Moderatkvinnorna Uppsala l\u00e4n\u00a0<\/p>\n","protected":false},"excerpt":{"rendered":"<p>J\u00e4mst\u00e4lldhet handlar f\u00f6r oss om frihet. En kvinna som inte har r\u00e5d att skilja sig eller som inte kan ha ett eget sparande, oavsett storlek, \u00e4r inte fri. En kvinna som tvingas l\u00e4mna sitt hem f\u00f6r att undkomma sin f\u00f6r\u00f6vare \u00e4r inte fri. Precis som den som inte kan prata om det sexuella \u00f6vergrepp den [&hellip;]<\/p>\n","protected":false},"author":126,"featured_media":3563,"comment_status":"closed","ping_status":"closed","sticky":false,"template":"","format":"standard","meta":{"_acf_changed":false,"_relevanssi_hide_post":"","_relevanssi_hide_content":"","_relevanssi_pin_for_all":"","_relevanssi_pin_keywords":"","_relevanssi_unpin_keywords":"","_relevanssi_related_keywords":"","_relevanssi_related_include_ids":"","_relevanssi_related_exclude_ids":"","_relevanssi_related_no_append":"","_relevanssi_related_not_related":"","_relevanssi_related_posts":"","_relevanssi_noindex_reason":"","footnotes":""},"categories":[1],"tags":[],"subject":[],"class_list":["post-3562","post","type-post","status-publish","format-standard","has-post-thumbnail","hentry","category-nyhet"],"acf":[],"publishpress_future_action":{"enabled":false,"date":"2026-09-09 06:16:50","action":"change-status","newStatus":"draft","terms":[],"taxonomy":"category"},"_links":{"self":[{"href":"https:\/\/moderaterna.se\/uppsala\/wp-json\/wp\/v2\/posts\/3562","targetHints":{"allow":["GET"]}}],"collection":[{"href":"https:\/\/moderaterna.se\/uppsala\/wp-json\/wp\/v2\/posts"}],"about":[{"href":"https:\/\/moderaterna.se\/uppsala\/wp-json\/wp\/v2\/types\/post"}],"author":[{"embeddable":true,"href":"https:\/\/moderaterna.se\/uppsala\/wp-json\/wp\/v2\/users\/126"}],"replies":[{"embeddable":true,"href":"https:\/\/moderaterna.se\/uppsala\/wp-json\/wp\/v2\/comments?post=3562"}],"version-history":[{"count":1,"href":"https:\/\/moderaterna.se\/uppsala\/wp-json\/wp\/v2\/posts\/3562\/revisions"}],"predecessor-version":[{"id":3564,"href":"https:\/\/moderaterna.se\/uppsala\/wp-json\/wp\/v2\/posts\/3562\/revisions\/3564"}],"wp:featuredmedia":[{"embeddable":true,"href":"https:\/\/moderaterna.se\/uppsala\/wp-json\/wp\/v2\/media\/3563"}],"wp:attachment":[{"href":"https:\/\/moderaterna.se\/uppsala\/wp-json\/wp\/v2\/media?parent=3562"}],"wp:term":[{"taxonomy":"category","embeddable":true,"href":"https:\/\/moderaterna.se\/uppsala\/wp-json\/wp\/v2\/categories?post=3562"},{"taxonomy":"post_tag","embeddable":true,"href":"https:\/\/moderaterna.se\/uppsala\/wp-json\/wp\/v2\/tags?post=3562"},{"taxonomy":"subject","embeddable":true,"href":"https:\/\/moderaterna.se\/uppsala\/wp-json\/wp\/v2\/subject?post=3562"}],"curies":[{"name":"wp","href":"https:\/\/api.w.org\/{rel}","templated":true}]}}