{"id":3016,"date":"2026-04-28T17:32:00","date_gmt":"2026-04-28T15:32:00","guid":{"rendered":"https:\/\/moderaterna.se\/uppsala\/?p=3016"},"modified":"2026-04-29T14:31:32","modified_gmt":"2026-04-29T12:31:32","slug":"moderaterna-kraver-atgarder-efter-krisnatten-pa-akuten-far-gehor","status":"publish","type":"post","link":"https:\/\/moderaterna.se\/uppsala\/nyhet\/moderaterna-kraver-atgarder-efter-krisnatten-pa-akuten-far-gehor\/","title":{"rendered":"Moderaterna kr\u00e4ver \u00e5tg\u00e4rder efter krisnatten p\u00e5 akuten \u2013 f\u00e5r geh\u00f6r"},"content":{"rendered":"\n<p>Efter det allvarliga l\u00e4get p\u00e5 akutmottagningen vid Akademiska sjukhuset <a href=\"https:\/\/www.unt.se\/nyheter\/uppsala\/artikel\/ambulanser-omdirigerades-fran-akademiska-till-enkoping\/jn1v9q0l\">f\u00f6rra veckan<\/a>, d\u00e4r ambulanser dirigerades om till Lasarettet i Enk\u00f6ping, kr\u00e4ver Moderaterna \u00e5tg\u00e4rder. Vid regionstyrelsens m\u00f6te fick de geh\u00f6r f\u00f6r sitt krav om att en analys av vad som f\u00f6ranledde h\u00e4ndelsen ska genomf\u00f6ras.<\/p>\n\n\n\n<p>&#8221;<em>M\u00e4nniskor m\u00e5ste kunna lita p\u00e5 akutmottagningen och sjukhusets kapacitet. Det \u00e4r d\u00e4rf\u00f6r oerh\u00f6rt viktigt att regionen g\u00e5r till botten med vad som h\u00e4nde s\u00e5 att vi kan f\u00f6rebygga liknande situationer i framtiden&#8221;, <\/em>s\u00e4ger <strong>Emilie Orring (M), oppositionsregionr\u00e5d.<\/strong><\/p>\n\n\n\n<p>Moderaterna ville g\u00e5 l\u00e4ngre och f\u00f6reslog fler \u00e5tg\u00e4rder f\u00f6r att l\u00e5ngsiktigt st\u00e4rka akutsjukv\u00e5rden i Uppsala l\u00e4n. Bland annat genom en utredning av hur akutsjukv\u00e5rden fungerar och hur den b\u00f6r utvecklas. Dessa r\u00f6stades ner av den S-ledda majoriteten.<\/p>\n\n\n\n<p>&#8221;<em>Det \u00e4r uppenbart att v\u00e4nsterstyret saknar en plan f\u00f6r hur akutverksamheten ska utvecklas. Den \u00f6vergripande styrningen av v\u00e5rden m\u00e5ste f\u00f6rb\u00e4ttras och bli betydligt tydligare \u00e4n idag. B\u00e5de f\u00f6r medarbetarnas arbetsmilj\u00f6 och f\u00f6r att de som bor h\u00e4r ska k\u00e4nna sig trygga med att v\u00e5rden finns n\u00e4r man beh\u00f6ver den<\/em>&#8221;, s\u00e4ger <strong>Emilie Orring (M), oppositionsregionr\u00e5d.<\/strong><\/p>\n\n\n\n<p>Kraven framf\u00f6rdes under regionstyrelsens sammantr\u00e4de tisdag 28 april.<\/p>\n\n\n\n<p><strong>Fakta:<\/strong><\/p>\n\n\n\n<p><strong>Moderaternas krav:<\/strong><\/p>\n\n\n\n<ul class=\"wp-block-list\">\n<li>Att regionstyrelsen f\u00e5r en redovisning av hur den medicinska ledningsstrukturen ser ut inne p\u00e5 sjukhuset.<\/li>\n\n\n\n<li>Att regionstyrelsen ska f\u00e5 en \u00e5terrapport med\u00a0analys och tidslinje \u00f6ver situationen som uppstod p\u00e5 Akademiska sjukhusets akutmottagning natten till tisdag den 21 april. <strong>Detta bif\u00f6lls av regionstyrelsen.<\/strong><\/li>\n\n\n\n<li>Att regionstyrelsen tills\u00e4tter en utredning med redovisning av hur akutsjukv\u00e5rden fungerar idag och b\u00f6r utvecklas fram\u00e5t.<\/li>\n<\/ul>\n\n\n\n<p><strong>Kontaktpersoner:<\/strong>&nbsp;&nbsp;&nbsp;&nbsp;&nbsp;<\/p>\n\n\n\n<p>Emilie Orring&nbsp;&nbsp; &nbsp;<br>Oppositionsregionr\u00e5d (M), Region Uppsala&nbsp;&nbsp; &nbsp;<br>Telefon: 076\u2013785 41 72&nbsp;&nbsp; &nbsp;<br>E-post: <a href=\"mailto:emilie.orring@regionuppsala.se\">emilie.orring@regionuppsala.se<\/a>&nbsp;&nbsp;&nbsp;&nbsp;<\/p>\n\n\n\n<p>Daniel Strandberg&nbsp;&nbsp; &nbsp;<br>Politisk sekreterare (M), Region Uppsala&nbsp;&nbsp; &nbsp;<br>Telefon: 072\u2013202 15 25&nbsp;&nbsp; &nbsp;<br>E-post: <a href=\"mailto:daniel.strandberg@regionuppsala.se\">daniel.strandberg@regionuppsala.se<\/a>&nbsp;&nbsp;&nbsp;&nbsp;<\/p>\n","protected":false},"excerpt":{"rendered":"<p>Efter det allvarliga l\u00e4get p\u00e5 akutmottagningen vid Akademiska sjukhuset f\u00f6rra veckan, d\u00e4r ambulanser dirigerades om till Lasarettet i Enk\u00f6ping, kr\u00e4ver Moderaterna \u00e5tg\u00e4rder. Vid regionstyrelsens m\u00f6te fick de geh\u00f6r f\u00f6r sitt krav om att en analys av vad som f\u00f6ranledde h\u00e4ndelsen ska genomf\u00f6ras. &#8221;M\u00e4nniskor m\u00e5ste kunna lita p\u00e5 akutmottagningen och sjukhusets kapacitet. Det \u00e4r d\u00e4rf\u00f6r oerh\u00f6rt [&hellip;]<\/p>\n","protected":false},"author":99,"featured_media":0,"comment_status":"closed","ping_status":"closed","sticky":false,"template":"","format":"standard","meta":{"_acf_changed":false,"_relevanssi_hide_post":"","_relevanssi_hide_content":"","_relevanssi_pin_for_all":"","_relevanssi_pin_keywords":"","_relevanssi_unpin_keywords":"","_relevanssi_related_keywords":"","_relevanssi_related_include_ids":"","_relevanssi_related_exclude_ids":"","_relevanssi_related_no_append":"","_relevanssi_related_not_related":"","_relevanssi_related_posts":"","_relevanssi_noindex_reason":"","footnotes":""},"categories":[1],"tags":[],"subject":[],"class_list":["post-3016","post","type-post","status-publish","format-standard","hentry","category-nyhet"],"acf":[],"publishpress_future_action":{"enabled":false,"date":"2026-05-07 10:25:34","action":"change-status","newStatus":"draft","terms":[],"taxonomy":"category"},"_links":{"self":[{"href":"https:\/\/moderaterna.se\/uppsala\/wp-json\/wp\/v2\/posts\/3016","targetHints":{"allow":["GET"]}}],"collection":[{"href":"https:\/\/moderaterna.se\/uppsala\/wp-json\/wp\/v2\/posts"}],"about":[{"href":"https:\/\/moderaterna.se\/uppsala\/wp-json\/wp\/v2\/types\/post"}],"author":[{"embeddable":true,"href":"https:\/\/moderaterna.se\/uppsala\/wp-json\/wp\/v2\/users\/99"}],"replies":[{"embeddable":true,"href":"https:\/\/moderaterna.se\/uppsala\/wp-json\/wp\/v2\/comments?post=3016"}],"version-history":[{"count":2,"href":"https:\/\/moderaterna.se\/uppsala\/wp-json\/wp\/v2\/posts\/3016\/revisions"}],"predecessor-version":[{"id":3018,"href":"https:\/\/moderaterna.se\/uppsala\/wp-json\/wp\/v2\/posts\/3016\/revisions\/3018"}],"wp:attachment":[{"href":"https:\/\/moderaterna.se\/uppsala\/wp-json\/wp\/v2\/media?parent=3016"}],"wp:term":[{"taxonomy":"category","embeddable":true,"href":"https:\/\/moderaterna.se\/uppsala\/wp-json\/wp\/v2\/categories?post=3016"},{"taxonomy":"post_tag","embeddable":true,"href":"https:\/\/moderaterna.se\/uppsala\/wp-json\/wp\/v2\/tags?post=3016"},{"taxonomy":"subject","embeddable":true,"href":"https:\/\/moderaterna.se\/uppsala\/wp-json\/wp\/v2\/subject?post=3016"}],"curies":[{"name":"wp","href":"https:\/\/api.w.org\/{rel}","templated":true}]}}