{"id":2372,"date":"2024-09-25T16:05:00","date_gmt":"2024-09-25T14:05:00","guid":{"rendered":"https:\/\/moderaterna.se\/uppsala\/?p=2372"},"modified":"2024-09-25T15:23:50","modified_gmt":"2024-09-25T13:23:50","slug":"fortfarande-manga-obesvarade-fragor-om-hur-pendlarna-paverkas","status":"publish","type":"post","link":"https:\/\/moderaterna.se\/uppsala\/nyhet\/fortfarande-manga-obesvarade-fragor-om-hur-pendlarna-paverkas\/","title":{"rendered":"Fortfarande m\u00e5nga obesvarade fr\u00e5gor om hur pendlarna p\u00e5verkas"},"content":{"rendered":"\n<p>M\u00e5nga fr\u00e5gor kvarst\u00e5r fortfarande. I euforin av att p\u00e5 presstr\u00e4ff kunna st\u00e5 och fira sin l\u00f6sning verkar v\u00e4nsterstyret gl\u00f6mt det viktigaste &#8211; kommer det att fungera f\u00f6r pendlarna?<\/p>\n\n\n\n<p>SJ:s besked om att de slutar k\u00f6ra Uppsalapendeln gjorde m\u00e5nga oroliga f\u00f6r hur man ska kunna f\u00e5 ihop vardagen. P\u00e5 goda grunder. Ig\u00e5r stoltserade Region Uppsalas v\u00e4nsterstyre med att man nu \u201d\u00e4r i m\u00e5l\u201d och att man \u201ds\u00e4krar t\u00e5gtrafiken f\u00f6r v\u00e5ra pendlare och resen\u00e4rer\u201d. Sanningen \u00e4r att Region Uppsala har haft det yttersta ansvaret f\u00f6r t\u00e5gtrafiken. Den politiska ledningen har k\u00e4nt till att detta varit p\u00e5 g\u00e5ng under en l\u00e4ngre tid, avst\u00e5tt fr\u00e5n att agera och hoppats p\u00e5 att bolaget M\u00e4lardalstrafik ska kunna stressa fram en l\u00f6sning. M\u00e5nga fr\u00e5gor kvarst\u00e5r fortfarande. I euforin av att p\u00e5 presstr\u00e4ff kunna st\u00e5 och fira sin l\u00f6sning verkar v\u00e4nsterstyret gl\u00f6mt det viktigaste &#8211; kommer det att fungera f\u00f6r pendlarna?<\/p>\n\n\n\n<p>Ig\u00e5r meddelades att M\u00e4lart\u00e5g planerar att ta \u00f6ver en del av t\u00e5gtrafiken Uppsala &#8211; Stockholm efter SJ:s besked. I rapporteringen kan man l\u00e4sa att M\u00e4lardalstrafik arbetat intensivt f\u00f6r att f\u00e5 fram en l\u00f6sning. Men vems ansvar \u00e4r det egentligen? Enligt lagen \u00e4r det regionerna. I S-ledda Region Uppsalas program f\u00f6r l\u00e4nets trafikf\u00f6rs\u00f6rjning kan man l\u00e4sa f\u00f6ljande:<\/p>\n\n\n\n<p><em>\u201dL\u00e5ngsiktighet och stabilitet \u00e4r en grundl\u00e4ggande faktor f\u00f6r att beh\u00e5lla resen\u00e4rernas f\u00f6rtroende f\u00f6r kollektivtrafiken och f\u00f6r att kunna bidra till regionens m\u00e5l. Kommersiella akt\u00f6rer f\u00e5r tr\u00e4da in p\u00e5, eller ut fr\u00e5n marknaden, med tre veckors varsel. I de fall Region Uppsala v\u00e4ljer att avst\u00e5 allm\u00e4n trafikplikt f\u00f6r ett omr\u00e5de eller str\u00e5k m\u00e5ste det d\u00e4rf\u00f6r uppr\u00e4ttas en plan f\u00f6r hur trafikf\u00f6rs\u00f6rjningen ska s\u00e4kerst\u00e4llas om den kommersiella trafiken upph\u00f6r med kort varsel.\u201d<\/em><\/p>\n\n\n\n<p>Det byr\u00e5kratiska stycket betyder med andra ord att Region Uppsala m\u00e5ste vara f\u00f6rberedda och ha en plan om till exempel SJ v\u00e4ljer att sluta k\u00f6ra t\u00e5gen.<\/p>\n\n\n\n<p>Styret har k\u00e4nt till att SJ planerade att dra sig ur i ett halv\u00e5r utan att n\u00e5got har gjorts. Allm\u00e4nheten har h\u00e5llits ovetande. Fr\u00e5n oppositionen har vi velat bidra till en h\u00e5llbar l\u00f6sning men i st\u00e4llet f\u00f6r konstruktiva l\u00f6sningar har styret valt att peka finger mot regeringen och SJ.<\/p>\n\n\n\n<p>Det \u00e4r ju trevligt att h\u00f6ra att styret nu k\u00e4nner sig glada och l\u00e4ttade \u00f6ver att \u201dvara i m\u00e5l\u201d. Vi anser dock att det \u00e4r desto viktigare att pendlarna kan k\u00e4nna sig trygga.<\/p>\n\n\n\n<p>Uppenbart \u00e4r att v\u00e4nsterstyret har k\u00e4nt sig stressade med att f\u00e5 fram en l\u00f6sning. Betydligt mindre uppenbart \u00e4r hur det p\u00e5verkar pendlarnas f\u00f6ruts\u00e4ttningar att kunna ta sig till jobb, skola, fritid. Flera fr\u00e5getecken kvarst\u00e5r, som sagt, fortfarande.<\/p>\n\n\n\n<p>Kommer jag som pendlare fortsatt kunna anv\u00e4nda tiden p\u00e5 t\u00e5get f\u00f6r att sitta ner och svara p\u00e5 det d\u00e4r mejlet som annars inte hinns med eller kommer man tr\u00e4ngas vid d\u00f6rrarna?<\/p>\n\n\n\n<p>Kommer jag att kunna \u00e5ka den tid jag har planerat eller m\u00f6tas av ett proppfullt t\u00e5g som svischar f\u00f6rbi mig var och varannan morgon?<\/p>\n\n\n\n<p>Hur ofta kommer jag m\u00f6tas av inst\u00e4llda avg\u00e5ngar eftersom personalen helt enkelt inte r\u00e4cker till f\u00f6r att k\u00f6ra t\u00e5gen?<\/p>\n\n\n\n<p>Hade regionens styre, best\u00e5ende av S, V, C, MP, b\u00f6rjat arbeta med fr\u00e5gan redan i vintras hade kanske pendlarna kunnat k\u00e4nna sig mer trygga med att fortsatt v\u00e4lja t\u00e5get. Det st\u00e5r nu klart att v\u00e4ldigt mycket press l\u00e4ggs p\u00e5 en akt\u00f6r som ska k\u00f6ra alla t\u00e5gen. Fanns det verkligen ingen annan l\u00f6sning \u00e4n att l\u00e4gga alla \u00e4gg i en korg?<\/p>\n\n\n\n<p>V\u00e4nsterstyret ger stora l\u00f6ften om v\u00e4lfungerande pendeltrafik i vinter. Tyv\u00e4rr \u00e4r vi inte lika \u00f6vertygade.<\/p>\n\n\n\n<p>Situationen idag \u00e4r l\u00e5ngt ifr\u00e5n optimal. Hur t\u00e4nker sig styret att det ska fungera b\u00e4ttre n\u00e4r inte ens alla avg\u00e5ngar kommer kunna ers\u00e4ttas?<\/p>\n\n\n\n<p>Det S-ledda v\u00e4nsterstyrets senf\u00e4rdighet och otydliga kommunikation gentemot pendlarna har sannolikt lett till att m\u00f6jliga l\u00f6sningar f\u00f6rsummats l\u00e4ngst v\u00e4gen och att det akuta l\u00e4ge vi befunnit oss i har kunnat uppst\u00e5. Det \u00e4r oacceptabelt.<\/p>\n\n\n\n<p>N\u00e5gon form av l\u00f6sning har nu presenterats, det verkar vara en bra l\u00f6sning p\u00e5 papper f\u00f6r det S-ledda v\u00e4nsterstyret. Det \u00e5terst\u00e5r fortfarande att se om det \u00e4r en lika bra l\u00f6sning f\u00f6r pendlarna.<\/p>\n\n\n\n<p>Emilie Orring, regionr\u00e5d och gruppledare (M)<\/p>\n\n\n\n<p>Bj\u00f6rn-Owe Bj\u00f6rk, regionr\u00e5d och gruppledare (KD)<\/p>\n\n\n\n<p>Malin Sj\u00f6berg H\u00f6grell, regionr\u00e5d och gruppledare (L)<\/p>\n\n\n\n<p>Cecilia Linder, regionr\u00e5d (M)<\/p>\n","protected":false},"excerpt":{"rendered":"<p>M\u00e5nga fr\u00e5gor kvarst\u00e5r fortfarande. I euforin av att p\u00e5 presstr\u00e4ff kunna st\u00e5 och fira sin l\u00f6sning verkar v\u00e4nsterstyret gl\u00f6mt det viktigaste &#8211; kommer det att fungera f\u00f6r pendlarna? SJ:s besked om att de slutar k\u00f6ra Uppsalapendeln gjorde m\u00e5nga oroliga f\u00f6r hur man ska kunna f\u00e5 ihop vardagen. P\u00e5 goda grunder. Ig\u00e5r stoltserade Region Uppsalas v\u00e4nsterstyre [&hellip;]<\/p>\n","protected":false},"author":99,"featured_media":0,"comment_status":"closed","ping_status":"closed","sticky":false,"template":"","format":"standard","meta":{"_acf_changed":false,"_relevanssi_hide_post":"","_relevanssi_hide_content":"","_relevanssi_pin_for_all":"","_relevanssi_pin_keywords":"","_relevanssi_unpin_keywords":"","_relevanssi_related_keywords":"","_relevanssi_related_include_ids":"","_relevanssi_related_exclude_ids":"","_relevanssi_related_no_append":"","_relevanssi_related_not_related":"","_relevanssi_related_posts":"","_relevanssi_noindex_reason":"","footnotes":""},"categories":[1],"tags":[165,160,163,164,166],"subject":[],"class_list":["post-2372","post","type-post","status-publish","format-standard","hentry","category-nyhet","tag-malartag","tag-pendling","tag-region-uppsala","tag-tag","tag-uppsala"],"acf":[],"publishpress_future_action":{"enabled":false,"date":"2026-05-07 13:58:51","action":"change-status","newStatus":"draft","terms":[],"taxonomy":"category"},"_links":{"self":[{"href":"https:\/\/moderaterna.se\/uppsala\/wp-json\/wp\/v2\/posts\/2372","targetHints":{"allow":["GET"]}}],"collection":[{"href":"https:\/\/moderaterna.se\/uppsala\/wp-json\/wp\/v2\/posts"}],"about":[{"href":"https:\/\/moderaterna.se\/uppsala\/wp-json\/wp\/v2\/types\/post"}],"author":[{"embeddable":true,"href":"https:\/\/moderaterna.se\/uppsala\/wp-json\/wp\/v2\/users\/99"}],"replies":[{"embeddable":true,"href":"https:\/\/moderaterna.se\/uppsala\/wp-json\/wp\/v2\/comments?post=2372"}],"version-history":[{"count":2,"href":"https:\/\/moderaterna.se\/uppsala\/wp-json\/wp\/v2\/posts\/2372\/revisions"}],"predecessor-version":[{"id":2374,"href":"https:\/\/moderaterna.se\/uppsala\/wp-json\/wp\/v2\/posts\/2372\/revisions\/2374"}],"wp:attachment":[{"href":"https:\/\/moderaterna.se\/uppsala\/wp-json\/wp\/v2\/media?parent=2372"}],"wp:term":[{"taxonomy":"category","embeddable":true,"href":"https:\/\/moderaterna.se\/uppsala\/wp-json\/wp\/v2\/categories?post=2372"},{"taxonomy":"post_tag","embeddable":true,"href":"https:\/\/moderaterna.se\/uppsala\/wp-json\/wp\/v2\/tags?post=2372"},{"taxonomy":"subject","embeddable":true,"href":"https:\/\/moderaterna.se\/uppsala\/wp-json\/wp\/v2\/subject?post=2372"}],"curies":[{"name":"wp","href":"https:\/\/api.w.org\/{rel}","templated":true}]}}