{"id":2272,"date":"2024-05-21T16:35:45","date_gmt":"2024-05-21T14:35:45","guid":{"rendered":"https:\/\/moderaterna.se\/uppsala\/?p=2272"},"modified":"2024-05-21T16:35:45","modified_gmt":"2024-05-21T14:35:45","slug":"rosta-blankt-i-den-lokala-folkomrostningen-i-uppsala","status":"publish","type":"post","link":"https:\/\/moderaterna.se\/uppsala\/nyhet\/rosta-blankt-i-den-lokala-folkomrostningen-i-uppsala\/","title":{"rendered":"R\u00f6sta blankt i den lokala folkomr\u00f6stningen i Uppsala"},"content":{"rendered":"\n<p>Mellan den 22 maj och den 9 juni i samband med valet till europaparlamentet har vi en lokal folkomr\u00f6stning i Uppsala kommun.<\/p>\n\n\n\n<p>Moderaterna har hela tiden motsatt sig f\u00f6rslaget om en folkomr\u00f6stning. N\u00e4r det beslutades att den skulle genomf\u00f6ras f\u00f6reslog vi att den skulle handla om sp\u00e5rv\u00e4gen, en fr\u00e5ga som \u00e4r l\u00e4tt att f\u00f6rst\u00e5 och som det \u00e4r tydligt vad ett ja eller nej inneb\u00e4r. Ist\u00e4llet har vi f\u00e5tt en 31-ord l\u00e5ng fr\u00e5ga som knappt kommunstyrelsens ordf\u00f6rande sj\u00e4lv f\u00f6rst\u00e5r. F\u00f6r att det ska g\u00e5 att besvara fr\u00e5gan har kommunen tagit fram en 11 sidor l\u00e5ng guide.<\/p>\n\n\n\n<p>Fr\u00e5gan som st\u00e4lls i folkomr\u00f6stningen \u00e4r: <em>Ska Uppsala kommun i \u00f6versiktsplanen l\u00e4tta p\u00e5 bebyggelseutvecklingen i Uppsala stad genom att planera f\u00f6r fler bost\u00e4der i t\u00e4torterna l\u00e4ngs t\u00e5gsp\u00e5ren Ostkustbanan (Storvreta, Vattholma och Skyttorp) och Dalabanan (V\u00e4nge och J\u00e4rl\u00e5sa)?<\/em><\/p>\n\n\n\n<p>Fr\u00e5gan \u00e4r i princip om\u00f6jlig att f\u00f6rst\u00e5. Eftersom ett ja eller nej inte kommer \u00e4ndra sossarnas planer \u00e4r det enda s\u00e4ttet att visa att man bryr sig och tar st\u00e4llning f\u00f6r ett annat Uppsala att r\u00f6sta blankt.<\/p>\n\n\n\n<p>Moderaterna f\u00f6rordar en blank r\u00f6st i folkomr\u00f6stningen. Det finns m\u00e5nga anledningar till det. Vi tycker att folkomr\u00f6stningen \u00e4r b\u00e5de skattesl\u00f6seri och oseri\u00f6s. Ist\u00e4llet f\u00f6r att ta ansvar och komma \u00f6verens har S, V, MP och UP best\u00e4mt att Uppsala ska ha en folkomr\u00f6stning med en obegriplig fr\u00e5gest\u00e4llning som inte kommer \u00e4ndra planerna vare sig f\u00f6r S\u00f6dra staden eller sp\u00e5rv\u00e4gen. Det tycker vi \u00e4r fel.<\/p>\n\n\n\n<p>Fr\u00e5gest\u00e4llningen st\u00e4ller dessutom stad mot land. Moderaterna har en politik f\u00f6r att utveckla hela Uppsala med trygga, attraktiva och gr\u00f6na milj\u00f6er. Det beh\u00f6vs ett ansvarsfullt politiskt ledarskap f\u00f6r att s\u00e4kra Uppsalas utveckling. Vi vill se en framtid d\u00e4r fler kan kalla Uppsala sitt hem men d\u00e4r utbyggnaden sker s\u00e5 att trygghet och trivsel \u00f6verordnas t\u00e4thet. F\u00f6r just S\u00f6dra staden vill vi se fler sm\u00e5hus, f\u00e4rre h\u00f6ghus och minskad t\u00e4thet genom f\u00e4rre antal bost\u00e4der eller ett st\u00f6rre utbyggnadsomr\u00e5de. I Uppsala ska alla barn bli sedda i skolor med h\u00f6g kvalitet och v\u00e5ra \u00e4ldre ska kunna \u00e5ldras med v\u00e4rdighet och valfrihet.<\/p>\n\n\n\n<p>Genom att r\u00f6sta blankt visar du som uppsalabo att du \u00e4r engagerad, men inte \u00e4r n\u00f6jd med hur planerna f\u00f6r v\u00e5r stad ser ut. Genom att r\u00f6sta blankt visar det ocks\u00e5 att du som Uppsalabo \u00e4r missn\u00f6jd med sj\u00e4lva fr\u00e5gan och hur den \u00e4r st\u00e4lld.<\/p>\n\n\n\n<p>Nedan har vi sammanst\u00e4llt fr\u00e5gor och svar p\u00e5 n\u00e5gra fr\u00e5gor om folkomr\u00f6stningen.<\/p>\n\n\n\n<p><strong>Varf\u00f6r folkomr\u00f6stning?<br><\/strong>Utvecklingspartiet demokraterna (UP) f\u00f6rhandlade efter valet med Socialdemokraterna om ett gemensamt styre och d\u00e4r kr\u00e4vde UP att en folkomr\u00f6stning skulle genomf\u00f6ras. Fr\u00e5n b\u00f6rjan var beskedet att det skulle bli en folkomr\u00f6stning om sp\u00e5rv\u00e4gsplanerna, sedan har styret och UP \u00e4ndrat sig tv\u00e5 g\u00e5nger. I st\u00e4llet blev det en obegriplig fr\u00e5ga kopplad till \u00f6versiktsplanen som till och med kommunstyrelsens ordf\u00f6rande Erik Pelling (S) sagt att han tycker \u00e4r luddig.<\/p>\n\n\n\n<p><strong>Varf\u00f6r ska jag r\u00f6sta blankt i st\u00e4llet f\u00f6r att avst\u00e5?<\/strong><\/p>\n\n\n\n<p>Om du avst\u00e5r vet ingen vad du tycker i fr\u00e5gan. Det enda s\u00e4ttet att visa att man bryr sig och vill stoppa planerna \u00e4r att r\u00f6sta blankt. Med planerna menas fr\u00e4mst utbyggnaden av S\u00f6dra staden med tillh\u00f6rande sp\u00e5rv\u00e4g. Sp\u00e5rv\u00e4gen kommer kosta enorma belopp f\u00f6r Uppsalaborna vilket \u00e4r pengar vi hellre hade velat se l\u00e4ggas p\u00e5 skolan och omsorgen. Att r\u00f6sta blankt betyder ocks\u00e5 att du som Uppsalabo \u00e4r missn\u00f6jd med sj\u00e4lva fr\u00e5gan och hur den \u00e4r st\u00e4lld. Om du inte f\u00f6rst\u00e5r fr\u00e5gan, och d\u00e4rmed saknar en tydlig \u00e5sikt, d\u00e5 g\u00e5r det inte att r\u00f6sta vare sig ja eller nej utan blankt \u00e4r det enda som \u00e5terst\u00e5r.<\/p>\n\n\n\n<p><strong>\u00c4r det inte bra med en folkomr\u00f6stning d\u00e4r inv\u00e5narna i Uppsala f\u00e5r tycka till om viktiga saker?<br><\/strong>F\u00f6r att ha en folkomr\u00f6stning beh\u00f6vs det en genomt\u00e4nkt och tydligt st\u00e4lld fr\u00e5ga som \u00e4r enkel att begripa och ta st\u00e4llning till. S\u00e5 \u00e4r inte fallet nu vilket \u00e4r beklagligt. D\u00e4rf\u00f6r yrkade vi att om det nu ska bli en folkomr\u00f6stning s\u00e5 borde den ha handlat om sp\u00e5rv\u00e4gen som kommer skulds\u00e4tta Uppsalaborna f\u00f6r l\u00e5ng tid fram\u00f6ver. Att l\u00e5ta inv\u00e5nare r\u00f6sta i en fr\u00e5ga som \u00e4r luddig och oklar d\u00e4r man inte kan uttyda vad ett nej respektive ja ens betyder anser vi ov\u00e4rdigt Uppsala kommun. Uppsalaborna f\u00f6rtj\u00e4nar b\u00e4ttre.<\/p>\n\n\n\n<p>H\u00e4r kan du l\u00e4sa mer om folkomr\u00f6stningen:<\/p>\n\n\n\n<p><a href=\"https:\/\/unt.se\/ledare\/ledarkronika\/artikel\/ge-kommunen-en-nasbranna-i-juni-for-demokratins-skull\/ly4ne17l\" target=\"_blank\" rel=\"noreferrer noopener\">JOHAN RUDSTR\u00d6M: Ge kommunen en n\u00e4sbr\u00e4nna i juni &#8211; f\u00f6r demokratins skull (unt.se)<\/a><br><br><a href=\"https:\/\/unt.se\/ledare\/artikel\/blanda-inte-in-oss-i-det-har-pelling-och-hanna\/j890ppyr\" target=\"_blank\" rel=\"noreferrer noopener\">LEDARE: Blanda inte in oss i det h\u00e4r, Pelling och Hanna (unt.se)<\/a><a href=\"https:\/\/unt.se\/debatt\/replik\/artikel\/folkomrostningen-ar-en-cirkus-borde-inte-genomforas\/lw49xp1r\" target=\"_blank\" rel=\"noreferrer noopener\">DEBATT: Folkomr\u00f6stningen \u00e4r en cirkus \u2013 borde inte genomf\u00f6ras (unt.se)<\/a><\/p>\n\n\n\n<p><a href=\"https:\/\/unt.se\/debatt\/replik\/artikel\/hemliga-avtal-och-uppgorelser-m-kritik-mot-folkomrostningen\/r2o9xxvl\" target=\"_blank\" rel=\"noreferrer noopener\">DEBATT: &#8221;Hemliga avtal och uppg\u00f6relser&#8221; \u2013 M-kritik mot folkomr\u00f6stningen (unt.se)<\/a><\/p>\n\n\n\n<p><a href=\"https:\/\/unt.se\/debatt\/artikel\/nolla-folkomrostningen-i-uppsala-rosta-blankt\/r9wz01oj\" target=\"_blank\" rel=\"noreferrer noopener\">DEBATT: Nolla folkomr\u00f6stningen i Uppsala \u2013 r\u00f6sta blankt! (unt.se)<\/a><\/p>\n","protected":false},"excerpt":{"rendered":"<p>Mellan den 22 maj och den 9 juni i samband med valet till europaparlamentet har vi en lokal folkomr\u00f6stning i Uppsala kommun. Moderaterna har hela tiden motsatt sig f\u00f6rslaget om en folkomr\u00f6stning. N\u00e4r det beslutades att den skulle genomf\u00f6ras f\u00f6reslog vi att den skulle handla om sp\u00e5rv\u00e4gen, en fr\u00e5ga som \u00e4r l\u00e4tt att f\u00f6rst\u00e5 och [&hellip;]<\/p>\n","protected":false},"author":42,"featured_media":0,"comment_status":"closed","ping_status":"closed","sticky":false,"template":"","format":"standard","meta":{"_acf_changed":false,"_relevanssi_hide_post":"","_relevanssi_hide_content":"","_relevanssi_pin_for_all":"","_relevanssi_pin_keywords":"","_relevanssi_unpin_keywords":"","_relevanssi_related_keywords":"","_relevanssi_related_include_ids":"","_relevanssi_related_exclude_ids":"","_relevanssi_related_no_append":"","_relevanssi_related_not_related":"","_relevanssi_related_posts":"2198,2171,1340,1982,1932,1758","_relevanssi_noindex_reason":"","footnotes":""},"categories":[1],"tags":[],"subject":[],"class_list":["post-2272","post","type-post","status-publish","format-standard","hentry","category-nyhet"],"acf":[],"publishpress_future_action":{"enabled":false,"date":"2026-05-03 10:22:12","action":"change-status","newStatus":"draft","terms":[],"taxonomy":"category"},"_links":{"self":[{"href":"https:\/\/moderaterna.se\/uppsala\/wp-json\/wp\/v2\/posts\/2272","targetHints":{"allow":["GET"]}}],"collection":[{"href":"https:\/\/moderaterna.se\/uppsala\/wp-json\/wp\/v2\/posts"}],"about":[{"href":"https:\/\/moderaterna.se\/uppsala\/wp-json\/wp\/v2\/types\/post"}],"author":[{"embeddable":true,"href":"https:\/\/moderaterna.se\/uppsala\/wp-json\/wp\/v2\/users\/42"}],"replies":[{"embeddable":true,"href":"https:\/\/moderaterna.se\/uppsala\/wp-json\/wp\/v2\/comments?post=2272"}],"version-history":[{"count":2,"href":"https:\/\/moderaterna.se\/uppsala\/wp-json\/wp\/v2\/posts\/2272\/revisions"}],"predecessor-version":[{"id":2276,"href":"https:\/\/moderaterna.se\/uppsala\/wp-json\/wp\/v2\/posts\/2272\/revisions\/2276"}],"wp:attachment":[{"href":"https:\/\/moderaterna.se\/uppsala\/wp-json\/wp\/v2\/media?parent=2272"}],"wp:term":[{"taxonomy":"category","embeddable":true,"href":"https:\/\/moderaterna.se\/uppsala\/wp-json\/wp\/v2\/categories?post=2272"},{"taxonomy":"post_tag","embeddable":true,"href":"https:\/\/moderaterna.se\/uppsala\/wp-json\/wp\/v2\/tags?post=2272"},{"taxonomy":"subject","embeddable":true,"href":"https:\/\/moderaterna.se\/uppsala\/wp-json\/wp\/v2\/subject?post=2272"}],"curies":[{"name":"wp","href":"https:\/\/api.w.org\/{rel}","templated":true}]}}