{"id":1425,"date":"2022-01-25T07:24:31","date_gmt":"2022-01-25T06:24:31","guid":{"rendered":"https:\/\/moderaterna.se\/?post_type=subject-post&#038;p=2766"},"modified":"2022-03-15T06:14:03","modified_gmt":"2022-03-15T05:14:03","slug":"hbtq","status":"publish","type":"subject-post","link":"https:\/\/moderaterna.se\/stockholm\/var-politik\/hbtq\/","title":{"rendered":"HBTQ"},"content":{"rendered":"\n<p>Stora framsteg har gjorts f\u00f6r hbtq-personers r\u00e4ttigheter under de senaste decennierna. Men mer m\u00e5ste g\u00f6ras. Hbtq-personer \u00e4r fortfarande en h\u00f6griskgrupp vad g\u00e4ller psykisk oh\u00e4lsa och sj\u00e4lvmord. Unga hbtq-personer m\u00e5r ofta s\u00e4mre \u00e4n andra j\u00e4mn\u00e5riga och l\u00f6per st\u00f6rre risk att drabbas av till exempel kr\u00e4nkningar. S\u00e4rskilt allvarligt \u00e4r att unga hbtq-personer ofta \u00e4r utsatta s\u00e5v\u00e4l i skolan som p\u00e5 fritiden. Hbtq-personer riskerar \u00e4ven i h\u00f6g grad att drabbas av hedersnormer och hedersf\u00f6rtryck. Sverige ska ocks\u00e5 fr\u00e4mja hbtq-r\u00e4ttigheter internationellt. I m\u00e5nga l\u00e4nder uts\u00e4tts hbtq-personer f\u00f6r brutalt f\u00f6rtryck.<\/p>\n\n\n\n<p><strong>Moderaternas f\u00f6rslag:<\/strong><\/p>\n\n\n\n<ul class=\"wp-block-list\"><li>\u00d6ka kunskapen om hatbrottslagstiftningen i hela r\u00e4ttsv\u00e4sendet. Fler hatbrott m\u00e5ste utredas och klaras upp.<\/li><li>Inf\u00f6r en helt k\u00f6nsneutral familjelagstiftning.<\/li><li>Till\u00e5t altruistiskt surrogatmoderskap.<\/li><li>F\u00f6rtydliga lagstiftningen s\u00e5 att de familjer med barn som tillkommit genom surrogatmoderskap och redan i dag finns i Sverige ska f\u00e5 en b\u00e4ttre r\u00e4ttslig situation och samma sj\u00e4lvklara trygghet som alla andra familjer.<\/li><li>Inf\u00f6r hbtq-strategier i fler kommuner och landsting. Ingen ska m\u00f6tas av ett bristande bem\u00f6tande i till exempel h\u00e4lso- och sjukv\u00e5rden eller \u00e4ldreomsorgen p\u00e5 grund av sexuell l\u00e4ggning.<\/li><li>Vi st\u00e5r bakom beslutet att k\u00f6nsuttryck och k\u00f6nsidentitet tydligt b\u00f6r omfattas av hatbrottslagstiftningen.<\/li><\/ul>\n\n\n\n<p><a href=\"mailto:?subject=Stora%20framsteg%20har%20gjorts%20f%C3%B6r%20hbtq-personers%20r%C3%A4ttigheter%20under%20de%20senaste%20decennierna.%20Men%20mer%20m%C3%A5ste%20g%C3%B6ras.%20Hbtq-personer%20%C3%A4r%20fortfarande%20en%20h%C3%B6griskgrupp%20vad%20g%C3%A4ller%20psykisk%20oh%C3%A4lsa%20och%20sj%C3%A4lvmord.&amp;body=https%3a%2f%2flogin16.moderaterna.se%2fhbtq\"><\/a><\/p>\n","protected":false},"featured_media":0,"template":"","tags":[92],"class_list":["post-1425","subject-post","type-subject-post","status-publish","hentry","tag-importerad"],"acf":[],"yoast_head":"<!-- This site is optimized with the Yoast SEO Premium plugin v27.1 (Yoast SEO v27.1.1) - https:\/\/yoast.com\/product\/yoast-seo-premium-wordpress\/ -->\n<title>HBTQ | Moderaterna i Stockholms stad och l\u00e4n<\/title>\n<meta name=\"robots\" content=\"index, follow, max-snippet:-1, max-image-preview:large, max-video-preview:-1\" \/>\n<link rel=\"canonical\" href=\"https:\/\/moderaterna.se\/stockholm\/var-politik\/hbtq\/\" \/>\n<meta property=\"og:locale\" content=\"sv_SE\" \/>\n<meta property=\"og:type\" content=\"article\" \/>\n<meta property=\"og:title\" content=\"HBTQ\" \/>\n<meta property=\"og:description\" content=\"Stora framsteg har gjorts f\u00f6r hbtq-personers r\u00e4ttigheter under de senaste decennierna. Men mer m\u00e5ste g\u00f6ras. Hbtq-personer \u00e4r fortfarande en h\u00f6griskgrupp vad g\u00e4ller psykisk oh\u00e4lsa och sj\u00e4lvmord. Unga hbtq-personer m\u00e5r ofta s\u00e4mre \u00e4n andra j\u00e4mn\u00e5riga och l\u00f6per st\u00f6rre risk att drabbas av till exempel kr\u00e4nkningar. S\u00e4rskilt allvarligt \u00e4r att unga hbtq-personer ofta \u00e4r utsatta s\u00e5v\u00e4l i [&hellip;]\" \/>\n<meta property=\"og:url\" content=\"https:\/\/moderaterna.se\/stockholm\/var-politik\/hbtq\/\" \/>\n<meta property=\"og:site_name\" content=\"Moderaterna i Stockholms stad och l\u00e4n\" \/>\n<meta property=\"article:publisher\" content=\"https:\/\/www.facebook.com\/ModeraternaSthlm\" \/>\n<meta property=\"article:modified_time\" content=\"2022-03-15T05:14:03+00:00\" \/>\n<meta property=\"og:image\" content=\"https:\/\/moderaterna.se\/app\/uploads\/sites\/5\/2022\/01\/DELNINGSBILD_hemsida_fo\u0308rstasida.png\" \/>\n\t<meta property=\"og:image:width\" content=\"1200\" \/>\n\t<meta property=\"og:image:height\" content=\"628\" \/>\n\t<meta property=\"og:image:type\" content=\"image\/png\" \/>\n<meta name=\"twitter:card\" content=\"summary_large_image\" \/>\n<meta name=\"twitter:site\" content=\"@ModeratSthlm\" \/>\n<meta name=\"twitter:label1\" content=\"Ber\u00e4knad l\u00e4stid\" \/>\n\t<meta name=\"twitter:data1\" content=\"1 minut\" \/>\n<script type=\"application\/ld+json\" class=\"yoast-schema-graph\">{\"@context\":\"https:\/\/schema.org\",\"@graph\":[{\"@type\":\"WebPage\",\"@id\":\"https:\/\/moderaterna.se\/stockholm\/var-politik\/hbtq\/\",\"url\":\"https:\/\/moderaterna.se\/stockholm\/var-politik\/hbtq\/\",\"name\":\"HBTQ | Moderaterna i Stockholms stad och l\u00e4n\",\"isPartOf\":{\"@id\":\"https:\/\/moderaterna.se\/stockholm\/#website\"},\"datePublished\":\"2022-01-25T06:24:31+00:00\",\"dateModified\":\"2022-03-15T05:14:03+00:00\",\"breadcrumb\":{\"@id\":\"https:\/\/moderaterna.se\/stockholm\/var-politik\/hbtq\/#breadcrumb\"},\"inLanguage\":\"sv-SE\",\"potentialAction\":[{\"@type\":\"ReadAction\",\"target\":[\"https:\/\/moderaterna.se\/stockholm\/var-politik\/hbtq\/\"]}]},{\"@type\":\"BreadcrumbList\",\"@id\":\"https:\/\/moderaterna.se\/stockholm\/var-politik\/hbtq\/#breadcrumb\",\"itemListElement\":[{\"@type\":\"ListItem\",\"position\":1,\"name\":\"Hem\",\"item\":\"https:\/\/moderaterna.se\/stockholm\/\"},{\"@type\":\"ListItem\",\"position\":2,\"name\":\"HBTQ\"}]},{\"@type\":\"WebSite\",\"@id\":\"https:\/\/moderaterna.se\/stockholm\/#website\",\"url\":\"https:\/\/moderaterna.se\/stockholm\/\",\"name\":\"Moderaterna i Stockholms stad och l\u00e4n\",\"description\":\"Nu f\u00e5r vi ordning p\u00e5 Sverige\",\"publisher\":{\"@id\":\"https:\/\/moderaterna.se\/stockholm\/#organization\"},\"potentialAction\":[{\"@type\":\"SearchAction\",\"target\":{\"@type\":\"EntryPoint\",\"urlTemplate\":\"https:\/\/moderaterna.se\/stockholm\/?s={search_term_string}\"},\"query-input\":{\"@type\":\"PropertyValueSpecification\",\"valueRequired\":true,\"valueName\":\"search_term_string\"}}],\"inLanguage\":\"sv-SE\"},{\"@type\":\"Organization\",\"@id\":\"https:\/\/moderaterna.se\/stockholm\/#organization\",\"name\":\"Moderaterna\",\"url\":\"https:\/\/moderaterna.se\/stockholm\/\",\"logo\":{\"@type\":\"ImageObject\",\"inLanguage\":\"sv-SE\",\"@id\":\"https:\/\/moderaterna.se\/stockholm\/#\/schema\/logo\/image\/\",\"url\":\"https:\/\/moderaterna.se\/app\/uploads\/2021\/10\/logo-general@2x.png\",\"contentUrl\":\"https:\/\/moderaterna.se\/app\/uploads\/2021\/10\/logo-general@2x.png\",\"width\":122,\"height\":122,\"caption\":\"Moderaterna\"},\"image\":{\"@id\":\"https:\/\/moderaterna.se\/stockholm\/#\/schema\/logo\/image\/\"},\"sameAs\":[\"https:\/\/www.facebook.com\/ModeraternaSthlm\",\"https:\/\/x.com\/ModeratSthlm\",\"https:\/\/www.instagram.com\/moderatsthlm\/\",\"https:\/\/www.youtube.com\/user\/ModeraternaSthlm\"]}]}<\/script>\n<!-- \/ Yoast SEO Premium plugin. -->","yoast_head_json":{"title":"HBTQ | Moderaterna i Stockholms stad och l\u00e4n","robots":{"index":"index","follow":"follow","max-snippet":"max-snippet:-1","max-image-preview":"max-image-preview:large","max-video-preview":"max-video-preview:-1"},"canonical":"https:\/\/moderaterna.se\/stockholm\/var-politik\/hbtq\/","og_locale":"sv_SE","og_type":"article","og_title":"HBTQ","og_description":"Stora framsteg har gjorts f\u00f6r hbtq-personers r\u00e4ttigheter under de senaste decennierna. Men mer m\u00e5ste g\u00f6ras. Hbtq-personer \u00e4r fortfarande en h\u00f6griskgrupp vad g\u00e4ller psykisk oh\u00e4lsa och sj\u00e4lvmord. Unga hbtq-personer m\u00e5r ofta s\u00e4mre \u00e4n andra j\u00e4mn\u00e5riga och l\u00f6per st\u00f6rre risk att drabbas av till exempel kr\u00e4nkningar. S\u00e4rskilt allvarligt \u00e4r att unga hbtq-personer ofta \u00e4r utsatta s\u00e5v\u00e4l i [&hellip;]","og_url":"https:\/\/moderaterna.se\/stockholm\/var-politik\/hbtq\/","og_site_name":"Moderaterna i Stockholms stad och l\u00e4n","article_publisher":"https:\/\/www.facebook.com\/ModeraternaSthlm","article_modified_time":"2022-03-15T05:14:03+00:00","og_image":[{"width":1200,"height":628,"url":"https:\/\/moderaterna.se\/app\/uploads\/sites\/5\/2022\/01\/DELNINGSBILD_hemsida_fo\u0308rstasida.png","type":"image\/png"}],"twitter_card":"summary_large_image","twitter_site":"@ModeratSthlm","twitter_misc":{"Ber\u00e4knad l\u00e4stid":"1 minut"},"schema":{"@context":"https:\/\/schema.org","@graph":[{"@type":"WebPage","@id":"https:\/\/moderaterna.se\/stockholm\/var-politik\/hbtq\/","url":"https:\/\/moderaterna.se\/stockholm\/var-politik\/hbtq\/","name":"HBTQ | Moderaterna i Stockholms stad och l\u00e4n","isPartOf":{"@id":"https:\/\/moderaterna.se\/stockholm\/#website"},"datePublished":"2022-01-25T06:24:31+00:00","dateModified":"2022-03-15T05:14:03+00:00","breadcrumb":{"@id":"https:\/\/moderaterna.se\/stockholm\/var-politik\/hbtq\/#breadcrumb"},"inLanguage":"sv-SE","potentialAction":[{"@type":"ReadAction","target":["https:\/\/moderaterna.se\/stockholm\/var-politik\/hbtq\/"]}]},{"@type":"BreadcrumbList","@id":"https:\/\/moderaterna.se\/stockholm\/var-politik\/hbtq\/#breadcrumb","itemListElement":[{"@type":"ListItem","position":1,"name":"Hem","item":"https:\/\/moderaterna.se\/stockholm\/"},{"@type":"ListItem","position":2,"name":"HBTQ"}]},{"@type":"WebSite","@id":"https:\/\/moderaterna.se\/stockholm\/#website","url":"https:\/\/moderaterna.se\/stockholm\/","name":"Moderaterna i Stockholms stad och l\u00e4n","description":"Nu f\u00e5r vi ordning p\u00e5 Sverige","publisher":{"@id":"https:\/\/moderaterna.se\/stockholm\/#organization"},"potentialAction":[{"@type":"SearchAction","target":{"@type":"EntryPoint","urlTemplate":"https:\/\/moderaterna.se\/stockholm\/?s={search_term_string}"},"query-input":{"@type":"PropertyValueSpecification","valueRequired":true,"valueName":"search_term_string"}}],"inLanguage":"sv-SE"},{"@type":"Organization","@id":"https:\/\/moderaterna.se\/stockholm\/#organization","name":"Moderaterna","url":"https:\/\/moderaterna.se\/stockholm\/","logo":{"@type":"ImageObject","inLanguage":"sv-SE","@id":"https:\/\/moderaterna.se\/stockholm\/#\/schema\/logo\/image\/","url":"https:\/\/moderaterna.se\/app\/uploads\/2021\/10\/logo-general@2x.png","contentUrl":"https:\/\/moderaterna.se\/app\/uploads\/2021\/10\/logo-general@2x.png","width":122,"height":122,"caption":"Moderaterna"},"image":{"@id":"https:\/\/moderaterna.se\/stockholm\/#\/schema\/logo\/image\/"},"sameAs":["https:\/\/www.facebook.com\/ModeraternaSthlm","https:\/\/x.com\/ModeratSthlm","https:\/\/www.instagram.com\/moderatsthlm\/","https:\/\/www.youtube.com\/user\/ModeraternaSthlm"]}]}},"_links":{"self":[{"href":"https:\/\/moderaterna.se\/stockholm\/wp-json\/wp\/v2\/subject-post\/1425","targetHints":{"allow":["GET"]}}],"collection":[{"href":"https:\/\/moderaterna.se\/stockholm\/wp-json\/wp\/v2\/subject-post"}],"about":[{"href":"https:\/\/moderaterna.se\/stockholm\/wp-json\/wp\/v2\/types\/subject-post"}],"wp:attachment":[{"href":"https:\/\/moderaterna.se\/stockholm\/wp-json\/wp\/v2\/media?parent=1425"}],"wp:term":[{"taxonomy":"post_tag","embeddable":true,"href":"https:\/\/moderaterna.se\/stockholm\/wp-json\/wp\/v2\/tags?post=1425"}],"curies":[{"name":"wp","href":"https:\/\/api.w.org\/{rel}","templated":true}]}}