{"id":7976,"date":"2026-04-24T13:10:32","date_gmt":"2026-04-24T11:10:32","guid":{"rendered":"https:\/\/moderaterna.se\/stockholm\/?p=7976"},"modified":"2026-04-24T13:12:18","modified_gmt":"2026-04-24T11:12:18","slug":"m-i-region-stockholm-valkomnar-byggstartsbeslut-for-tvarforbindelse-sodertorn","status":"publish","type":"post","link":"https:\/\/moderaterna.se\/stockholm\/artikel\/m-i-region-stockholm-valkomnar-byggstartsbeslut-for-tvarforbindelse-sodertorn\/","title":{"rendered":"M i Region Stockholm v\u00e4lkomnar byggstartsbeslut f\u00f6r Tv\u00e4rf\u00f6rbindelse S\u00f6dert\u00f6rn"},"content":{"rendered":"\n<h2 class=\"wp-block-heading\" id=\"h-m-i-region-stockholm-valkomnar-byggstartsbeslut-for-tvarforbindelse-sodertorn\"><strong>M i Region Stockholm v\u00e4lkomnar byggstartsbeslut f\u00f6r Tv\u00e4rf\u00f6rbindelse S\u00f6dert\u00f6rn<\/strong><\/h2>\n\n\n\n<p>Under fredagen presenterade regeringen byggstartsbeslut f\u00f6r flera infrastruktursatsningar i Stockholmsregionen, d\u00e4ribland Tv\u00e4rf\u00f6rbindelse S\u00f6dert\u00f6rn. Moderaterna i Region Stockholm, genom Oppositionsregionr\u00e5det Axel Conradi, v\u00e4lkomnar beskedet.<\/p>\n\n\n\n<p>Behovet av att minska restiderna i regionen \u00e4r s\u00e4rskilt viktigt f\u00f6r att f\u00f6rb\u00e4ttra m\u00e4nniskors vardag. Kortare pendlingstider inneb\u00e4r mer tid f\u00f6r familj och fritid, och mindre tid i k\u00f6er.<\/p>\n\n\n\n<p>Stockholmsregionen st\u00e5r inf\u00f6r ett \u00f6kat behov av fungerande transportinfrastruktur, inte minst i ljuset av den ny\u00f6ppnade godshamnen Norvik. Hamnen \u00e4r t\u00e4nkt att hantera en stor del av regionens varufl\u00f6den, vilket f\u00f6ruts\u00e4tter effektiva v\u00e4gf\u00f6rbindelser. Moderaterna betonar d\u00e4rf\u00f6r vikten av att Tv\u00e4rf\u00f6rbindelse S\u00f6dert\u00f6rn prioriteras.<\/p>\n\n\n\n<p>\u2013 Tiden av investeringssv\u00e4lt i Stockholm \u00e4r \u00f6ver. Nu har vi en regering som prioriterar tillv\u00e4xt, framkomlighet och framtidstro i huvudstadsregionen, s\u00e4ger Axel Conradi, Oppositionsregionr\u00e5d (M).<\/p>\n\n\n\n<p>Samtidigt varnar han f\u00f6r konsekvenserna av ett \u00f6kat inflytande f\u00f6r Milj\u00f6partiet p\u00e5 nationell och regional niv\u00e5.<\/p>\n\n\n\n<p>\u2013 Socialdemokraterna s\u00e4ger g\u00e4rna att de vill satsa p\u00e5 infrastruktur, men i politiken avg\u00f6rs verkligheten inte av ord utan av prioriteringar. Man beh\u00f6ver inte vara hj\u00e4rnkirurg f\u00f6r att f\u00f6rst\u00e5 att viktiga infrastruktursatsningar riskerar att hyvlas ned i Milj\u00f6partiets f\u00f6rhandlingsmaskineri, s\u00e4ger Conradi.<\/p>\n\n\n\n<p><strong>Fakta:<\/strong><\/p>\n\n\n\n<ul class=\"wp-block-list\">\n<li>Tv\u00e4rf\u00f6rbindelsen ska g\u00f6ra det s\u00e4krare och l\u00e4ttare att \u00e5ka tv\u00e4rs \u00f6ver S\u00f6dert\u00f6rn.<\/li>\n\n\n\n<li>Den tv\u00e5 mil l\u00e5nga motortrafikleden ska g\u00e5 mellan Kungens Kurva och Jordbro. D\u00e4rigenom knyts E4\/E20 ihop med Nyn\u00e4sv\u00e4gen.<\/li>\n\n\n\n<li>Dagens trafik k\u00f6rs p\u00e5 Gl\u00f6mstav\u00e4gen, som \u00e4r en av l\u00e4nets mest olycksdrabbade str\u00e4ckor. Bilar och tunga lastbilar samsas med cyklister och g\u00e5ende. Det bildas ofta k\u00f6er och ambulanser har sv\u00e5rt att komma fram till Huddinge sjukhus.<\/li>\n\n\n\n<li>Enbart restidsvinsterna uppg\u00e5r till tiotals miljarder fr\u00e5n exempelvis E4 F\u00f6rbifart Stockholm och Tv\u00e4rf\u00f6rbindelse S\u00f6dert\u00f6rn.<\/li>\n\n\n\n<li>\u00c4ven E4\/E20 Hallunda &#8211; V\u00e5rby ges byggstartsbesked.<\/li>\n\n\n\n<li>Byggstart inneb\u00e4r att regeringen ger klartecken att g\u00e5 vidare med objekten.<\/li>\n<\/ul>\n","protected":false},"excerpt":{"rendered":"<p>M i Region Stockholm v\u00e4lkomnar byggstartsbeslut f\u00f6r Tv\u00e4rf\u00f6rbindelse S\u00f6dert\u00f6rn Under fredagen presenterade regeringen byggstartsbeslut f\u00f6r flera infrastruktursatsningar i Stockholmsregionen, d\u00e4ribland Tv\u00e4rf\u00f6rbindelse S\u00f6dert\u00f6rn. Moderaterna i Region Stockholm, genom Oppositionsregionr\u00e5det Axel Conradi, v\u00e4lkomnar beskedet. Behovet av att minska restiderna i regionen \u00e4r s\u00e4rskilt viktigt f\u00f6r att f\u00f6rb\u00e4ttra m\u00e4nniskors vardag. Kortare pendlingstider inneb\u00e4r mer tid f\u00f6r familj och [&hellip;]<\/p>\n","protected":false},"author":55,"featured_media":7977,"comment_status":"closed","ping_status":"closed","sticky":false,"template":"","format":"standard","meta":{"_acf_changed":false,"_relevanssi_hide_post":"","_relevanssi_hide_content":"","_relevanssi_pin_for_all":"","_relevanssi_pin_keywords":"","_relevanssi_unpin_keywords":"","_relevanssi_related_keywords":"","_relevanssi_related_include_ids":"","_relevanssi_related_exclude_ids":"","_relevanssi_related_no_append":"","_relevanssi_related_not_related":"","_relevanssi_related_posts":"979,5950,1906,7147,4558,7467","_relevanssi_noindex_reason":"","footnotes":""},"categories":[87,1,7],"tags":[],"subject":[],"class_list":["post-7976","post","type-post","status-publish","format-standard","has-post-thumbnail","hentry","category-artikel","category-nyhet","category-press"],"acf":[],"yoast_head":"<!-- This site is optimized with the Yoast SEO Premium plugin v27.1 (Yoast SEO v27.1.1) - https:\/\/yoast.com\/product\/yoast-seo-premium-wordpress\/ -->\n<title>M i Region Stockholm v\u00e4lkomnar byggstartsbeslut f\u00f6r Tv\u00e4rf\u00f6rbindelse S\u00f6dert\u00f6rn | Moderaterna i Stockholms stad och l\u00e4n<\/title>\n<meta name=\"robots\" content=\"index, follow, max-snippet:-1, max-image-preview:large, max-video-preview:-1\" \/>\n<link rel=\"canonical\" href=\"https:\/\/moderaterna.se\/stockholm\/artikel\/m-i-region-stockholm-valkomnar-byggstartsbeslut-for-tvarforbindelse-sodertorn\/\" \/>\n<meta property=\"og:locale\" content=\"sv_SE\" \/>\n<meta property=\"og:type\" content=\"article\" \/>\n<meta property=\"og:title\" content=\"M i Region Stockholm v\u00e4lkomnar byggstartsbeslut f\u00f6r Tv\u00e4rf\u00f6rbindelse S\u00f6dert\u00f6rn\" \/>\n<meta property=\"og:url\" content=\"https:\/\/moderaterna.se\/stockholm\/artikel\/m-i-region-stockholm-valkomnar-byggstartsbeslut-for-tvarforbindelse-sodertorn\/\" \/>\n<meta property=\"og:site_name\" content=\"Moderaterna i Stockholms stad och l\u00e4n\" \/>\n<meta property=\"article:publisher\" content=\"https:\/\/www.facebook.com\/ModeraternaSthlm\" \/>\n<meta property=\"article:published_time\" content=\"2026-04-24T11:10:32+00:00\" \/>\n<meta property=\"article:modified_time\" content=\"2026-04-24T11:12:18+00:00\" \/>\n<meta property=\"og:image\" content=\"https:\/\/moderaterna.se\/app\/uploads\/sites\/5\/2026\/04\/Skarmavbild-2026-04-24-kl.-13.09.44.png\" \/>\n\t<meta property=\"og:image:width\" content=\"1661\" \/>\n\t<meta property=\"og:image:height\" content=\"881\" \/>\n\t<meta property=\"og:image:type\" content=\"image\/png\" \/>\n<meta name=\"author\" content=\"Veronica Nordstr\u00f6m\" \/>\n<meta name=\"twitter:card\" content=\"summary_large_image\" \/>\n<meta name=\"twitter:creator\" content=\"@ModeratSthlm\" \/>\n<meta name=\"twitter:site\" content=\"@ModeratSthlm\" \/>\n<meta name=\"twitter:label1\" content=\"Skriven av\" \/>\n\t<meta name=\"twitter:data1\" content=\"Veronica Nordstr\u00f6m\" \/>\n\t<meta name=\"twitter:label2\" content=\"Ber\u00e4knad l\u00e4stid\" \/>\n\t<meta name=\"twitter:data2\" content=\"2 minuter\" \/>\n<script type=\"application\/ld+json\" class=\"yoast-schema-graph\">{\"@context\":\"https:\/\/schema.org\",\"@graph\":[{\"@type\":\"Article\",\"@id\":\"https:\/\/moderaterna.se\/stockholm\/artikel\/m-i-region-stockholm-valkomnar-byggstartsbeslut-for-tvarforbindelse-sodertorn\/#article\",\"isPartOf\":{\"@id\":\"https:\/\/moderaterna.se\/stockholm\/artikel\/m-i-region-stockholm-valkomnar-byggstartsbeslut-for-tvarforbindelse-sodertorn\/\"},\"author\":{\"name\":\"Veronica Nordstr\u00f6m\",\"@id\":\"https:\/\/moderaterna.se\/stockholm\/#\/schema\/person\/1790a6c815cef6251a1f13d3fd5254bd\"},\"headline\":\"M i Region Stockholm v\u00e4lkomnar byggstartsbeslut f\u00f6r Tv\u00e4rf\u00f6rbindelse S\u00f6dert\u00f6rn\",\"datePublished\":\"2026-04-24T11:10:32+00:00\",\"dateModified\":\"2026-04-24T11:12:18+00:00\",\"mainEntityOfPage\":{\"@id\":\"https:\/\/moderaterna.se\/stockholm\/artikel\/m-i-region-stockholm-valkomnar-byggstartsbeslut-for-tvarforbindelse-sodertorn\/\"},\"wordCount\":383,\"publisher\":{\"@id\":\"https:\/\/moderaterna.se\/stockholm\/#organization\"},\"image\":{\"@id\":\"https:\/\/moderaterna.se\/stockholm\/artikel\/m-i-region-stockholm-valkomnar-byggstartsbeslut-for-tvarforbindelse-sodertorn\/#primaryimage\"},\"thumbnailUrl\":\"https:\/\/moderaterna.se\/app\/uploads\/sites\/5\/2026\/04\/Skarmavbild-2026-04-24-kl.-13.09.44.png\",\"articleSection\":[\"Artikel\",\"Nyhet\",\"Pressmeddelande\"],\"inLanguage\":\"sv-SE\"},{\"@type\":\"WebPage\",\"@id\":\"https:\/\/moderaterna.se\/stockholm\/artikel\/m-i-region-stockholm-valkomnar-byggstartsbeslut-for-tvarforbindelse-sodertorn\/\",\"url\":\"https:\/\/moderaterna.se\/stockholm\/artikel\/m-i-region-stockholm-valkomnar-byggstartsbeslut-for-tvarforbindelse-sodertorn\/\",\"name\":\"M i Region Stockholm v\u00e4lkomnar byggstartsbeslut f\u00f6r Tv\u00e4rf\u00f6rbindelse S\u00f6dert\u00f6rn | Moderaterna i Stockholms stad och l\u00e4n\",\"isPartOf\":{\"@id\":\"https:\/\/moderaterna.se\/stockholm\/#website\"},\"primaryImageOfPage\":{\"@id\":\"https:\/\/moderaterna.se\/stockholm\/artikel\/m-i-region-stockholm-valkomnar-byggstartsbeslut-for-tvarforbindelse-sodertorn\/#primaryimage\"},\"image\":{\"@id\":\"https:\/\/moderaterna.se\/stockholm\/artikel\/m-i-region-stockholm-valkomnar-byggstartsbeslut-for-tvarforbindelse-sodertorn\/#primaryimage\"},\"thumbnailUrl\":\"https:\/\/moderaterna.se\/app\/uploads\/sites\/5\/2026\/04\/Skarmavbild-2026-04-24-kl.-13.09.44.png\",\"datePublished\":\"2026-04-24T11:10:32+00:00\",\"dateModified\":\"2026-04-24T11:12:18+00:00\",\"breadcrumb\":{\"@id\":\"https:\/\/moderaterna.se\/stockholm\/artikel\/m-i-region-stockholm-valkomnar-byggstartsbeslut-for-tvarforbindelse-sodertorn\/#breadcrumb\"},\"inLanguage\":\"sv-SE\",\"potentialAction\":[{\"@type\":\"ReadAction\",\"target\":[\"https:\/\/moderaterna.se\/stockholm\/artikel\/m-i-region-stockholm-valkomnar-byggstartsbeslut-for-tvarforbindelse-sodertorn\/\"]}]},{\"@type\":\"ImageObject\",\"inLanguage\":\"sv-SE\",\"@id\":\"https:\/\/moderaterna.se\/stockholm\/artikel\/m-i-region-stockholm-valkomnar-byggstartsbeslut-for-tvarforbindelse-sodertorn\/#primaryimage\",\"url\":\"https:\/\/moderaterna.se\/app\/uploads\/sites\/5\/2026\/04\/Skarmavbild-2026-04-24-kl.-13.09.44.png\",\"contentUrl\":\"https:\/\/moderaterna.se\/app\/uploads\/sites\/5\/2026\/04\/Skarmavbild-2026-04-24-kl.-13.09.44.png\",\"width\":1661,\"height\":881},{\"@type\":\"BreadcrumbList\",\"@id\":\"https:\/\/moderaterna.se\/stockholm\/artikel\/m-i-region-stockholm-valkomnar-byggstartsbeslut-for-tvarforbindelse-sodertorn\/#breadcrumb\",\"itemListElement\":[{\"@type\":\"ListItem\",\"position\":1,\"name\":\"Hem\",\"item\":\"https:\/\/moderaterna.se\/stockholm\/\"},{\"@type\":\"ListItem\",\"position\":2,\"name\":\"M i Region Stockholm v\u00e4lkomnar byggstartsbeslut f\u00f6r Tv\u00e4rf\u00f6rbindelse S\u00f6dert\u00f6rn\"}]},{\"@type\":\"WebSite\",\"@id\":\"https:\/\/moderaterna.se\/stockholm\/#website\",\"url\":\"https:\/\/moderaterna.se\/stockholm\/\",\"name\":\"Moderaterna i Stockholms stad och l\u00e4n\",\"description\":\"Nu f\u00e5r vi ordning p\u00e5 Sverige\",\"publisher\":{\"@id\":\"https:\/\/moderaterna.se\/stockholm\/#organization\"},\"potentialAction\":[{\"@type\":\"SearchAction\",\"target\":{\"@type\":\"EntryPoint\",\"urlTemplate\":\"https:\/\/moderaterna.se\/stockholm\/?s={search_term_string}\"},\"query-input\":{\"@type\":\"PropertyValueSpecification\",\"valueRequired\":true,\"valueName\":\"search_term_string\"}}],\"inLanguage\":\"sv-SE\"},{\"@type\":\"Organization\",\"@id\":\"https:\/\/moderaterna.se\/stockholm\/#organization\",\"name\":\"Moderaterna\",\"url\":\"https:\/\/moderaterna.se\/stockholm\/\",\"logo\":{\"@type\":\"ImageObject\",\"inLanguage\":\"sv-SE\",\"@id\":\"https:\/\/moderaterna.se\/stockholm\/#\/schema\/logo\/image\/\",\"url\":\"https:\/\/moderaterna.se\/app\/uploads\/2021\/10\/logo-general@2x.png\",\"contentUrl\":\"https:\/\/moderaterna.se\/app\/uploads\/2021\/10\/logo-general@2x.png\",\"width\":122,\"height\":122,\"caption\":\"Moderaterna\"},\"image\":{\"@id\":\"https:\/\/moderaterna.se\/stockholm\/#\/schema\/logo\/image\/\"},\"sameAs\":[\"https:\/\/www.facebook.com\/ModeraternaSthlm\",\"https:\/\/x.com\/ModeratSthlm\",\"https:\/\/www.instagram.com\/moderatsthlm\/\",\"https:\/\/www.youtube.com\/user\/ModeraternaSthlm\"]},{\"@type\":\"Person\",\"@id\":\"https:\/\/moderaterna.se\/stockholm\/#\/schema\/person\/1790a6c815cef6251a1f13d3fd5254bd\",\"name\":\"Veronica Nordstr\u00f6m\",\"image\":{\"@type\":\"ImageObject\",\"inLanguage\":\"sv-SE\",\"@id\":\"https:\/\/moderaterna.se\/stockholm\/#\/schema\/person\/image\/\",\"url\":\"https:\/\/secure.gravatar.com\/avatar\/cdb9d339dbafa52c812526e3f75df35bab1725c8375eaa3e17b27f2a40e8b094?s=96&d=mm&r=g\",\"contentUrl\":\"https:\/\/secure.gravatar.com\/avatar\/cdb9d339dbafa52c812526e3f75df35bab1725c8375eaa3e17b27f2a40e8b094?s=96&d=mm&r=g\",\"caption\":\"Veronica Nordstr\u00f6m\"},\"url\":\"https:\/\/moderaterna.se\/stockholm\/author\/veronicanordstrom\/\"}]}<\/script>\n<!-- \/ Yoast SEO Premium plugin. -->","yoast_head_json":{"title":"M i Region Stockholm v\u00e4lkomnar byggstartsbeslut f\u00f6r Tv\u00e4rf\u00f6rbindelse S\u00f6dert\u00f6rn | Moderaterna i Stockholms stad och l\u00e4n","robots":{"index":"index","follow":"follow","max-snippet":"max-snippet:-1","max-image-preview":"max-image-preview:large","max-video-preview":"max-video-preview:-1"},"canonical":"https:\/\/moderaterna.se\/stockholm\/artikel\/m-i-region-stockholm-valkomnar-byggstartsbeslut-for-tvarforbindelse-sodertorn\/","og_locale":"sv_SE","og_type":"article","og_title":"M i Region Stockholm v\u00e4lkomnar byggstartsbeslut f\u00f6r Tv\u00e4rf\u00f6rbindelse S\u00f6dert\u00f6rn","og_url":"https:\/\/moderaterna.se\/stockholm\/artikel\/m-i-region-stockholm-valkomnar-byggstartsbeslut-for-tvarforbindelse-sodertorn\/","og_site_name":"Moderaterna i Stockholms stad och l\u00e4n","article_publisher":"https:\/\/www.facebook.com\/ModeraternaSthlm","article_published_time":"2026-04-24T11:10:32+00:00","article_modified_time":"2026-04-24T11:12:18+00:00","og_image":[{"width":1661,"height":881,"url":"https:\/\/moderaterna.se\/app\/uploads\/sites\/5\/2026\/04\/Skarmavbild-2026-04-24-kl.-13.09.44.png","type":"image\/png"}],"author":"Veronica Nordstr\u00f6m","twitter_card":"summary_large_image","twitter_creator":"@ModeratSthlm","twitter_site":"@ModeratSthlm","twitter_misc":{"Skriven av":"Veronica Nordstr\u00f6m","Ber\u00e4knad l\u00e4stid":"2 minuter"},"schema":{"@context":"https:\/\/schema.org","@graph":[{"@type":"Article","@id":"https:\/\/moderaterna.se\/stockholm\/artikel\/m-i-region-stockholm-valkomnar-byggstartsbeslut-for-tvarforbindelse-sodertorn\/#article","isPartOf":{"@id":"https:\/\/moderaterna.se\/stockholm\/artikel\/m-i-region-stockholm-valkomnar-byggstartsbeslut-for-tvarforbindelse-sodertorn\/"},"author":{"name":"Veronica Nordstr\u00f6m","@id":"https:\/\/moderaterna.se\/stockholm\/#\/schema\/person\/1790a6c815cef6251a1f13d3fd5254bd"},"headline":"M i Region Stockholm v\u00e4lkomnar byggstartsbeslut f\u00f6r Tv\u00e4rf\u00f6rbindelse S\u00f6dert\u00f6rn","datePublished":"2026-04-24T11:10:32+00:00","dateModified":"2026-04-24T11:12:18+00:00","mainEntityOfPage":{"@id":"https:\/\/moderaterna.se\/stockholm\/artikel\/m-i-region-stockholm-valkomnar-byggstartsbeslut-for-tvarforbindelse-sodertorn\/"},"wordCount":383,"publisher":{"@id":"https:\/\/moderaterna.se\/stockholm\/#organization"},"image":{"@id":"https:\/\/moderaterna.se\/stockholm\/artikel\/m-i-region-stockholm-valkomnar-byggstartsbeslut-for-tvarforbindelse-sodertorn\/#primaryimage"},"thumbnailUrl":"https:\/\/moderaterna.se\/app\/uploads\/sites\/5\/2026\/04\/Skarmavbild-2026-04-24-kl.-13.09.44.png","articleSection":["Artikel","Nyhet","Pressmeddelande"],"inLanguage":"sv-SE"},{"@type":"WebPage","@id":"https:\/\/moderaterna.se\/stockholm\/artikel\/m-i-region-stockholm-valkomnar-byggstartsbeslut-for-tvarforbindelse-sodertorn\/","url":"https:\/\/moderaterna.se\/stockholm\/artikel\/m-i-region-stockholm-valkomnar-byggstartsbeslut-for-tvarforbindelse-sodertorn\/","name":"M i Region Stockholm v\u00e4lkomnar byggstartsbeslut f\u00f6r Tv\u00e4rf\u00f6rbindelse S\u00f6dert\u00f6rn | Moderaterna i Stockholms stad och l\u00e4n","isPartOf":{"@id":"https:\/\/moderaterna.se\/stockholm\/#website"},"primaryImageOfPage":{"@id":"https:\/\/moderaterna.se\/stockholm\/artikel\/m-i-region-stockholm-valkomnar-byggstartsbeslut-for-tvarforbindelse-sodertorn\/#primaryimage"},"image":{"@id":"https:\/\/moderaterna.se\/stockholm\/artikel\/m-i-region-stockholm-valkomnar-byggstartsbeslut-for-tvarforbindelse-sodertorn\/#primaryimage"},"thumbnailUrl":"https:\/\/moderaterna.se\/app\/uploads\/sites\/5\/2026\/04\/Skarmavbild-2026-04-24-kl.-13.09.44.png","datePublished":"2026-04-24T11:10:32+00:00","dateModified":"2026-04-24T11:12:18+00:00","breadcrumb":{"@id":"https:\/\/moderaterna.se\/stockholm\/artikel\/m-i-region-stockholm-valkomnar-byggstartsbeslut-for-tvarforbindelse-sodertorn\/#breadcrumb"},"inLanguage":"sv-SE","potentialAction":[{"@type":"ReadAction","target":["https:\/\/moderaterna.se\/stockholm\/artikel\/m-i-region-stockholm-valkomnar-byggstartsbeslut-for-tvarforbindelse-sodertorn\/"]}]},{"@type":"ImageObject","inLanguage":"sv-SE","@id":"https:\/\/moderaterna.se\/stockholm\/artikel\/m-i-region-stockholm-valkomnar-byggstartsbeslut-for-tvarforbindelse-sodertorn\/#primaryimage","url":"https:\/\/moderaterna.se\/app\/uploads\/sites\/5\/2026\/04\/Skarmavbild-2026-04-24-kl.-13.09.44.png","contentUrl":"https:\/\/moderaterna.se\/app\/uploads\/sites\/5\/2026\/04\/Skarmavbild-2026-04-24-kl.-13.09.44.png","width":1661,"height":881},{"@type":"BreadcrumbList","@id":"https:\/\/moderaterna.se\/stockholm\/artikel\/m-i-region-stockholm-valkomnar-byggstartsbeslut-for-tvarforbindelse-sodertorn\/#breadcrumb","itemListElement":[{"@type":"ListItem","position":1,"name":"Hem","item":"https:\/\/moderaterna.se\/stockholm\/"},{"@type":"ListItem","position":2,"name":"M i Region Stockholm v\u00e4lkomnar byggstartsbeslut f\u00f6r Tv\u00e4rf\u00f6rbindelse S\u00f6dert\u00f6rn"}]},{"@type":"WebSite","@id":"https:\/\/moderaterna.se\/stockholm\/#website","url":"https:\/\/moderaterna.se\/stockholm\/","name":"Moderaterna i Stockholms stad och l\u00e4n","description":"Nu f\u00e5r vi ordning p\u00e5 Sverige","publisher":{"@id":"https:\/\/moderaterna.se\/stockholm\/#organization"},"potentialAction":[{"@type":"SearchAction","target":{"@type":"EntryPoint","urlTemplate":"https:\/\/moderaterna.se\/stockholm\/?s={search_term_string}"},"query-input":{"@type":"PropertyValueSpecification","valueRequired":true,"valueName":"search_term_string"}}],"inLanguage":"sv-SE"},{"@type":"Organization","@id":"https:\/\/moderaterna.se\/stockholm\/#organization","name":"Moderaterna","url":"https:\/\/moderaterna.se\/stockholm\/","logo":{"@type":"ImageObject","inLanguage":"sv-SE","@id":"https:\/\/moderaterna.se\/stockholm\/#\/schema\/logo\/image\/","url":"https:\/\/moderaterna.se\/app\/uploads\/2021\/10\/logo-general@2x.png","contentUrl":"https:\/\/moderaterna.se\/app\/uploads\/2021\/10\/logo-general@2x.png","width":122,"height":122,"caption":"Moderaterna"},"image":{"@id":"https:\/\/moderaterna.se\/stockholm\/#\/schema\/logo\/image\/"},"sameAs":["https:\/\/www.facebook.com\/ModeraternaSthlm","https:\/\/x.com\/ModeratSthlm","https:\/\/www.instagram.com\/moderatsthlm\/","https:\/\/www.youtube.com\/user\/ModeraternaSthlm"]},{"@type":"Person","@id":"https:\/\/moderaterna.se\/stockholm\/#\/schema\/person\/1790a6c815cef6251a1f13d3fd5254bd","name":"Veronica Nordstr\u00f6m","image":{"@type":"ImageObject","inLanguage":"sv-SE","@id":"https:\/\/moderaterna.se\/stockholm\/#\/schema\/person\/image\/","url":"https:\/\/secure.gravatar.com\/avatar\/cdb9d339dbafa52c812526e3f75df35bab1725c8375eaa3e17b27f2a40e8b094?s=96&d=mm&r=g","contentUrl":"https:\/\/secure.gravatar.com\/avatar\/cdb9d339dbafa52c812526e3f75df35bab1725c8375eaa3e17b27f2a40e8b094?s=96&d=mm&r=g","caption":"Veronica Nordstr\u00f6m"},"url":"https:\/\/moderaterna.se\/stockholm\/author\/veronicanordstrom\/"}]}},"publishpress_future_action":{"enabled":false,"date":"2026-05-02 07:54:41","action":"change-status","newStatus":"draft","terms":[],"taxonomy":"category"},"_links":{"self":[{"href":"https:\/\/moderaterna.se\/stockholm\/wp-json\/wp\/v2\/posts\/7976","targetHints":{"allow":["GET"]}}],"collection":[{"href":"https:\/\/moderaterna.se\/stockholm\/wp-json\/wp\/v2\/posts"}],"about":[{"href":"https:\/\/moderaterna.se\/stockholm\/wp-json\/wp\/v2\/types\/post"}],"author":[{"embeddable":true,"href":"https:\/\/moderaterna.se\/stockholm\/wp-json\/wp\/v2\/users\/55"}],"replies":[{"embeddable":true,"href":"https:\/\/moderaterna.se\/stockholm\/wp-json\/wp\/v2\/comments?post=7976"}],"version-history":[{"count":3,"href":"https:\/\/moderaterna.se\/stockholm\/wp-json\/wp\/v2\/posts\/7976\/revisions"}],"predecessor-version":[{"id":7980,"href":"https:\/\/moderaterna.se\/stockholm\/wp-json\/wp\/v2\/posts\/7976\/revisions\/7980"}],"wp:featuredmedia":[{"embeddable":true,"href":"https:\/\/moderaterna.se\/stockholm\/wp-json\/wp\/v2\/media\/7977"}],"wp:attachment":[{"href":"https:\/\/moderaterna.se\/stockholm\/wp-json\/wp\/v2\/media?parent=7976"}],"wp:term":[{"taxonomy":"category","embeddable":true,"href":"https:\/\/moderaterna.se\/stockholm\/wp-json\/wp\/v2\/categories?post=7976"},{"taxonomy":"post_tag","embeddable":true,"href":"https:\/\/moderaterna.se\/stockholm\/wp-json\/wp\/v2\/tags?post=7976"},{"taxonomy":"subject","embeddable":true,"href":"https:\/\/moderaterna.se\/stockholm\/wp-json\/wp\/v2\/subject?post=7976"}],"curies":[{"name":"wp","href":"https:\/\/api.w.org\/{rel}","templated":true}]}}