{"id":7958,"date":"2026-04-23T09:39:05","date_gmt":"2026-04-23T07:39:05","guid":{"rendered":"https:\/\/moderaterna.se\/stockholm\/?p=7958"},"modified":"2026-04-23T09:46:35","modified_gmt":"2026-04-23T07:46:35","slug":"5-maj-seniordagen-i-kungstradgarden-med-aldreminister-anna-tenje","status":"publish","type":"post","link":"https:\/\/moderaterna.se\/stockholm\/nyhet\/5-maj-seniordagen-i-kungstradgarden-med-aldreminister-anna-tenje\/","title":{"rendered":"5 maj &#8211; Seniordagen i Kungstr\u00e4dg\u00e5rden med \u00c4ldreminister Anna Tenje"},"content":{"rendered":"\n<p><\/p>\n\n\n\n<p><strong>Kom till Kungstr\u00e4dg\u00e5rden den 5 maj och lyssna p\u00e5 v\u00e5r \u00c4ldreminister Anna Tenje mellan <br>kl. 12.00-12.30 och passa p\u00e5 att st\u00e4lla fr\u00e5gor.<\/strong><\/p>\n\n\n\n<p>Allt fler svenskar lever allt l\u00e4ngre. Det \u00e4r en positiv utveckling, men st\u00e4ller ocks\u00e5 krav p\u00e5 att \u00e4ldreomsorgen fungerar v\u00e4l och att \u00e4ldre k\u00e4nner sig trygga och s\u00e4kra. Steg f\u00f6r steg st\u00e4rker den moderatledda regeringen kvaliteten och tryggheten i \u00e4ldreomsorgen.<\/p>\n\n\n\n<p>P\u00e5 scen kommer Anna Tenje bland annat att tala om:<\/p>\n\n\n\n<p>\u2022 <strong>Tryggheten i \u00e4ldreomsorgen<\/strong> \u2013 hur moderaterna arbetar f\u00f6r att st\u00e4rka tryggheten och s\u00e4kerheten f\u00f6r \u00e4ldre.<br><br>\u2022 <strong>Pensioner och arbetsliv<\/strong> \u2013 att det alltid ska l\u00f6na sig att arbeta och ha arbetat.<\/p>\n\n\n\n<p>Anna Tenje \u00e4r \u00e4ldre- och socialf\u00f6rs\u00e4kringsminister i Sveriges regering. Hon har tidigare varit kommunalr\u00e5d i V\u00e4xj\u00f6 kommun, sitter sedan 2015 i Moderaternas partistyrelse och \u00e4r sedan 2019 Moderaternas 2:a vice partiordf\u00f6rande.<\/p>\n\n\n\n<p>L\u00e4s mer h\u00e4r!<br><a href=\"https:\/\/seniordagen.com\/seniordagen-i-stockholm\/bes%C3%B6kare\">https:\/\/seniordagen.com\/seniordagen-i-stockholm\/bes%C3%B6kare<\/a><\/p>\n","protected":false},"excerpt":{"rendered":"<p>Kom till Kungstr\u00e4dg\u00e5rden den 5 maj och lyssna p\u00e5 v\u00e5r \u00c4ldreminister Anna Tenje mellan kl. 12.00-12.30 och passa p\u00e5 att st\u00e4lla fr\u00e5gor. Allt fler svenskar lever allt l\u00e4ngre. Det \u00e4r en positiv utveckling, men st\u00e4ller ocks\u00e5 krav p\u00e5 att \u00e4ldreomsorgen fungerar v\u00e4l och att \u00e4ldre k\u00e4nner sig trygga och s\u00e4kra. Steg f\u00f6r steg st\u00e4rker den [&hellip;]<\/p>\n","protected":false},"author":55,"featured_media":0,"comment_status":"closed","ping_status":"closed","sticky":false,"template":"","format":"standard","meta":{"_acf_changed":false,"_relevanssi_hide_post":"","_relevanssi_hide_content":"","_relevanssi_pin_for_all":"","_relevanssi_pin_keywords":"","_relevanssi_unpin_keywords":"","_relevanssi_related_keywords":"","_relevanssi_related_include_ids":"","_relevanssi_related_exclude_ids":"","_relevanssi_related_no_append":"","_relevanssi_related_not_related":"","_relevanssi_related_posts":"6245,3762,2697,995,4558,2478","_relevanssi_noindex_reason":"","footnotes":""},"categories":[1],"tags":[],"subject":[],"class_list":["post-7958","post","type-post","status-publish","format-standard","hentry","category-nyhet"],"acf":[],"yoast_head":"<!-- This site is optimized with the Yoast SEO Premium plugin v27.1 (Yoast SEO v27.1.1) - https:\/\/yoast.com\/product\/yoast-seo-premium-wordpress\/ -->\n<title>5 maj - Seniordagen i Kungstr\u00e4dg\u00e5rden med \u00c4ldreminister Anna Tenje | Moderaterna i Stockholms stad och l\u00e4n<\/title>\n<meta name=\"robots\" content=\"index, follow, max-snippet:-1, max-image-preview:large, max-video-preview:-1\" \/>\n<link rel=\"canonical\" href=\"https:\/\/moderaterna.se\/stockholm\/nyhet\/5-maj-seniordagen-i-kungstradgarden-med-aldreminister-anna-tenje\/\" \/>\n<meta property=\"og:locale\" content=\"sv_SE\" \/>\n<meta property=\"og:type\" content=\"article\" \/>\n<meta property=\"og:title\" content=\"5 maj - Seniordagen i Kungstr\u00e4dg\u00e5rden med \u00c4ldreminister Anna Tenje\" \/>\n<meta property=\"og:url\" content=\"https:\/\/moderaterna.se\/stockholm\/nyhet\/5-maj-seniordagen-i-kungstradgarden-med-aldreminister-anna-tenje\/\" \/>\n<meta property=\"og:site_name\" content=\"Moderaterna i Stockholms stad och l\u00e4n\" \/>\n<meta property=\"article:publisher\" content=\"https:\/\/www.facebook.com\/ModeraternaSthlm\" \/>\n<meta property=\"article:published_time\" content=\"2026-04-23T07:39:05+00:00\" \/>\n<meta property=\"article:modified_time\" content=\"2026-04-23T07:46:35+00:00\" \/>\n<meta property=\"og:image\" content=\"https:\/\/moderaterna.se\/app\/uploads\/sites\/5\/2022\/01\/DELNINGSBILD_hemsida_fo\u0308rstasida.png\" \/>\n\t<meta property=\"og:image:width\" content=\"1200\" \/>\n\t<meta property=\"og:image:height\" content=\"628\" \/>\n\t<meta property=\"og:image:type\" content=\"image\/png\" \/>\n<meta name=\"author\" content=\"Veronica Nordstr\u00f6m\" \/>\n<meta name=\"twitter:card\" content=\"summary_large_image\" \/>\n<meta name=\"twitter:creator\" content=\"@ModeratSthlm\" \/>\n<meta name=\"twitter:site\" content=\"@ModeratSthlm\" \/>\n<meta name=\"twitter:label1\" content=\"Skriven av\" \/>\n\t<meta name=\"twitter:data1\" content=\"Veronica Nordstr\u00f6m\" \/>\n\t<meta name=\"twitter:label2\" content=\"Ber\u00e4knad l\u00e4stid\" \/>\n\t<meta name=\"twitter:data2\" content=\"1 minut\" \/>\n<script type=\"application\/ld+json\" class=\"yoast-schema-graph\">{\"@context\":\"https:\/\/schema.org\",\"@graph\":[{\"@type\":\"Article\",\"@id\":\"https:\/\/moderaterna.se\/stockholm\/nyhet\/5-maj-seniordagen-i-kungstradgarden-med-aldreminister-anna-tenje\/#article\",\"isPartOf\":{\"@id\":\"https:\/\/moderaterna.se\/stockholm\/nyhet\/5-maj-seniordagen-i-kungstradgarden-med-aldreminister-anna-tenje\/\"},\"author\":{\"name\":\"Veronica Nordstr\u00f6m\",\"@id\":\"https:\/\/moderaterna.se\/stockholm\/#\/schema\/person\/1790a6c815cef6251a1f13d3fd5254bd\"},\"headline\":\"5 maj &#8211; Seniordagen i Kungstr\u00e4dg\u00e5rden med \u00c4ldreminister Anna Tenje\",\"datePublished\":\"2026-04-23T07:39:05+00:00\",\"dateModified\":\"2026-04-23T07:46:35+00:00\",\"mainEntityOfPage\":{\"@id\":\"https:\/\/moderaterna.se\/stockholm\/nyhet\/5-maj-seniordagen-i-kungstradgarden-med-aldreminister-anna-tenje\/\"},\"wordCount\":174,\"publisher\":{\"@id\":\"https:\/\/moderaterna.se\/stockholm\/#organization\"},\"articleSection\":[\"Nyhet\"],\"inLanguage\":\"sv-SE\"},{\"@type\":\"WebPage\",\"@id\":\"https:\/\/moderaterna.se\/stockholm\/nyhet\/5-maj-seniordagen-i-kungstradgarden-med-aldreminister-anna-tenje\/\",\"url\":\"https:\/\/moderaterna.se\/stockholm\/nyhet\/5-maj-seniordagen-i-kungstradgarden-med-aldreminister-anna-tenje\/\",\"name\":\"5 maj - Seniordagen i Kungstr\u00e4dg\u00e5rden med \u00c4ldreminister Anna Tenje | Moderaterna i Stockholms stad och l\u00e4n\",\"isPartOf\":{\"@id\":\"https:\/\/moderaterna.se\/stockholm\/#website\"},\"datePublished\":\"2026-04-23T07:39:05+00:00\",\"dateModified\":\"2026-04-23T07:46:35+00:00\",\"breadcrumb\":{\"@id\":\"https:\/\/moderaterna.se\/stockholm\/nyhet\/5-maj-seniordagen-i-kungstradgarden-med-aldreminister-anna-tenje\/#breadcrumb\"},\"inLanguage\":\"sv-SE\",\"potentialAction\":[{\"@type\":\"ReadAction\",\"target\":[\"https:\/\/moderaterna.se\/stockholm\/nyhet\/5-maj-seniordagen-i-kungstradgarden-med-aldreminister-anna-tenje\/\"]}]},{\"@type\":\"BreadcrumbList\",\"@id\":\"https:\/\/moderaterna.se\/stockholm\/nyhet\/5-maj-seniordagen-i-kungstradgarden-med-aldreminister-anna-tenje\/#breadcrumb\",\"itemListElement\":[{\"@type\":\"ListItem\",\"position\":1,\"name\":\"Hem\",\"item\":\"https:\/\/moderaterna.se\/stockholm\/\"},{\"@type\":\"ListItem\",\"position\":2,\"name\":\"5 maj &#8211; Seniordagen i Kungstr\u00e4dg\u00e5rden med \u00c4ldreminister Anna Tenje\"}]},{\"@type\":\"WebSite\",\"@id\":\"https:\/\/moderaterna.se\/stockholm\/#website\",\"url\":\"https:\/\/moderaterna.se\/stockholm\/\",\"name\":\"Moderaterna i Stockholms stad och l\u00e4n\",\"description\":\"Nu f\u00e5r vi ordning p\u00e5 Sverige\",\"publisher\":{\"@id\":\"https:\/\/moderaterna.se\/stockholm\/#organization\"},\"potentialAction\":[{\"@type\":\"SearchAction\",\"target\":{\"@type\":\"EntryPoint\",\"urlTemplate\":\"https:\/\/moderaterna.se\/stockholm\/?s={search_term_string}\"},\"query-input\":{\"@type\":\"PropertyValueSpecification\",\"valueRequired\":true,\"valueName\":\"search_term_string\"}}],\"inLanguage\":\"sv-SE\"},{\"@type\":\"Organization\",\"@id\":\"https:\/\/moderaterna.se\/stockholm\/#organization\",\"name\":\"Moderaterna\",\"url\":\"https:\/\/moderaterna.se\/stockholm\/\",\"logo\":{\"@type\":\"ImageObject\",\"inLanguage\":\"sv-SE\",\"@id\":\"https:\/\/moderaterna.se\/stockholm\/#\/schema\/logo\/image\/\",\"url\":\"https:\/\/moderaterna.se\/app\/uploads\/2021\/10\/logo-general@2x.png\",\"contentUrl\":\"https:\/\/moderaterna.se\/app\/uploads\/2021\/10\/logo-general@2x.png\",\"width\":122,\"height\":122,\"caption\":\"Moderaterna\"},\"image\":{\"@id\":\"https:\/\/moderaterna.se\/stockholm\/#\/schema\/logo\/image\/\"},\"sameAs\":[\"https:\/\/www.facebook.com\/ModeraternaSthlm\",\"https:\/\/x.com\/ModeratSthlm\",\"https:\/\/www.instagram.com\/moderatsthlm\/\",\"https:\/\/www.youtube.com\/user\/ModeraternaSthlm\"]},{\"@type\":\"Person\",\"@id\":\"https:\/\/moderaterna.se\/stockholm\/#\/schema\/person\/1790a6c815cef6251a1f13d3fd5254bd\",\"name\":\"Veronica Nordstr\u00f6m\",\"image\":{\"@type\":\"ImageObject\",\"inLanguage\":\"sv-SE\",\"@id\":\"https:\/\/moderaterna.se\/stockholm\/#\/schema\/person\/image\/\",\"url\":\"https:\/\/secure.gravatar.com\/avatar\/cdb9d339dbafa52c812526e3f75df35bab1725c8375eaa3e17b27f2a40e8b094?s=96&d=mm&r=g\",\"contentUrl\":\"https:\/\/secure.gravatar.com\/avatar\/cdb9d339dbafa52c812526e3f75df35bab1725c8375eaa3e17b27f2a40e8b094?s=96&d=mm&r=g\",\"caption\":\"Veronica Nordstr\u00f6m\"},\"url\":\"https:\/\/moderaterna.se\/stockholm\/author\/veronicanordstrom\/\"}]}<\/script>\n<!-- \/ Yoast SEO Premium plugin. -->","yoast_head_json":{"title":"5 maj - Seniordagen i Kungstr\u00e4dg\u00e5rden med \u00c4ldreminister Anna Tenje | Moderaterna i Stockholms stad och l\u00e4n","robots":{"index":"index","follow":"follow","max-snippet":"max-snippet:-1","max-image-preview":"max-image-preview:large","max-video-preview":"max-video-preview:-1"},"canonical":"https:\/\/moderaterna.se\/stockholm\/nyhet\/5-maj-seniordagen-i-kungstradgarden-med-aldreminister-anna-tenje\/","og_locale":"sv_SE","og_type":"article","og_title":"5 maj - Seniordagen i Kungstr\u00e4dg\u00e5rden med \u00c4ldreminister Anna Tenje","og_url":"https:\/\/moderaterna.se\/stockholm\/nyhet\/5-maj-seniordagen-i-kungstradgarden-med-aldreminister-anna-tenje\/","og_site_name":"Moderaterna i Stockholms stad och l\u00e4n","article_publisher":"https:\/\/www.facebook.com\/ModeraternaSthlm","article_published_time":"2026-04-23T07:39:05+00:00","article_modified_time":"2026-04-23T07:46:35+00:00","og_image":[{"width":1200,"height":628,"url":"https:\/\/moderaterna.se\/app\/uploads\/sites\/5\/2022\/01\/DELNINGSBILD_hemsida_fo\u0308rstasida.png","type":"image\/png"}],"author":"Veronica Nordstr\u00f6m","twitter_card":"summary_large_image","twitter_creator":"@ModeratSthlm","twitter_site":"@ModeratSthlm","twitter_misc":{"Skriven av":"Veronica Nordstr\u00f6m","Ber\u00e4knad l\u00e4stid":"1 minut"},"schema":{"@context":"https:\/\/schema.org","@graph":[{"@type":"Article","@id":"https:\/\/moderaterna.se\/stockholm\/nyhet\/5-maj-seniordagen-i-kungstradgarden-med-aldreminister-anna-tenje\/#article","isPartOf":{"@id":"https:\/\/moderaterna.se\/stockholm\/nyhet\/5-maj-seniordagen-i-kungstradgarden-med-aldreminister-anna-tenje\/"},"author":{"name":"Veronica Nordstr\u00f6m","@id":"https:\/\/moderaterna.se\/stockholm\/#\/schema\/person\/1790a6c815cef6251a1f13d3fd5254bd"},"headline":"5 maj &#8211; Seniordagen i Kungstr\u00e4dg\u00e5rden med \u00c4ldreminister Anna Tenje","datePublished":"2026-04-23T07:39:05+00:00","dateModified":"2026-04-23T07:46:35+00:00","mainEntityOfPage":{"@id":"https:\/\/moderaterna.se\/stockholm\/nyhet\/5-maj-seniordagen-i-kungstradgarden-med-aldreminister-anna-tenje\/"},"wordCount":174,"publisher":{"@id":"https:\/\/moderaterna.se\/stockholm\/#organization"},"articleSection":["Nyhet"],"inLanguage":"sv-SE"},{"@type":"WebPage","@id":"https:\/\/moderaterna.se\/stockholm\/nyhet\/5-maj-seniordagen-i-kungstradgarden-med-aldreminister-anna-tenje\/","url":"https:\/\/moderaterna.se\/stockholm\/nyhet\/5-maj-seniordagen-i-kungstradgarden-med-aldreminister-anna-tenje\/","name":"5 maj - Seniordagen i Kungstr\u00e4dg\u00e5rden med \u00c4ldreminister Anna Tenje | Moderaterna i Stockholms stad och l\u00e4n","isPartOf":{"@id":"https:\/\/moderaterna.se\/stockholm\/#website"},"datePublished":"2026-04-23T07:39:05+00:00","dateModified":"2026-04-23T07:46:35+00:00","breadcrumb":{"@id":"https:\/\/moderaterna.se\/stockholm\/nyhet\/5-maj-seniordagen-i-kungstradgarden-med-aldreminister-anna-tenje\/#breadcrumb"},"inLanguage":"sv-SE","potentialAction":[{"@type":"ReadAction","target":["https:\/\/moderaterna.se\/stockholm\/nyhet\/5-maj-seniordagen-i-kungstradgarden-med-aldreminister-anna-tenje\/"]}]},{"@type":"BreadcrumbList","@id":"https:\/\/moderaterna.se\/stockholm\/nyhet\/5-maj-seniordagen-i-kungstradgarden-med-aldreminister-anna-tenje\/#breadcrumb","itemListElement":[{"@type":"ListItem","position":1,"name":"Hem","item":"https:\/\/moderaterna.se\/stockholm\/"},{"@type":"ListItem","position":2,"name":"5 maj &#8211; Seniordagen i Kungstr\u00e4dg\u00e5rden med \u00c4ldreminister Anna Tenje"}]},{"@type":"WebSite","@id":"https:\/\/moderaterna.se\/stockholm\/#website","url":"https:\/\/moderaterna.se\/stockholm\/","name":"Moderaterna i Stockholms stad och l\u00e4n","description":"Nu f\u00e5r vi ordning p\u00e5 Sverige","publisher":{"@id":"https:\/\/moderaterna.se\/stockholm\/#organization"},"potentialAction":[{"@type":"SearchAction","target":{"@type":"EntryPoint","urlTemplate":"https:\/\/moderaterna.se\/stockholm\/?s={search_term_string}"},"query-input":{"@type":"PropertyValueSpecification","valueRequired":true,"valueName":"search_term_string"}}],"inLanguage":"sv-SE"},{"@type":"Organization","@id":"https:\/\/moderaterna.se\/stockholm\/#organization","name":"Moderaterna","url":"https:\/\/moderaterna.se\/stockholm\/","logo":{"@type":"ImageObject","inLanguage":"sv-SE","@id":"https:\/\/moderaterna.se\/stockholm\/#\/schema\/logo\/image\/","url":"https:\/\/moderaterna.se\/app\/uploads\/2021\/10\/logo-general@2x.png","contentUrl":"https:\/\/moderaterna.se\/app\/uploads\/2021\/10\/logo-general@2x.png","width":122,"height":122,"caption":"Moderaterna"},"image":{"@id":"https:\/\/moderaterna.se\/stockholm\/#\/schema\/logo\/image\/"},"sameAs":["https:\/\/www.facebook.com\/ModeraternaSthlm","https:\/\/x.com\/ModeratSthlm","https:\/\/www.instagram.com\/moderatsthlm\/","https:\/\/www.youtube.com\/user\/ModeraternaSthlm"]},{"@type":"Person","@id":"https:\/\/moderaterna.se\/stockholm\/#\/schema\/person\/1790a6c815cef6251a1f13d3fd5254bd","name":"Veronica Nordstr\u00f6m","image":{"@type":"ImageObject","inLanguage":"sv-SE","@id":"https:\/\/moderaterna.se\/stockholm\/#\/schema\/person\/image\/","url":"https:\/\/secure.gravatar.com\/avatar\/cdb9d339dbafa52c812526e3f75df35bab1725c8375eaa3e17b27f2a40e8b094?s=96&d=mm&r=g","contentUrl":"https:\/\/secure.gravatar.com\/avatar\/cdb9d339dbafa52c812526e3f75df35bab1725c8375eaa3e17b27f2a40e8b094?s=96&d=mm&r=g","caption":"Veronica Nordstr\u00f6m"},"url":"https:\/\/moderaterna.se\/stockholm\/author\/veronicanordstrom\/"}]}},"publishpress_future_action":{"enabled":false,"date":"2026-05-02 07:44:46","action":"change-status","newStatus":"draft","terms":[],"taxonomy":"category"},"_links":{"self":[{"href":"https:\/\/moderaterna.se\/stockholm\/wp-json\/wp\/v2\/posts\/7958","targetHints":{"allow":["GET"]}}],"collection":[{"href":"https:\/\/moderaterna.se\/stockholm\/wp-json\/wp\/v2\/posts"}],"about":[{"href":"https:\/\/moderaterna.se\/stockholm\/wp-json\/wp\/v2\/types\/post"}],"author":[{"embeddable":true,"href":"https:\/\/moderaterna.se\/stockholm\/wp-json\/wp\/v2\/users\/55"}],"replies":[{"embeddable":true,"href":"https:\/\/moderaterna.se\/stockholm\/wp-json\/wp\/v2\/comments?post=7958"}],"version-history":[{"count":3,"href":"https:\/\/moderaterna.se\/stockholm\/wp-json\/wp\/v2\/posts\/7958\/revisions"}],"predecessor-version":[{"id":7967,"href":"https:\/\/moderaterna.se\/stockholm\/wp-json\/wp\/v2\/posts\/7958\/revisions\/7967"}],"wp:attachment":[{"href":"https:\/\/moderaterna.se\/stockholm\/wp-json\/wp\/v2\/media?parent=7958"}],"wp:term":[{"taxonomy":"category","embeddable":true,"href":"https:\/\/moderaterna.se\/stockholm\/wp-json\/wp\/v2\/categories?post=7958"},{"taxonomy":"post_tag","embeddable":true,"href":"https:\/\/moderaterna.se\/stockholm\/wp-json\/wp\/v2\/tags?post=7958"},{"taxonomy":"subject","embeddable":true,"href":"https:\/\/moderaterna.se\/stockholm\/wp-json\/wp\/v2\/subject?post=7958"}],"curies":[{"name":"wp","href":"https:\/\/api.w.org\/{rel}","templated":true}]}}