{"id":6213,"date":"2025-04-22T12:31:06","date_gmt":"2025-04-22T10:31:06","guid":{"rendered":"https:\/\/moderaterna.se\/stockholm\/?p=6213"},"modified":"2025-04-22T12:31:51","modified_gmt":"2025-04-22T10:31:51","slug":"pressmeddelande-stoppa-miljonrullningen-till-natlakare","status":"publish","type":"post","link":"https:\/\/moderaterna.se\/stockholm\/nyhet\/pressmeddelande-stoppa-miljonrullningen-till-natlakare\/","title":{"rendered":"Pressmeddelande: Stoppa miljonrullningen till n\u00e4tl\u00e4kare"},"content":{"rendered":"\n<p><strong>Stoppa miljonrullningen till n\u00e4tl\u00e4kare<\/strong><br>Region Stockholms kostnader f\u00f6r n\u00e4tl\u00e4kare skenar som f\u00f6ljd av Socialdemokraternas beslut. Moderaterna kr\u00e4ver ett stopp f\u00f6r miljonrullningen och en omedelbar \u00e5terg\u00e5ng till de tidigare avgifterna.<strong><br><br><\/strong>&#8211; Socialdemokraterna tvingade n\u00e4tl\u00e4karna \u00f6ver l\u00e4nsgr\u00e4nsen till S\u00f6rmland och \u00f6ppnade ett slukh\u00e5l d\u00e4r hundratals miljoner av skattebetalarnas pengar f\u00f6rsvann. Det \u00e4r hundratals miljoner som hade kunnat g\u00e5 till \u00f6kade \u00f6ppettider p\u00e5 v\u00e5rdcentralerna och \u00e5terinf\u00f6rda bussar, s\u00e4ger Kristoffer Tamsons (M), oppositionsregionr\u00e5d i Region Stockholm.<br><br>&#8211; Nu m\u00e5ste Socialdemokraterna sl\u00e4ppa prestigen, stoppa miljonrullningen och t\u00e4ppa igen slukh\u00e5let. Vi moderater kr\u00e4ver nu att experimentet avbryts och att Region Stockholm omedelbart \u00e5terg\u00e5r till de gamla avgifterna, s\u00e4ger Kristoffer Tamsons (M).<\/p>\n\n\n\n<p><strong>Fakta:<\/strong><br>I maj 2023 s\u00e4nkte Region Stockholm ers\u00e4ttningen till de digitala v\u00e5rdgivarna fr\u00e5n 400 kronor till 100 kronor per v\u00e5rdbes\u00f6k. Sedan dess har Region Stockholms kostnader f\u00f6r digital v\u00e5rd skenat. Enligt&nbsp;<a href=\"https:\/\/www.mitti.se\/nyheter\/notan-for-natlakarna-fortsatter-att-skena-6.3.290850.abedc9791a\" target=\"_blank\" rel=\"noreferrer noopener\">Lokaltidningen Mitt i<\/a>&nbsp;har antalet digitala v\u00e5rdbes\u00f6k som g\u00e5r via S\u00f6rmland tredubblats mellan 2022 och 2024, fr\u00e5n 353 000 till 1 032 000.<\/p>\n\n\n\n<p>Kostnaderna har \u00f6kat med 217 miljoner j\u00e4mf\u00f6rt med om videosamtalen hade utf\u00f6rts med Region Stockholms taxa, enligt regionens egna ber\u00e4kningar. P\u00e5 tv\u00e5 \u00e5r har ers\u00e4ttningen f\u00f6r digital v\u00e5rd via S\u00f6rmland \u00f6kat fr\u00e5n 140 till 405 miljoner.<\/p>\n\n\n\n<p>Moderaterna i Region Stockholm kr\u00e4ver nu att experimentet avbryts. F\u00f6rslaget inneb\u00e4r en \u00e5terg\u00e5ng till tidigare taxor och avgifter.<\/p>\n","protected":false},"excerpt":{"rendered":"<p>Stoppa miljonrullningen till n\u00e4tl\u00e4kareRegion Stockholms kostnader f\u00f6r n\u00e4tl\u00e4kare skenar som f\u00f6ljd av Socialdemokraternas beslut. Moderaterna kr\u00e4ver ett stopp f\u00f6r miljonrullningen och en omedelbar \u00e5terg\u00e5ng till de tidigare avgifterna. &#8211; Socialdemokraterna tvingade n\u00e4tl\u00e4karna \u00f6ver l\u00e4nsgr\u00e4nsen till S\u00f6rmland och \u00f6ppnade ett slukh\u00e5l d\u00e4r hundratals miljoner av skattebetalarnas pengar f\u00f6rsvann. Det \u00e4r hundratals miljoner som hade kunnat g\u00e5 [&hellip;]<\/p>\n","protected":false},"author":55,"featured_media":6214,"comment_status":"closed","ping_status":"closed","sticky":false,"template":"","format":"standard","meta":{"_acf_changed":false,"_relevanssi_hide_post":"","_relevanssi_hide_content":"","_relevanssi_pin_for_all":"","_relevanssi_pin_keywords":"","_relevanssi_unpin_keywords":"","_relevanssi_related_keywords":"","_relevanssi_related_include_ids":"","_relevanssi_related_exclude_ids":"","_relevanssi_related_no_append":"","_relevanssi_related_not_related":"","_relevanssi_related_posts":"4558,5474,1906,4974,5466,979","_relevanssi_noindex_reason":"","footnotes":""},"categories":[1,7],"tags":[],"subject":[],"class_list":["post-6213","post","type-post","status-publish","format-standard","has-post-thumbnail","hentry","category-nyhet","category-press"],"acf":[],"yoast_head":"<!-- This site is optimized with the Yoast SEO Premium plugin v27.1 (Yoast SEO v27.1.1) - https:\/\/yoast.com\/product\/yoast-seo-premium-wordpress\/ -->\n<title>Pressmeddelande: Stoppa miljonrullningen till n\u00e4tl\u00e4kare | Moderaterna i Stockholms stad och l\u00e4n<\/title>\n<meta name=\"robots\" content=\"index, follow, max-snippet:-1, max-image-preview:large, max-video-preview:-1\" \/>\n<link rel=\"canonical\" href=\"https:\/\/moderaterna.se\/stockholm\/nyhet\/pressmeddelande-stoppa-miljonrullningen-till-natlakare\/\" \/>\n<meta property=\"og:locale\" content=\"sv_SE\" \/>\n<meta property=\"og:type\" content=\"article\" \/>\n<meta property=\"og:title\" content=\"Pressmeddelande: Stoppa miljonrullningen till n\u00e4tl\u00e4kare\" \/>\n<meta property=\"og:url\" content=\"https:\/\/moderaterna.se\/stockholm\/nyhet\/pressmeddelande-stoppa-miljonrullningen-till-natlakare\/\" \/>\n<meta property=\"og:site_name\" content=\"Moderaterna i Stockholms stad och l\u00e4n\" \/>\n<meta property=\"article:publisher\" content=\"https:\/\/www.facebook.com\/ModeraternaSthlm\" \/>\n<meta property=\"article:published_time\" content=\"2025-04-22T10:31:06+00:00\" \/>\n<meta property=\"article:modified_time\" content=\"2025-04-22T10:31:51+00:00\" \/>\n<meta property=\"og:image\" content=\"https:\/\/moderaterna.se\/app\/uploads\/sites\/5\/2025\/04\/Namnlos-design-38-1024x576.png\" \/>\n\t<meta property=\"og:image:width\" content=\"1024\" \/>\n\t<meta property=\"og:image:height\" content=\"576\" \/>\n\t<meta property=\"og:image:type\" content=\"image\/png\" \/>\n<meta name=\"author\" content=\"Veronica Nordstr\u00f6m\" \/>\n<meta name=\"twitter:card\" content=\"summary_large_image\" \/>\n<meta name=\"twitter:creator\" content=\"@ModeratSthlm\" \/>\n<meta name=\"twitter:site\" content=\"@ModeratSthlm\" \/>\n<meta name=\"twitter:label1\" content=\"Skriven av\" \/>\n\t<meta name=\"twitter:data1\" content=\"Veronica Nordstr\u00f6m\" \/>\n\t<meta name=\"twitter:label2\" content=\"Ber\u00e4knad l\u00e4stid\" \/>\n\t<meta name=\"twitter:data2\" content=\"2 minuter\" \/>\n<script type=\"application\/ld+json\" class=\"yoast-schema-graph\">{\"@context\":\"https:\/\/schema.org\",\"@graph\":[{\"@type\":\"Article\",\"@id\":\"https:\/\/moderaterna.se\/stockholm\/nyhet\/pressmeddelande-stoppa-miljonrullningen-till-natlakare\/#article\",\"isPartOf\":{\"@id\":\"https:\/\/moderaterna.se\/stockholm\/nyhet\/pressmeddelande-stoppa-miljonrullningen-till-natlakare\/\"},\"author\":{\"name\":\"Veronica Nordstr\u00f6m\",\"@id\":\"https:\/\/moderaterna.se\/stockholm\/#\/schema\/person\/1790a6c815cef6251a1f13d3fd5254bd\"},\"headline\":\"Pressmeddelande: Stoppa miljonrullningen till n\u00e4tl\u00e4kare\",\"datePublished\":\"2025-04-22T10:31:06+00:00\",\"dateModified\":\"2025-04-22T10:31:51+00:00\",\"mainEntityOfPage\":{\"@id\":\"https:\/\/moderaterna.se\/stockholm\/nyhet\/pressmeddelande-stoppa-miljonrullningen-till-natlakare\/\"},\"wordCount\":263,\"publisher\":{\"@id\":\"https:\/\/moderaterna.se\/stockholm\/#organization\"},\"image\":{\"@id\":\"https:\/\/moderaterna.se\/stockholm\/nyhet\/pressmeddelande-stoppa-miljonrullningen-till-natlakare\/#primaryimage\"},\"thumbnailUrl\":\"https:\/\/moderaterna.se\/app\/uploads\/sites\/5\/2025\/04\/Namnlos-design-38.png\",\"articleSection\":[\"Nyhet\",\"Pressmeddelande\"],\"inLanguage\":\"sv-SE\"},{\"@type\":\"WebPage\",\"@id\":\"https:\/\/moderaterna.se\/stockholm\/nyhet\/pressmeddelande-stoppa-miljonrullningen-till-natlakare\/\",\"url\":\"https:\/\/moderaterna.se\/stockholm\/nyhet\/pressmeddelande-stoppa-miljonrullningen-till-natlakare\/\",\"name\":\"Pressmeddelande: Stoppa miljonrullningen till n\u00e4tl\u00e4kare | Moderaterna i Stockholms stad och l\u00e4n\",\"isPartOf\":{\"@id\":\"https:\/\/moderaterna.se\/stockholm\/#website\"},\"primaryImageOfPage\":{\"@id\":\"https:\/\/moderaterna.se\/stockholm\/nyhet\/pressmeddelande-stoppa-miljonrullningen-till-natlakare\/#primaryimage\"},\"image\":{\"@id\":\"https:\/\/moderaterna.se\/stockholm\/nyhet\/pressmeddelande-stoppa-miljonrullningen-till-natlakare\/#primaryimage\"},\"thumbnailUrl\":\"https:\/\/moderaterna.se\/app\/uploads\/sites\/5\/2025\/04\/Namnlos-design-38.png\",\"datePublished\":\"2025-04-22T10:31:06+00:00\",\"dateModified\":\"2025-04-22T10:31:51+00:00\",\"breadcrumb\":{\"@id\":\"https:\/\/moderaterna.se\/stockholm\/nyhet\/pressmeddelande-stoppa-miljonrullningen-till-natlakare\/#breadcrumb\"},\"inLanguage\":\"sv-SE\",\"potentialAction\":[{\"@type\":\"ReadAction\",\"target\":[\"https:\/\/moderaterna.se\/stockholm\/nyhet\/pressmeddelande-stoppa-miljonrullningen-till-natlakare\/\"]}]},{\"@type\":\"ImageObject\",\"inLanguage\":\"sv-SE\",\"@id\":\"https:\/\/moderaterna.se\/stockholm\/nyhet\/pressmeddelande-stoppa-miljonrullningen-till-natlakare\/#primaryimage\",\"url\":\"https:\/\/moderaterna.se\/app\/uploads\/sites\/5\/2025\/04\/Namnlos-design-38.png\",\"contentUrl\":\"https:\/\/moderaterna.se\/app\/uploads\/sites\/5\/2025\/04\/Namnlos-design-38.png\",\"width\":1782,\"height\":1002},{\"@type\":\"BreadcrumbList\",\"@id\":\"https:\/\/moderaterna.se\/stockholm\/nyhet\/pressmeddelande-stoppa-miljonrullningen-till-natlakare\/#breadcrumb\",\"itemListElement\":[{\"@type\":\"ListItem\",\"position\":1,\"name\":\"Hem\",\"item\":\"https:\/\/moderaterna.se\/stockholm\/\"},{\"@type\":\"ListItem\",\"position\":2,\"name\":\"Pressmeddelande: Stoppa miljonrullningen till n\u00e4tl\u00e4kare\"}]},{\"@type\":\"WebSite\",\"@id\":\"https:\/\/moderaterna.se\/stockholm\/#website\",\"url\":\"https:\/\/moderaterna.se\/stockholm\/\",\"name\":\"Moderaterna i Stockholms stad och l\u00e4n\",\"description\":\"Nu f\u00e5r vi ordning p\u00e5 Sverige\",\"publisher\":{\"@id\":\"https:\/\/moderaterna.se\/stockholm\/#organization\"},\"potentialAction\":[{\"@type\":\"SearchAction\",\"target\":{\"@type\":\"EntryPoint\",\"urlTemplate\":\"https:\/\/moderaterna.se\/stockholm\/?s={search_term_string}\"},\"query-input\":{\"@type\":\"PropertyValueSpecification\",\"valueRequired\":true,\"valueName\":\"search_term_string\"}}],\"inLanguage\":\"sv-SE\"},{\"@type\":\"Organization\",\"@id\":\"https:\/\/moderaterna.se\/stockholm\/#organization\",\"name\":\"Moderaterna\",\"url\":\"https:\/\/moderaterna.se\/stockholm\/\",\"logo\":{\"@type\":\"ImageObject\",\"inLanguage\":\"sv-SE\",\"@id\":\"https:\/\/moderaterna.se\/stockholm\/#\/schema\/logo\/image\/\",\"url\":\"https:\/\/moderaterna.se\/app\/uploads\/2021\/10\/logo-general@2x.png\",\"contentUrl\":\"https:\/\/moderaterna.se\/app\/uploads\/2021\/10\/logo-general@2x.png\",\"width\":122,\"height\":122,\"caption\":\"Moderaterna\"},\"image\":{\"@id\":\"https:\/\/moderaterna.se\/stockholm\/#\/schema\/logo\/image\/\"},\"sameAs\":[\"https:\/\/www.facebook.com\/ModeraternaSthlm\",\"https:\/\/x.com\/ModeratSthlm\",\"https:\/\/www.instagram.com\/moderatsthlm\/\",\"https:\/\/www.youtube.com\/user\/ModeraternaSthlm\"]},{\"@type\":\"Person\",\"@id\":\"https:\/\/moderaterna.se\/stockholm\/#\/schema\/person\/1790a6c815cef6251a1f13d3fd5254bd\",\"name\":\"Veronica Nordstr\u00f6m\",\"image\":{\"@type\":\"ImageObject\",\"inLanguage\":\"sv-SE\",\"@id\":\"https:\/\/moderaterna.se\/stockholm\/#\/schema\/person\/image\/\",\"url\":\"https:\/\/secure.gravatar.com\/avatar\/cdb9d339dbafa52c812526e3f75df35bab1725c8375eaa3e17b27f2a40e8b094?s=96&d=mm&r=g\",\"contentUrl\":\"https:\/\/secure.gravatar.com\/avatar\/cdb9d339dbafa52c812526e3f75df35bab1725c8375eaa3e17b27f2a40e8b094?s=96&d=mm&r=g\",\"caption\":\"Veronica Nordstr\u00f6m\"},\"url\":\"https:\/\/moderaterna.se\/stockholm\/author\/veronicanordstrom\/\"}]}<\/script>\n<!-- \/ Yoast SEO Premium plugin. -->","yoast_head_json":{"title":"Pressmeddelande: Stoppa miljonrullningen till n\u00e4tl\u00e4kare | Moderaterna i Stockholms stad och l\u00e4n","robots":{"index":"index","follow":"follow","max-snippet":"max-snippet:-1","max-image-preview":"max-image-preview:large","max-video-preview":"max-video-preview:-1"},"canonical":"https:\/\/moderaterna.se\/stockholm\/nyhet\/pressmeddelande-stoppa-miljonrullningen-till-natlakare\/","og_locale":"sv_SE","og_type":"article","og_title":"Pressmeddelande: Stoppa miljonrullningen till n\u00e4tl\u00e4kare","og_url":"https:\/\/moderaterna.se\/stockholm\/nyhet\/pressmeddelande-stoppa-miljonrullningen-till-natlakare\/","og_site_name":"Moderaterna i Stockholms stad och l\u00e4n","article_publisher":"https:\/\/www.facebook.com\/ModeraternaSthlm","article_published_time":"2025-04-22T10:31:06+00:00","article_modified_time":"2025-04-22T10:31:51+00:00","og_image":[{"width":1024,"height":576,"url":"https:\/\/moderaterna.se\/app\/uploads\/sites\/5\/2025\/04\/Namnlos-design-38-1024x576.png","type":"image\/png"}],"author":"Veronica Nordstr\u00f6m","twitter_card":"summary_large_image","twitter_creator":"@ModeratSthlm","twitter_site":"@ModeratSthlm","twitter_misc":{"Skriven av":"Veronica Nordstr\u00f6m","Ber\u00e4knad l\u00e4stid":"2 minuter"},"schema":{"@context":"https:\/\/schema.org","@graph":[{"@type":"Article","@id":"https:\/\/moderaterna.se\/stockholm\/nyhet\/pressmeddelande-stoppa-miljonrullningen-till-natlakare\/#article","isPartOf":{"@id":"https:\/\/moderaterna.se\/stockholm\/nyhet\/pressmeddelande-stoppa-miljonrullningen-till-natlakare\/"},"author":{"name":"Veronica Nordstr\u00f6m","@id":"https:\/\/moderaterna.se\/stockholm\/#\/schema\/person\/1790a6c815cef6251a1f13d3fd5254bd"},"headline":"Pressmeddelande: Stoppa miljonrullningen till n\u00e4tl\u00e4kare","datePublished":"2025-04-22T10:31:06+00:00","dateModified":"2025-04-22T10:31:51+00:00","mainEntityOfPage":{"@id":"https:\/\/moderaterna.se\/stockholm\/nyhet\/pressmeddelande-stoppa-miljonrullningen-till-natlakare\/"},"wordCount":263,"publisher":{"@id":"https:\/\/moderaterna.se\/stockholm\/#organization"},"image":{"@id":"https:\/\/moderaterna.se\/stockholm\/nyhet\/pressmeddelande-stoppa-miljonrullningen-till-natlakare\/#primaryimage"},"thumbnailUrl":"https:\/\/moderaterna.se\/app\/uploads\/sites\/5\/2025\/04\/Namnlos-design-38.png","articleSection":["Nyhet","Pressmeddelande"],"inLanguage":"sv-SE"},{"@type":"WebPage","@id":"https:\/\/moderaterna.se\/stockholm\/nyhet\/pressmeddelande-stoppa-miljonrullningen-till-natlakare\/","url":"https:\/\/moderaterna.se\/stockholm\/nyhet\/pressmeddelande-stoppa-miljonrullningen-till-natlakare\/","name":"Pressmeddelande: Stoppa miljonrullningen till n\u00e4tl\u00e4kare | Moderaterna i Stockholms stad och l\u00e4n","isPartOf":{"@id":"https:\/\/moderaterna.se\/stockholm\/#website"},"primaryImageOfPage":{"@id":"https:\/\/moderaterna.se\/stockholm\/nyhet\/pressmeddelande-stoppa-miljonrullningen-till-natlakare\/#primaryimage"},"image":{"@id":"https:\/\/moderaterna.se\/stockholm\/nyhet\/pressmeddelande-stoppa-miljonrullningen-till-natlakare\/#primaryimage"},"thumbnailUrl":"https:\/\/moderaterna.se\/app\/uploads\/sites\/5\/2025\/04\/Namnlos-design-38.png","datePublished":"2025-04-22T10:31:06+00:00","dateModified":"2025-04-22T10:31:51+00:00","breadcrumb":{"@id":"https:\/\/moderaterna.se\/stockholm\/nyhet\/pressmeddelande-stoppa-miljonrullningen-till-natlakare\/#breadcrumb"},"inLanguage":"sv-SE","potentialAction":[{"@type":"ReadAction","target":["https:\/\/moderaterna.se\/stockholm\/nyhet\/pressmeddelande-stoppa-miljonrullningen-till-natlakare\/"]}]},{"@type":"ImageObject","inLanguage":"sv-SE","@id":"https:\/\/moderaterna.se\/stockholm\/nyhet\/pressmeddelande-stoppa-miljonrullningen-till-natlakare\/#primaryimage","url":"https:\/\/moderaterna.se\/app\/uploads\/sites\/5\/2025\/04\/Namnlos-design-38.png","contentUrl":"https:\/\/moderaterna.se\/app\/uploads\/sites\/5\/2025\/04\/Namnlos-design-38.png","width":1782,"height":1002},{"@type":"BreadcrumbList","@id":"https:\/\/moderaterna.se\/stockholm\/nyhet\/pressmeddelande-stoppa-miljonrullningen-till-natlakare\/#breadcrumb","itemListElement":[{"@type":"ListItem","position":1,"name":"Hem","item":"https:\/\/moderaterna.se\/stockholm\/"},{"@type":"ListItem","position":2,"name":"Pressmeddelande: Stoppa miljonrullningen till n\u00e4tl\u00e4kare"}]},{"@type":"WebSite","@id":"https:\/\/moderaterna.se\/stockholm\/#website","url":"https:\/\/moderaterna.se\/stockholm\/","name":"Moderaterna i Stockholms stad och l\u00e4n","description":"Nu f\u00e5r vi ordning p\u00e5 Sverige","publisher":{"@id":"https:\/\/moderaterna.se\/stockholm\/#organization"},"potentialAction":[{"@type":"SearchAction","target":{"@type":"EntryPoint","urlTemplate":"https:\/\/moderaterna.se\/stockholm\/?s={search_term_string}"},"query-input":{"@type":"PropertyValueSpecification","valueRequired":true,"valueName":"search_term_string"}}],"inLanguage":"sv-SE"},{"@type":"Organization","@id":"https:\/\/moderaterna.se\/stockholm\/#organization","name":"Moderaterna","url":"https:\/\/moderaterna.se\/stockholm\/","logo":{"@type":"ImageObject","inLanguage":"sv-SE","@id":"https:\/\/moderaterna.se\/stockholm\/#\/schema\/logo\/image\/","url":"https:\/\/moderaterna.se\/app\/uploads\/2021\/10\/logo-general@2x.png","contentUrl":"https:\/\/moderaterna.se\/app\/uploads\/2021\/10\/logo-general@2x.png","width":122,"height":122,"caption":"Moderaterna"},"image":{"@id":"https:\/\/moderaterna.se\/stockholm\/#\/schema\/logo\/image\/"},"sameAs":["https:\/\/www.facebook.com\/ModeraternaSthlm","https:\/\/x.com\/ModeratSthlm","https:\/\/www.instagram.com\/moderatsthlm\/","https:\/\/www.youtube.com\/user\/ModeraternaSthlm"]},{"@type":"Person","@id":"https:\/\/moderaterna.se\/stockholm\/#\/schema\/person\/1790a6c815cef6251a1f13d3fd5254bd","name":"Veronica Nordstr\u00f6m","image":{"@type":"ImageObject","inLanguage":"sv-SE","@id":"https:\/\/moderaterna.se\/stockholm\/#\/schema\/person\/image\/","url":"https:\/\/secure.gravatar.com\/avatar\/cdb9d339dbafa52c812526e3f75df35bab1725c8375eaa3e17b27f2a40e8b094?s=96&d=mm&r=g","contentUrl":"https:\/\/secure.gravatar.com\/avatar\/cdb9d339dbafa52c812526e3f75df35bab1725c8375eaa3e17b27f2a40e8b094?s=96&d=mm&r=g","caption":"Veronica Nordstr\u00f6m"},"url":"https:\/\/moderaterna.se\/stockholm\/author\/veronicanordstrom\/"}]}},"publishpress_future_action":{"enabled":false,"date":"2026-05-04 04:17:53","action":"change-status","newStatus":"draft","terms":[],"taxonomy":"category"},"_links":{"self":[{"href":"https:\/\/moderaterna.se\/stockholm\/wp-json\/wp\/v2\/posts\/6213","targetHints":{"allow":["GET"]}}],"collection":[{"href":"https:\/\/moderaterna.se\/stockholm\/wp-json\/wp\/v2\/posts"}],"about":[{"href":"https:\/\/moderaterna.se\/stockholm\/wp-json\/wp\/v2\/types\/post"}],"author":[{"embeddable":true,"href":"https:\/\/moderaterna.se\/stockholm\/wp-json\/wp\/v2\/users\/55"}],"replies":[{"embeddable":true,"href":"https:\/\/moderaterna.se\/stockholm\/wp-json\/wp\/v2\/comments?post=6213"}],"version-history":[{"count":1,"href":"https:\/\/moderaterna.se\/stockholm\/wp-json\/wp\/v2\/posts\/6213\/revisions"}],"predecessor-version":[{"id":6215,"href":"https:\/\/moderaterna.se\/stockholm\/wp-json\/wp\/v2\/posts\/6213\/revisions\/6215"}],"wp:featuredmedia":[{"embeddable":true,"href":"https:\/\/moderaterna.se\/stockholm\/wp-json\/wp\/v2\/media\/6214"}],"wp:attachment":[{"href":"https:\/\/moderaterna.se\/stockholm\/wp-json\/wp\/v2\/media?parent=6213"}],"wp:term":[{"taxonomy":"category","embeddable":true,"href":"https:\/\/moderaterna.se\/stockholm\/wp-json\/wp\/v2\/categories?post=6213"},{"taxonomy":"post_tag","embeddable":true,"href":"https:\/\/moderaterna.se\/stockholm\/wp-json\/wp\/v2\/tags?post=6213"},{"taxonomy":"subject","embeddable":true,"href":"https:\/\/moderaterna.se\/stockholm\/wp-json\/wp\/v2\/subject?post=6213"}],"curies":[{"name":"wp","href":"https:\/\/api.w.org\/{rel}","templated":true}]}}