{"id":5852,"date":"2025-02-27T11:06:39","date_gmt":"2025-02-27T10:06:39","guid":{"rendered":"https:\/\/moderaterna.se\/stockholm\/?p=5852"},"modified":"2025-02-27T11:10:24","modified_gmt":"2025-02-27T10:10:24","slug":"artikel-moderaterna-i-stockholm-vill-riva-upp-forbudet-mot-vapen","status":"publish","type":"post","link":"https:\/\/moderaterna.se\/stockholm\/nyhet\/artikel-moderaterna-i-stockholm-vill-riva-upp-forbudet-mot-vapen\/","title":{"rendered":"Artikel: Moderaterna i Stockholm vill riva upp f\u00f6rbudet mot vapen"},"content":{"rendered":"\n<h2 class=\"wp-block-heading\" id=\"h-artikel-moderaterna-i-stockholm-vill-riva-upp-forbudet-mot-vapen\"><strong>Artikel: Moderaterna i Stockholm vill riva upp f\u00f6rbudet mot vapen<\/strong><\/h2>\n\n\n\n<p><\/p>\n\n\n\n<p>Moderaterna l\u00e4gger en motion till kommunfullm\u00e4ktige, och en skrivelse till kommunstyrelsen, <br>d\u00e4r man f\u00f6resl\u00e5r att skyndsamt h\u00e4va f\u00f6rbudet mot investeringar i vapen, som finns i Stockholms stads <br>nuvarande finanspolicy.<\/p>\n\n\n\n<p>Enligt en kartl\u00e4ggning fr\u00e5n&nbsp;<a href=\"https:\/\/www.dagensmedicin.se\/vardens-styrning\/ekonomi\/regioner-oppnar-for-investeringar-i-vapen\/\">Dagens medicin&nbsp;<\/a>har flera regioner redan \u00f6ppnat f\u00f6r investeringar i <br>f\u00f6rsvarsindustrin, med anledning av det s\u00e4kerhetspolitiska l\u00e4get. \u00c4ven en rad stora fonder har nyligen sv\u00e4ngt i synen p\u00e5 f\u00f6rsvarsaktier.<\/p>\n\n\n\n<p>Att investera i europeisk vapenindustri skulle i f\u00f6rl\u00e4ngningen bidra till att st\u00e4rka Ukraina, enligt Christofer Fjellner.<\/p>\n\n\n\n<p>\u2013 Vi vet att vi m\u00e5ste ta ett betydligt st\u00f6rre ansvar f\u00f6r Europas och Sveriges s\u00e4kerhet. D\u00e5 \u00e4r det r\u00e4tt provocerande att Sveriges st\u00f6rsta kommun \u2013 och v\u00e4ldigt m\u00e5nga andra kommuner och regioner \u2013 inte till\u00e5ter att man investerar i f\u00f6rsvarsindustrin, s\u00e4ger han.<\/p>\n\n\n\n<p><\/p>\n\n\n\n<div class=\"wp-block-buttons is-layout-flex wp-block-buttons-is-layout-flex\">\n<div class=\"wp-block-button\"><a class=\"wp-block-button__link wp-element-button\" href=\"https:\/\/www.expressen.se\/nyheter\/sverige\/moderaterna-i-stockholm-vill-investera-i-vapen\/\">L\u00e4s mer i Expressen<\/a><\/div>\n<\/div>\n","protected":false},"excerpt":{"rendered":"<p>Artikel: Moderaterna i Stockholm vill riva upp f\u00f6rbudet mot vapen Moderaterna l\u00e4gger en motion till kommunfullm\u00e4ktige, och en skrivelse till kommunstyrelsen, d\u00e4r man f\u00f6resl\u00e5r att skyndsamt h\u00e4va f\u00f6rbudet mot investeringar i vapen, som finns i Stockholms stads nuvarande finanspolicy. Enligt en kartl\u00e4ggning fr\u00e5n&nbsp;Dagens medicin&nbsp;har flera regioner redan \u00f6ppnat f\u00f6r investeringar i f\u00f6rsvarsindustrin, med anledning av [&hellip;]<\/p>\n","protected":false},"author":55,"featured_media":0,"comment_status":"closed","ping_status":"closed","sticky":false,"template":"","format":"standard","meta":{"_acf_changed":false,"_relevanssi_hide_post":"","_relevanssi_hide_content":"","_relevanssi_pin_for_all":"","_relevanssi_pin_keywords":"","_relevanssi_unpin_keywords":"","_relevanssi_related_keywords":"","_relevanssi_related_include_ids":"","_relevanssi_related_exclude_ids":"","_relevanssi_related_no_append":"","_relevanssi_related_not_related":"","_relevanssi_related_posts":"979,1906,2849,5163,3006,5504","_relevanssi_noindex_reason":"","footnotes":""},"categories":[1],"tags":[],"subject":[],"class_list":["post-5852","post","type-post","status-publish","format-standard","hentry","category-nyhet"],"acf":[],"yoast_head":"<!-- This site is optimized with the Yoast SEO Premium plugin v27.1 (Yoast SEO v27.1.1) - https:\/\/yoast.com\/product\/yoast-seo-premium-wordpress\/ -->\n<title>Artikel: Moderaterna i Stockholm vill riva upp f\u00f6rbudet mot vapen | Moderaterna i Stockholms stad och l\u00e4n<\/title>\n<meta name=\"robots\" content=\"index, follow, max-snippet:-1, max-image-preview:large, max-video-preview:-1\" \/>\n<link rel=\"canonical\" href=\"https:\/\/moderaterna.se\/stockholm\/nyhet\/artikel-moderaterna-i-stockholm-vill-riva-upp-forbudet-mot-vapen\/\" \/>\n<meta property=\"og:locale\" content=\"sv_SE\" \/>\n<meta property=\"og:type\" content=\"article\" \/>\n<meta property=\"og:title\" content=\"Artikel: Moderaterna i Stockholm vill riva upp f\u00f6rbudet mot vapen\" \/>\n<meta property=\"og:url\" content=\"https:\/\/moderaterna.se\/stockholm\/nyhet\/artikel-moderaterna-i-stockholm-vill-riva-upp-forbudet-mot-vapen\/\" \/>\n<meta property=\"og:site_name\" content=\"Moderaterna i Stockholms stad och l\u00e4n\" \/>\n<meta property=\"article:publisher\" content=\"https:\/\/www.facebook.com\/ModeraternaSthlm\" \/>\n<meta property=\"article:published_time\" content=\"2025-02-27T10:06:39+00:00\" \/>\n<meta property=\"article:modified_time\" content=\"2025-02-27T10:10:24+00:00\" \/>\n<meta property=\"og:image\" content=\"https:\/\/moderaterna.se\/app\/uploads\/sites\/5\/2022\/01\/DELNINGSBILD_hemsida_fo\u0308rstasida.png\" \/>\n\t<meta property=\"og:image:width\" content=\"1200\" \/>\n\t<meta property=\"og:image:height\" content=\"628\" \/>\n\t<meta property=\"og:image:type\" content=\"image\/png\" \/>\n<meta name=\"author\" content=\"Veronica Nordstr\u00f6m\" \/>\n<meta name=\"twitter:card\" content=\"summary_large_image\" \/>\n<meta name=\"twitter:creator\" content=\"@ModeratSthlm\" \/>\n<meta name=\"twitter:site\" content=\"@ModeratSthlm\" \/>\n<meta name=\"twitter:label1\" content=\"Skriven av\" \/>\n\t<meta name=\"twitter:data1\" content=\"Veronica Nordstr\u00f6m\" \/>\n\t<meta name=\"twitter:label2\" content=\"Ber\u00e4knad l\u00e4stid\" \/>\n\t<meta name=\"twitter:data2\" content=\"1 minut\" \/>\n<script type=\"application\/ld+json\" class=\"yoast-schema-graph\">{\"@context\":\"https:\/\/schema.org\",\"@graph\":[{\"@type\":\"Article\",\"@id\":\"https:\/\/moderaterna.se\/stockholm\/nyhet\/artikel-moderaterna-i-stockholm-vill-riva-upp-forbudet-mot-vapen\/#article\",\"isPartOf\":{\"@id\":\"https:\/\/moderaterna.se\/stockholm\/nyhet\/artikel-moderaterna-i-stockholm-vill-riva-upp-forbudet-mot-vapen\/\"},\"author\":{\"name\":\"Veronica Nordstr\u00f6m\",\"@id\":\"https:\/\/moderaterna.se\/stockholm\/#\/schema\/person\/1790a6c815cef6251a1f13d3fd5254bd\"},\"headline\":\"Artikel: Moderaterna i Stockholm vill riva upp f\u00f6rbudet mot vapen\",\"datePublished\":\"2025-02-27T10:06:39+00:00\",\"dateModified\":\"2025-02-27T10:10:24+00:00\",\"mainEntityOfPage\":{\"@id\":\"https:\/\/moderaterna.se\/stockholm\/nyhet\/artikel-moderaterna-i-stockholm-vill-riva-upp-forbudet-mot-vapen\/\"},\"wordCount\":176,\"publisher\":{\"@id\":\"https:\/\/moderaterna.se\/stockholm\/#organization\"},\"articleSection\":[\"Nyhet\"],\"inLanguage\":\"sv-SE\"},{\"@type\":\"WebPage\",\"@id\":\"https:\/\/moderaterna.se\/stockholm\/nyhet\/artikel-moderaterna-i-stockholm-vill-riva-upp-forbudet-mot-vapen\/\",\"url\":\"https:\/\/moderaterna.se\/stockholm\/nyhet\/artikel-moderaterna-i-stockholm-vill-riva-upp-forbudet-mot-vapen\/\",\"name\":\"Artikel: Moderaterna i Stockholm vill riva upp f\u00f6rbudet mot vapen | Moderaterna i Stockholms stad och l\u00e4n\",\"isPartOf\":{\"@id\":\"https:\/\/moderaterna.se\/stockholm\/#website\"},\"datePublished\":\"2025-02-27T10:06:39+00:00\",\"dateModified\":\"2025-02-27T10:10:24+00:00\",\"breadcrumb\":{\"@id\":\"https:\/\/moderaterna.se\/stockholm\/nyhet\/artikel-moderaterna-i-stockholm-vill-riva-upp-forbudet-mot-vapen\/#breadcrumb\"},\"inLanguage\":\"sv-SE\",\"potentialAction\":[{\"@type\":\"ReadAction\",\"target\":[\"https:\/\/moderaterna.se\/stockholm\/nyhet\/artikel-moderaterna-i-stockholm-vill-riva-upp-forbudet-mot-vapen\/\"]}]},{\"@type\":\"BreadcrumbList\",\"@id\":\"https:\/\/moderaterna.se\/stockholm\/nyhet\/artikel-moderaterna-i-stockholm-vill-riva-upp-forbudet-mot-vapen\/#breadcrumb\",\"itemListElement\":[{\"@type\":\"ListItem\",\"position\":1,\"name\":\"Hem\",\"item\":\"https:\/\/moderaterna.se\/stockholm\/\"},{\"@type\":\"ListItem\",\"position\":2,\"name\":\"Artikel: Moderaterna i Stockholm vill riva upp f\u00f6rbudet mot vapen\"}]},{\"@type\":\"WebSite\",\"@id\":\"https:\/\/moderaterna.se\/stockholm\/#website\",\"url\":\"https:\/\/moderaterna.se\/stockholm\/\",\"name\":\"Moderaterna i Stockholms stad och l\u00e4n\",\"description\":\"Nu f\u00e5r vi ordning p\u00e5 Sverige\",\"publisher\":{\"@id\":\"https:\/\/moderaterna.se\/stockholm\/#organization\"},\"potentialAction\":[{\"@type\":\"SearchAction\",\"target\":{\"@type\":\"EntryPoint\",\"urlTemplate\":\"https:\/\/moderaterna.se\/stockholm\/?s={search_term_string}\"},\"query-input\":{\"@type\":\"PropertyValueSpecification\",\"valueRequired\":true,\"valueName\":\"search_term_string\"}}],\"inLanguage\":\"sv-SE\"},{\"@type\":\"Organization\",\"@id\":\"https:\/\/moderaterna.se\/stockholm\/#organization\",\"name\":\"Moderaterna\",\"url\":\"https:\/\/moderaterna.se\/stockholm\/\",\"logo\":{\"@type\":\"ImageObject\",\"inLanguage\":\"sv-SE\",\"@id\":\"https:\/\/moderaterna.se\/stockholm\/#\/schema\/logo\/image\/\",\"url\":\"https:\/\/moderaterna.se\/app\/uploads\/2021\/10\/logo-general@2x.png\",\"contentUrl\":\"https:\/\/moderaterna.se\/app\/uploads\/2021\/10\/logo-general@2x.png\",\"width\":122,\"height\":122,\"caption\":\"Moderaterna\"},\"image\":{\"@id\":\"https:\/\/moderaterna.se\/stockholm\/#\/schema\/logo\/image\/\"},\"sameAs\":[\"https:\/\/www.facebook.com\/ModeraternaSthlm\",\"https:\/\/x.com\/ModeratSthlm\",\"https:\/\/www.instagram.com\/moderatsthlm\/\",\"https:\/\/www.youtube.com\/user\/ModeraternaSthlm\"]},{\"@type\":\"Person\",\"@id\":\"https:\/\/moderaterna.se\/stockholm\/#\/schema\/person\/1790a6c815cef6251a1f13d3fd5254bd\",\"name\":\"Veronica Nordstr\u00f6m\",\"image\":{\"@type\":\"ImageObject\",\"inLanguage\":\"sv-SE\",\"@id\":\"https:\/\/moderaterna.se\/stockholm\/#\/schema\/person\/image\/\",\"url\":\"https:\/\/secure.gravatar.com\/avatar\/cdb9d339dbafa52c812526e3f75df35bab1725c8375eaa3e17b27f2a40e8b094?s=96&d=mm&r=g\",\"contentUrl\":\"https:\/\/secure.gravatar.com\/avatar\/cdb9d339dbafa52c812526e3f75df35bab1725c8375eaa3e17b27f2a40e8b094?s=96&d=mm&r=g\",\"caption\":\"Veronica Nordstr\u00f6m\"},\"url\":\"https:\/\/moderaterna.se\/stockholm\/author\/veronicanordstrom\/\"}]}<\/script>\n<!-- \/ Yoast SEO Premium plugin. -->","yoast_head_json":{"title":"Artikel: Moderaterna i Stockholm vill riva upp f\u00f6rbudet mot vapen | Moderaterna i Stockholms stad och l\u00e4n","robots":{"index":"index","follow":"follow","max-snippet":"max-snippet:-1","max-image-preview":"max-image-preview:large","max-video-preview":"max-video-preview:-1"},"canonical":"https:\/\/moderaterna.se\/stockholm\/nyhet\/artikel-moderaterna-i-stockholm-vill-riva-upp-forbudet-mot-vapen\/","og_locale":"sv_SE","og_type":"article","og_title":"Artikel: Moderaterna i Stockholm vill riva upp f\u00f6rbudet mot vapen","og_url":"https:\/\/moderaterna.se\/stockholm\/nyhet\/artikel-moderaterna-i-stockholm-vill-riva-upp-forbudet-mot-vapen\/","og_site_name":"Moderaterna i Stockholms stad och l\u00e4n","article_publisher":"https:\/\/www.facebook.com\/ModeraternaSthlm","article_published_time":"2025-02-27T10:06:39+00:00","article_modified_time":"2025-02-27T10:10:24+00:00","og_image":[{"width":1200,"height":628,"url":"https:\/\/moderaterna.se\/app\/uploads\/sites\/5\/2022\/01\/DELNINGSBILD_hemsida_fo\u0308rstasida.png","type":"image\/png"}],"author":"Veronica Nordstr\u00f6m","twitter_card":"summary_large_image","twitter_creator":"@ModeratSthlm","twitter_site":"@ModeratSthlm","twitter_misc":{"Skriven av":"Veronica Nordstr\u00f6m","Ber\u00e4knad l\u00e4stid":"1 minut"},"schema":{"@context":"https:\/\/schema.org","@graph":[{"@type":"Article","@id":"https:\/\/moderaterna.se\/stockholm\/nyhet\/artikel-moderaterna-i-stockholm-vill-riva-upp-forbudet-mot-vapen\/#article","isPartOf":{"@id":"https:\/\/moderaterna.se\/stockholm\/nyhet\/artikel-moderaterna-i-stockholm-vill-riva-upp-forbudet-mot-vapen\/"},"author":{"name":"Veronica Nordstr\u00f6m","@id":"https:\/\/moderaterna.se\/stockholm\/#\/schema\/person\/1790a6c815cef6251a1f13d3fd5254bd"},"headline":"Artikel: Moderaterna i Stockholm vill riva upp f\u00f6rbudet mot vapen","datePublished":"2025-02-27T10:06:39+00:00","dateModified":"2025-02-27T10:10:24+00:00","mainEntityOfPage":{"@id":"https:\/\/moderaterna.se\/stockholm\/nyhet\/artikel-moderaterna-i-stockholm-vill-riva-upp-forbudet-mot-vapen\/"},"wordCount":176,"publisher":{"@id":"https:\/\/moderaterna.se\/stockholm\/#organization"},"articleSection":["Nyhet"],"inLanguage":"sv-SE"},{"@type":"WebPage","@id":"https:\/\/moderaterna.se\/stockholm\/nyhet\/artikel-moderaterna-i-stockholm-vill-riva-upp-forbudet-mot-vapen\/","url":"https:\/\/moderaterna.se\/stockholm\/nyhet\/artikel-moderaterna-i-stockholm-vill-riva-upp-forbudet-mot-vapen\/","name":"Artikel: Moderaterna i Stockholm vill riva upp f\u00f6rbudet mot vapen | Moderaterna i Stockholms stad och l\u00e4n","isPartOf":{"@id":"https:\/\/moderaterna.se\/stockholm\/#website"},"datePublished":"2025-02-27T10:06:39+00:00","dateModified":"2025-02-27T10:10:24+00:00","breadcrumb":{"@id":"https:\/\/moderaterna.se\/stockholm\/nyhet\/artikel-moderaterna-i-stockholm-vill-riva-upp-forbudet-mot-vapen\/#breadcrumb"},"inLanguage":"sv-SE","potentialAction":[{"@type":"ReadAction","target":["https:\/\/moderaterna.se\/stockholm\/nyhet\/artikel-moderaterna-i-stockholm-vill-riva-upp-forbudet-mot-vapen\/"]}]},{"@type":"BreadcrumbList","@id":"https:\/\/moderaterna.se\/stockholm\/nyhet\/artikel-moderaterna-i-stockholm-vill-riva-upp-forbudet-mot-vapen\/#breadcrumb","itemListElement":[{"@type":"ListItem","position":1,"name":"Hem","item":"https:\/\/moderaterna.se\/stockholm\/"},{"@type":"ListItem","position":2,"name":"Artikel: Moderaterna i Stockholm vill riva upp f\u00f6rbudet mot vapen"}]},{"@type":"WebSite","@id":"https:\/\/moderaterna.se\/stockholm\/#website","url":"https:\/\/moderaterna.se\/stockholm\/","name":"Moderaterna i Stockholms stad och l\u00e4n","description":"Nu f\u00e5r vi ordning p\u00e5 Sverige","publisher":{"@id":"https:\/\/moderaterna.se\/stockholm\/#organization"},"potentialAction":[{"@type":"SearchAction","target":{"@type":"EntryPoint","urlTemplate":"https:\/\/moderaterna.se\/stockholm\/?s={search_term_string}"},"query-input":{"@type":"PropertyValueSpecification","valueRequired":true,"valueName":"search_term_string"}}],"inLanguage":"sv-SE"},{"@type":"Organization","@id":"https:\/\/moderaterna.se\/stockholm\/#organization","name":"Moderaterna","url":"https:\/\/moderaterna.se\/stockholm\/","logo":{"@type":"ImageObject","inLanguage":"sv-SE","@id":"https:\/\/moderaterna.se\/stockholm\/#\/schema\/logo\/image\/","url":"https:\/\/moderaterna.se\/app\/uploads\/2021\/10\/logo-general@2x.png","contentUrl":"https:\/\/moderaterna.se\/app\/uploads\/2021\/10\/logo-general@2x.png","width":122,"height":122,"caption":"Moderaterna"},"image":{"@id":"https:\/\/moderaterna.se\/stockholm\/#\/schema\/logo\/image\/"},"sameAs":["https:\/\/www.facebook.com\/ModeraternaSthlm","https:\/\/x.com\/ModeratSthlm","https:\/\/www.instagram.com\/moderatsthlm\/","https:\/\/www.youtube.com\/user\/ModeraternaSthlm"]},{"@type":"Person","@id":"https:\/\/moderaterna.se\/stockholm\/#\/schema\/person\/1790a6c815cef6251a1f13d3fd5254bd","name":"Veronica Nordstr\u00f6m","image":{"@type":"ImageObject","inLanguage":"sv-SE","@id":"https:\/\/moderaterna.se\/stockholm\/#\/schema\/person\/image\/","url":"https:\/\/secure.gravatar.com\/avatar\/cdb9d339dbafa52c812526e3f75df35bab1725c8375eaa3e17b27f2a40e8b094?s=96&d=mm&r=g","contentUrl":"https:\/\/secure.gravatar.com\/avatar\/cdb9d339dbafa52c812526e3f75df35bab1725c8375eaa3e17b27f2a40e8b094?s=96&d=mm&r=g","caption":"Veronica Nordstr\u00f6m"},"url":"https:\/\/moderaterna.se\/stockholm\/author\/veronicanordstrom\/"}]}},"publishpress_future_action":{"enabled":false,"date":"2026-05-04 05:20:55","action":"change-status","newStatus":"draft","terms":[],"taxonomy":"category"},"_links":{"self":[{"href":"https:\/\/moderaterna.se\/stockholm\/wp-json\/wp\/v2\/posts\/5852","targetHints":{"allow":["GET"]}}],"collection":[{"href":"https:\/\/moderaterna.se\/stockholm\/wp-json\/wp\/v2\/posts"}],"about":[{"href":"https:\/\/moderaterna.se\/stockholm\/wp-json\/wp\/v2\/types\/post"}],"author":[{"embeddable":true,"href":"https:\/\/moderaterna.se\/stockholm\/wp-json\/wp\/v2\/users\/55"}],"replies":[{"embeddable":true,"href":"https:\/\/moderaterna.se\/stockholm\/wp-json\/wp\/v2\/comments?post=5852"}],"version-history":[{"count":6,"href":"https:\/\/moderaterna.se\/stockholm\/wp-json\/wp\/v2\/posts\/5852\/revisions"}],"predecessor-version":[{"id":5859,"href":"https:\/\/moderaterna.se\/stockholm\/wp-json\/wp\/v2\/posts\/5852\/revisions\/5859"}],"wp:attachment":[{"href":"https:\/\/moderaterna.se\/stockholm\/wp-json\/wp\/v2\/media?parent=5852"}],"wp:term":[{"taxonomy":"category","embeddable":true,"href":"https:\/\/moderaterna.se\/stockholm\/wp-json\/wp\/v2\/categories?post=5852"},{"taxonomy":"post_tag","embeddable":true,"href":"https:\/\/moderaterna.se\/stockholm\/wp-json\/wp\/v2\/tags?post=5852"},{"taxonomy":"subject","embeddable":true,"href":"https:\/\/moderaterna.se\/stockholm\/wp-json\/wp\/v2\/subject?post=5852"}],"curies":[{"name":"wp","href":"https:\/\/api.w.org\/{rel}","templated":true}]}}