{"id":5777,"date":"2025-02-18T11:22:12","date_gmt":"2025-02-18T10:22:12","guid":{"rendered":"https:\/\/moderaterna.se\/stockholm\/?p=5777"},"modified":"2025-02-18T11:25:10","modified_gmt":"2025-02-18T10:25:10","slug":"pressmeddelande-m-kd-och-l-om-nytt-huvudjournalsystem","status":"publish","type":"post","link":"https:\/\/moderaterna.se\/stockholm\/nyhet\/pressmeddelande-m-kd-och-l-om-nytt-huvudjournalsystem\/","title":{"rendered":"Pressmeddelande: M, KD och L om nytt huvudjournalsystem"},"content":{"rendered":"\n<p><\/p>\n\n\n\n<h2 class=\"wp-block-heading\" id=\"h-pressmeddelande-m-kd-och-l-om-nytt-huvudjournalsystem\"><strong>Pressmeddelande: M, KD och L om nytt huvudjournalsystem<\/strong><\/h2>\n\n\n\n<p>Moderaterna, Kristdemokraterna och Liberalerna avstod idag fr\u00e5n att delta i beslut om nytt huvudjournalsystem i Region Stockholm. Detta eftersom processen kring \u00e4rendet har varit underm\u00e5lig samt att det saknades st\u00f6d f\u00f6r beslutet inom regionens styrande koalition.<\/p>\n\n\n\n<p>&#8211; V\u00e5rdens medarbetare beh\u00f6ver f\u00e5 tillg\u00e5ng till ett nytt och b\u00e4ttre anpassat huvudjournalsystem \u00e4n det nuvarande. V\u00e5ra partier anser dock att processen varit underm\u00e5lig och kantats av brister. N\u00e4r Socialdemokraterna inte klarar av att leda stora och sv\u00e5ra politiska processer med stor p\u00e5verkan p\u00e5 v\u00e5rden och stockholmarnas skattepengar st\u00e5r v\u00e5ra partier redo att ta \u00f6ver styret i Region Stockholm, s\u00e4ger oppositionsregionr\u00e5den Kristoffer Tamsons (M), Carl-Johan Schiller (KD) och Amelie Tarschys Ingre (L), i ett gemensamt uttalande.- V\u00e5ra partier har under hela processen betonat vikten av bred parlamentarisk enighet. N\u00e4r Socialdemokraterna inte ens lyckats ena regionens styrande koalition, d\u00e5 V\u00e4nsterpartiet aviserat att de inte kunde st\u00e4lla sig bakom beslutet, f\u00f6ll ett av v\u00e5ra grundkrav. Sammantaget inneb\u00e4r dessa fr\u00e5gor kring upphandlingen i allm\u00e4nhet och den politiska beredningen i synnerhet att Moderaterna, Kristdemokraterna och Liberalerna inte kan delta i tilldelningsbeslutet, s\u00e4ger oppositionsregionr\u00e5den Kristoffer Tamsons (M), Carl-Johan Schiller (KD) och Amelie Tarschys Ingre (L), i ett gemensamt uttalande.<br><br><strong>Fakta:&nbsp;<br><\/strong>I bifogad skrivelse till detta pressmeddelande anges de brister vi pekar p\u00e5 punktform.<\/p>\n\n\n<div class=\"wp-block-image\">\n<figure class=\"aligncenter size-large is-resized\"><img loading=\"lazy\" decoding=\"async\" width=\"1024\" height=\"576\" src=\"https:\/\/moderaterna.se\/app\/uploads\/sites\/5\/2025\/02\/Namnlos-design-31-1024x576.png\" alt=\"\" class=\"wp-image-5691\" style=\"width:873px;height:auto\" srcset=\"https:\/\/moderaterna.se\/app\/uploads\/sites\/5\/2025\/02\/Namnlos-design-31-1024x576.png 1024w, https:\/\/moderaterna.se\/app\/uploads\/sites\/5\/2025\/02\/Namnlos-design-31-300x169.png 300w, https:\/\/moderaterna.se\/app\/uploads\/sites\/5\/2025\/02\/Namnlos-design-31-768x432.png 768w, https:\/\/moderaterna.se\/app\/uploads\/sites\/5\/2025\/02\/Namnlos-design-31-1536x864.png 1536w, https:\/\/moderaterna.se\/app\/uploads\/sites\/5\/2025\/02\/Namnlos-design-31.png 1782w\" sizes=\"auto, (max-width: 1024px) 100vw, 1024px\" \/><\/figure>\n<\/div>\n\n\n<div class=\"wp-block-buttons is-layout-flex wp-block-buttons-is-layout-flex\">\n<div class=\"wp-block-button\"><a class=\"wp-block-button__link wp-element-button\" href=\"https:\/\/moderaterna.se\/app\/uploads\/sites\/5\/2025\/02\/Sarskilt-uttalande-MKDL-1.pdf\">S\u00e4rskilt uttalande, M, KD, L<\/a><\/div>\n<\/div>\n","protected":false},"excerpt":{"rendered":"<p>Pressmeddelande: M, KD och L om nytt huvudjournalsystem Moderaterna, Kristdemokraterna och Liberalerna avstod idag fr\u00e5n att delta i beslut om nytt huvudjournalsystem i Region Stockholm. Detta eftersom processen kring \u00e4rendet har varit underm\u00e5lig samt att det saknades st\u00f6d f\u00f6r beslutet inom regionens styrande koalition. &#8211; V\u00e5rdens medarbetare beh\u00f6ver f\u00e5 tillg\u00e5ng till ett nytt och b\u00e4ttre [&hellip;]<\/p>\n","protected":false},"author":55,"featured_media":0,"comment_status":"closed","ping_status":"closed","sticky":false,"template":"","format":"standard","meta":{"_acf_changed":false,"_relevanssi_hide_post":"","_relevanssi_hide_content":"","_relevanssi_pin_for_all":"","_relevanssi_pin_keywords":"","_relevanssi_unpin_keywords":"","_relevanssi_related_keywords":"","_relevanssi_related_include_ids":"","_relevanssi_related_exclude_ids":"","_relevanssi_related_no_append":"","_relevanssi_related_not_related":"","_relevanssi_related_posts":"955,4633,4697,4309,5497,5638","_relevanssi_noindex_reason":"","footnotes":""},"categories":[1],"tags":[],"subject":[],"class_list":["post-5777","post","type-post","status-publish","format-standard","hentry","category-nyhet"],"acf":[],"yoast_head":"<!-- This site is optimized with the Yoast SEO Premium plugin v27.1 (Yoast SEO v27.1.1) - https:\/\/yoast.com\/product\/yoast-seo-premium-wordpress\/ -->\n<title>Pressmeddelande: M, KD och L om nytt huvudjournalsystem | Moderaterna i Stockholms stad och l\u00e4n<\/title>\n<meta name=\"robots\" content=\"index, follow, max-snippet:-1, max-image-preview:large, max-video-preview:-1\" \/>\n<link rel=\"canonical\" href=\"https:\/\/moderaterna.se\/stockholm\/nyhet\/pressmeddelande-m-kd-och-l-om-nytt-huvudjournalsystem\/\" \/>\n<meta property=\"og:locale\" content=\"sv_SE\" \/>\n<meta property=\"og:type\" content=\"article\" \/>\n<meta property=\"og:title\" content=\"Pressmeddelande: M, KD och L om nytt huvudjournalsystem\" \/>\n<meta property=\"og:url\" content=\"https:\/\/moderaterna.se\/stockholm\/nyhet\/pressmeddelande-m-kd-och-l-om-nytt-huvudjournalsystem\/\" \/>\n<meta property=\"og:site_name\" content=\"Moderaterna i Stockholms stad och l\u00e4n\" \/>\n<meta property=\"article:publisher\" content=\"https:\/\/www.facebook.com\/ModeraternaSthlm\" \/>\n<meta property=\"article:published_time\" content=\"2025-02-18T10:22:12+00:00\" \/>\n<meta property=\"article:modified_time\" content=\"2025-02-18T10:25:10+00:00\" \/>\n<meta property=\"og:image\" content=\"https:\/\/moderaterna.se\/app\/uploads\/sites\/5\/2022\/01\/DELNINGSBILD_hemsida_fo\u0308rstasida.png\" \/>\n\t<meta property=\"og:image:width\" content=\"1200\" \/>\n\t<meta property=\"og:image:height\" content=\"628\" \/>\n\t<meta property=\"og:image:type\" content=\"image\/png\" \/>\n<meta name=\"author\" content=\"Veronica Nordstr\u00f6m\" \/>\n<meta name=\"twitter:card\" content=\"summary_large_image\" \/>\n<meta name=\"twitter:creator\" content=\"@ModeratSthlm\" \/>\n<meta name=\"twitter:site\" content=\"@ModeratSthlm\" \/>\n<meta name=\"twitter:label1\" content=\"Skriven av\" \/>\n\t<meta name=\"twitter:data1\" content=\"Veronica Nordstr\u00f6m\" \/>\n\t<meta name=\"twitter:label2\" content=\"Ber\u00e4knad l\u00e4stid\" \/>\n\t<meta name=\"twitter:data2\" content=\"2 minuter\" \/>\n<script type=\"application\/ld+json\" class=\"yoast-schema-graph\">{\"@context\":\"https:\/\/schema.org\",\"@graph\":[{\"@type\":\"Article\",\"@id\":\"https:\/\/moderaterna.se\/stockholm\/nyhet\/pressmeddelande-m-kd-och-l-om-nytt-huvudjournalsystem\/#article\",\"isPartOf\":{\"@id\":\"https:\/\/moderaterna.se\/stockholm\/nyhet\/pressmeddelande-m-kd-och-l-om-nytt-huvudjournalsystem\/\"},\"author\":{\"name\":\"Veronica Nordstr\u00f6m\",\"@id\":\"https:\/\/moderaterna.se\/stockholm\/#\/schema\/person\/1790a6c815cef6251a1f13d3fd5254bd\"},\"headline\":\"Pressmeddelande: M, KD och L om nytt huvudjournalsystem\",\"datePublished\":\"2025-02-18T10:22:12+00:00\",\"dateModified\":\"2025-02-18T10:25:10+00:00\",\"mainEntityOfPage\":{\"@id\":\"https:\/\/moderaterna.se\/stockholm\/nyhet\/pressmeddelande-m-kd-och-l-om-nytt-huvudjournalsystem\/\"},\"wordCount\":257,\"publisher\":{\"@id\":\"https:\/\/moderaterna.se\/stockholm\/#organization\"},\"articleSection\":[\"Nyhet\"],\"inLanguage\":\"sv-SE\"},{\"@type\":\"WebPage\",\"@id\":\"https:\/\/moderaterna.se\/stockholm\/nyhet\/pressmeddelande-m-kd-och-l-om-nytt-huvudjournalsystem\/\",\"url\":\"https:\/\/moderaterna.se\/stockholm\/nyhet\/pressmeddelande-m-kd-och-l-om-nytt-huvudjournalsystem\/\",\"name\":\"Pressmeddelande: M, KD och L om nytt huvudjournalsystem | Moderaterna i Stockholms stad och l\u00e4n\",\"isPartOf\":{\"@id\":\"https:\/\/moderaterna.se\/stockholm\/#website\"},\"datePublished\":\"2025-02-18T10:22:12+00:00\",\"dateModified\":\"2025-02-18T10:25:10+00:00\",\"breadcrumb\":{\"@id\":\"https:\/\/moderaterna.se\/stockholm\/nyhet\/pressmeddelande-m-kd-och-l-om-nytt-huvudjournalsystem\/#breadcrumb\"},\"inLanguage\":\"sv-SE\",\"potentialAction\":[{\"@type\":\"ReadAction\",\"target\":[\"https:\/\/moderaterna.se\/stockholm\/nyhet\/pressmeddelande-m-kd-och-l-om-nytt-huvudjournalsystem\/\"]}]},{\"@type\":\"BreadcrumbList\",\"@id\":\"https:\/\/moderaterna.se\/stockholm\/nyhet\/pressmeddelande-m-kd-och-l-om-nytt-huvudjournalsystem\/#breadcrumb\",\"itemListElement\":[{\"@type\":\"ListItem\",\"position\":1,\"name\":\"Hem\",\"item\":\"https:\/\/moderaterna.se\/stockholm\/\"},{\"@type\":\"ListItem\",\"position\":2,\"name\":\"Pressmeddelande: M, KD och L om nytt huvudjournalsystem\"}]},{\"@type\":\"WebSite\",\"@id\":\"https:\/\/moderaterna.se\/stockholm\/#website\",\"url\":\"https:\/\/moderaterna.se\/stockholm\/\",\"name\":\"Moderaterna i Stockholms stad och l\u00e4n\",\"description\":\"Nu f\u00e5r vi ordning p\u00e5 Sverige\",\"publisher\":{\"@id\":\"https:\/\/moderaterna.se\/stockholm\/#organization\"},\"potentialAction\":[{\"@type\":\"SearchAction\",\"target\":{\"@type\":\"EntryPoint\",\"urlTemplate\":\"https:\/\/moderaterna.se\/stockholm\/?s={search_term_string}\"},\"query-input\":{\"@type\":\"PropertyValueSpecification\",\"valueRequired\":true,\"valueName\":\"search_term_string\"}}],\"inLanguage\":\"sv-SE\"},{\"@type\":\"Organization\",\"@id\":\"https:\/\/moderaterna.se\/stockholm\/#organization\",\"name\":\"Moderaterna\",\"url\":\"https:\/\/moderaterna.se\/stockholm\/\",\"logo\":{\"@type\":\"ImageObject\",\"inLanguage\":\"sv-SE\",\"@id\":\"https:\/\/moderaterna.se\/stockholm\/#\/schema\/logo\/image\/\",\"url\":\"https:\/\/moderaterna.se\/app\/uploads\/2021\/10\/logo-general@2x.png\",\"contentUrl\":\"https:\/\/moderaterna.se\/app\/uploads\/2021\/10\/logo-general@2x.png\",\"width\":122,\"height\":122,\"caption\":\"Moderaterna\"},\"image\":{\"@id\":\"https:\/\/moderaterna.se\/stockholm\/#\/schema\/logo\/image\/\"},\"sameAs\":[\"https:\/\/www.facebook.com\/ModeraternaSthlm\",\"https:\/\/x.com\/ModeratSthlm\",\"https:\/\/www.instagram.com\/moderatsthlm\/\",\"https:\/\/www.youtube.com\/user\/ModeraternaSthlm\"]},{\"@type\":\"Person\",\"@id\":\"https:\/\/moderaterna.se\/stockholm\/#\/schema\/person\/1790a6c815cef6251a1f13d3fd5254bd\",\"name\":\"Veronica Nordstr\u00f6m\",\"image\":{\"@type\":\"ImageObject\",\"inLanguage\":\"sv-SE\",\"@id\":\"https:\/\/moderaterna.se\/stockholm\/#\/schema\/person\/image\/\",\"url\":\"https:\/\/secure.gravatar.com\/avatar\/cdb9d339dbafa52c812526e3f75df35bab1725c8375eaa3e17b27f2a40e8b094?s=96&d=mm&r=g\",\"contentUrl\":\"https:\/\/secure.gravatar.com\/avatar\/cdb9d339dbafa52c812526e3f75df35bab1725c8375eaa3e17b27f2a40e8b094?s=96&d=mm&r=g\",\"caption\":\"Veronica Nordstr\u00f6m\"},\"url\":\"https:\/\/moderaterna.se\/stockholm\/author\/veronicanordstrom\/\"}]}<\/script>\n<!-- \/ Yoast SEO Premium plugin. -->","yoast_head_json":{"title":"Pressmeddelande: M, KD och L om nytt huvudjournalsystem | Moderaterna i Stockholms stad och l\u00e4n","robots":{"index":"index","follow":"follow","max-snippet":"max-snippet:-1","max-image-preview":"max-image-preview:large","max-video-preview":"max-video-preview:-1"},"canonical":"https:\/\/moderaterna.se\/stockholm\/nyhet\/pressmeddelande-m-kd-och-l-om-nytt-huvudjournalsystem\/","og_locale":"sv_SE","og_type":"article","og_title":"Pressmeddelande: M, KD och L om nytt huvudjournalsystem","og_url":"https:\/\/moderaterna.se\/stockholm\/nyhet\/pressmeddelande-m-kd-och-l-om-nytt-huvudjournalsystem\/","og_site_name":"Moderaterna i Stockholms stad och l\u00e4n","article_publisher":"https:\/\/www.facebook.com\/ModeraternaSthlm","article_published_time":"2025-02-18T10:22:12+00:00","article_modified_time":"2025-02-18T10:25:10+00:00","og_image":[{"width":1200,"height":628,"url":"https:\/\/moderaterna.se\/app\/uploads\/sites\/5\/2022\/01\/DELNINGSBILD_hemsida_fo\u0308rstasida.png","type":"image\/png"}],"author":"Veronica Nordstr\u00f6m","twitter_card":"summary_large_image","twitter_creator":"@ModeratSthlm","twitter_site":"@ModeratSthlm","twitter_misc":{"Skriven av":"Veronica Nordstr\u00f6m","Ber\u00e4knad l\u00e4stid":"2 minuter"},"schema":{"@context":"https:\/\/schema.org","@graph":[{"@type":"Article","@id":"https:\/\/moderaterna.se\/stockholm\/nyhet\/pressmeddelande-m-kd-och-l-om-nytt-huvudjournalsystem\/#article","isPartOf":{"@id":"https:\/\/moderaterna.se\/stockholm\/nyhet\/pressmeddelande-m-kd-och-l-om-nytt-huvudjournalsystem\/"},"author":{"name":"Veronica Nordstr\u00f6m","@id":"https:\/\/moderaterna.se\/stockholm\/#\/schema\/person\/1790a6c815cef6251a1f13d3fd5254bd"},"headline":"Pressmeddelande: M, KD och L om nytt huvudjournalsystem","datePublished":"2025-02-18T10:22:12+00:00","dateModified":"2025-02-18T10:25:10+00:00","mainEntityOfPage":{"@id":"https:\/\/moderaterna.se\/stockholm\/nyhet\/pressmeddelande-m-kd-och-l-om-nytt-huvudjournalsystem\/"},"wordCount":257,"publisher":{"@id":"https:\/\/moderaterna.se\/stockholm\/#organization"},"articleSection":["Nyhet"],"inLanguage":"sv-SE"},{"@type":"WebPage","@id":"https:\/\/moderaterna.se\/stockholm\/nyhet\/pressmeddelande-m-kd-och-l-om-nytt-huvudjournalsystem\/","url":"https:\/\/moderaterna.se\/stockholm\/nyhet\/pressmeddelande-m-kd-och-l-om-nytt-huvudjournalsystem\/","name":"Pressmeddelande: M, KD och L om nytt huvudjournalsystem | Moderaterna i Stockholms stad och l\u00e4n","isPartOf":{"@id":"https:\/\/moderaterna.se\/stockholm\/#website"},"datePublished":"2025-02-18T10:22:12+00:00","dateModified":"2025-02-18T10:25:10+00:00","breadcrumb":{"@id":"https:\/\/moderaterna.se\/stockholm\/nyhet\/pressmeddelande-m-kd-och-l-om-nytt-huvudjournalsystem\/#breadcrumb"},"inLanguage":"sv-SE","potentialAction":[{"@type":"ReadAction","target":["https:\/\/moderaterna.se\/stockholm\/nyhet\/pressmeddelande-m-kd-och-l-om-nytt-huvudjournalsystem\/"]}]},{"@type":"BreadcrumbList","@id":"https:\/\/moderaterna.se\/stockholm\/nyhet\/pressmeddelande-m-kd-och-l-om-nytt-huvudjournalsystem\/#breadcrumb","itemListElement":[{"@type":"ListItem","position":1,"name":"Hem","item":"https:\/\/moderaterna.se\/stockholm\/"},{"@type":"ListItem","position":2,"name":"Pressmeddelande: M, KD och L om nytt huvudjournalsystem"}]},{"@type":"WebSite","@id":"https:\/\/moderaterna.se\/stockholm\/#website","url":"https:\/\/moderaterna.se\/stockholm\/","name":"Moderaterna i Stockholms stad och l\u00e4n","description":"Nu f\u00e5r vi ordning p\u00e5 Sverige","publisher":{"@id":"https:\/\/moderaterna.se\/stockholm\/#organization"},"potentialAction":[{"@type":"SearchAction","target":{"@type":"EntryPoint","urlTemplate":"https:\/\/moderaterna.se\/stockholm\/?s={search_term_string}"},"query-input":{"@type":"PropertyValueSpecification","valueRequired":true,"valueName":"search_term_string"}}],"inLanguage":"sv-SE"},{"@type":"Organization","@id":"https:\/\/moderaterna.se\/stockholm\/#organization","name":"Moderaterna","url":"https:\/\/moderaterna.se\/stockholm\/","logo":{"@type":"ImageObject","inLanguage":"sv-SE","@id":"https:\/\/moderaterna.se\/stockholm\/#\/schema\/logo\/image\/","url":"https:\/\/moderaterna.se\/app\/uploads\/2021\/10\/logo-general@2x.png","contentUrl":"https:\/\/moderaterna.se\/app\/uploads\/2021\/10\/logo-general@2x.png","width":122,"height":122,"caption":"Moderaterna"},"image":{"@id":"https:\/\/moderaterna.se\/stockholm\/#\/schema\/logo\/image\/"},"sameAs":["https:\/\/www.facebook.com\/ModeraternaSthlm","https:\/\/x.com\/ModeratSthlm","https:\/\/www.instagram.com\/moderatsthlm\/","https:\/\/www.youtube.com\/user\/ModeraternaSthlm"]},{"@type":"Person","@id":"https:\/\/moderaterna.se\/stockholm\/#\/schema\/person\/1790a6c815cef6251a1f13d3fd5254bd","name":"Veronica Nordstr\u00f6m","image":{"@type":"ImageObject","inLanguage":"sv-SE","@id":"https:\/\/moderaterna.se\/stockholm\/#\/schema\/person\/image\/","url":"https:\/\/secure.gravatar.com\/avatar\/cdb9d339dbafa52c812526e3f75df35bab1725c8375eaa3e17b27f2a40e8b094?s=96&d=mm&r=g","contentUrl":"https:\/\/secure.gravatar.com\/avatar\/cdb9d339dbafa52c812526e3f75df35bab1725c8375eaa3e17b27f2a40e8b094?s=96&d=mm&r=g","caption":"Veronica Nordstr\u00f6m"},"url":"https:\/\/moderaterna.se\/stockholm\/author\/veronicanordstrom\/"}]}},"publishpress_future_action":{"enabled":false,"date":"2026-05-04 06:48:06","action":"change-status","newStatus":"draft","terms":[],"taxonomy":"category"},"_links":{"self":[{"href":"https:\/\/moderaterna.se\/stockholm\/wp-json\/wp\/v2\/posts\/5777","targetHints":{"allow":["GET"]}}],"collection":[{"href":"https:\/\/moderaterna.se\/stockholm\/wp-json\/wp\/v2\/posts"}],"about":[{"href":"https:\/\/moderaterna.se\/stockholm\/wp-json\/wp\/v2\/types\/post"}],"author":[{"embeddable":true,"href":"https:\/\/moderaterna.se\/stockholm\/wp-json\/wp\/v2\/users\/55"}],"replies":[{"embeddable":true,"href":"https:\/\/moderaterna.se\/stockholm\/wp-json\/wp\/v2\/comments?post=5777"}],"version-history":[{"count":6,"href":"https:\/\/moderaterna.se\/stockholm\/wp-json\/wp\/v2\/posts\/5777\/revisions"}],"predecessor-version":[{"id":5785,"href":"https:\/\/moderaterna.se\/stockholm\/wp-json\/wp\/v2\/posts\/5777\/revisions\/5785"}],"wp:attachment":[{"href":"https:\/\/moderaterna.se\/stockholm\/wp-json\/wp\/v2\/media?parent=5777"}],"wp:term":[{"taxonomy":"category","embeddable":true,"href":"https:\/\/moderaterna.se\/stockholm\/wp-json\/wp\/v2\/categories?post=5777"},{"taxonomy":"post_tag","embeddable":true,"href":"https:\/\/moderaterna.se\/stockholm\/wp-json\/wp\/v2\/tags?post=5777"},{"taxonomy":"subject","embeddable":true,"href":"https:\/\/moderaterna.se\/stockholm\/wp-json\/wp\/v2\/subject?post=5777"}],"curies":[{"name":"wp","href":"https:\/\/api.w.org\/{rel}","templated":true}]}}