{"id":5338,"date":"2024-11-22T09:48:00","date_gmt":"2024-11-22T08:48:00","guid":{"rendered":"https:\/\/moderaterna.se\/stockholm\/?p=5338"},"modified":"2024-11-22T11:02:28","modified_gmt":"2024-11-22T10:02:28","slug":"replik-vanstern-ingen-serios-opposition","status":"publish","type":"post","link":"https:\/\/moderaterna.se\/stockholm\/nyhet\/replik-vanstern-ingen-serios-opposition\/","title":{"rendered":"Replik: V\u00e4nstern ingen seri\u00f6s opposition"},"content":{"rendered":"\n<p><\/p>\n\n\n\n<p><strong>Replik: V\u00e4nstern ingen seri\u00f6s opposition<\/strong><br>V\u00e4nsterpartiet har st\u00f6ttat Socialdemokraternas samtliga skatteh\u00f6jningar, nedsk\u00e4rningar och nedlagda v\u00e5rd. Att de kallar sig sj\u00e4lva oppositionsparti \u00e4r aningen magstarkt. Det skriver Kristoffer Tamsons (M), oppositionsregionr\u00e5d.<\/p>\n\n\n\n<p>Det Socialdemokraterna lydiga V\u00e4nsterpartiet rider ut till strid mot den riktiga oppositionen i <br>Region Stockholm <a href=\"https:\/\/www.di.se\/debatt\/stockholm-fortjanar-en-serios-hogeropposition\/\">(Di 20\/11)<\/a>. Stockholm f\u00f6rtj\u00e4nar en seri\u00f6s opposition b\u00f6nar de. Jag kan inte annat \u00e4n att h\u00e5lla med.<br><br>Socialdemokraterna, Centerpartiet&nbsp;och Milj\u00f6partiet har h\u00f6jt skatterna f\u00f6r en genomsnittlig familj i Stockholm med \u00f6ver 7 000 kronor per \u00e5r. I deras Stockholm tvingas barnfamiljerna prioritera vid k\u00f6ksbordet f\u00f6r att politikerna inte g\u00f6r det i sammantr\u00e4desrummen. Den skadliga skattepolitiken har h\u00e4r inte bara lanserats med V\u00e4nsterpartiets goda minne utan ocks\u00e5 deras fulla st\u00f6d.&nbsp;<\/p>\n\n\n\n<p>Hade V\u00e4nsterpartiet haft fri dragningsr\u00e4tt i skattepolitiken hade livet dock varit etter v\u00e4rre f\u00f6r familjerna i Stockholm. Vid varje givet tillf\u00e4lle Socialdemokraterna har h\u00f6jt skatten har v\u00e4nstern velat h\u00f6ja den mer, totalt hutl\u00f6sa 13 300 kronor varje \u00e5r i skatteh\u00f6jningar.<\/p>\n\n\n\n<p>D\u00e5 har vi inte ens r\u00e4knat&nbsp;med skr\u00e4ckscenariot d\u00e4r deras partiledare Nooshi Dadgostar f\u00e5r inflytande \u00f6ver den nationella skattepolitiken med ytterligare totalt 60 miljarder i skatteh\u00f6jningar. Det \u00e4r en politik, p\u00e5 tal om Astrid Lindgren, mer hemmah\u00f6rande i ett land vi kan kalla Monismanien. D\u00e4r det alltid tycks finnas hur m\u00e5nga procent som helst. S\u00e5 l\u00e4nge det handlar om att brandskatta h\u00e5rt arbetande stockholmare vill s\u00e4ga.<\/p>\n\n\n\n<p>\u00c5ter till Stockholm:&nbsp;Socialdemokraterna, Centerpartiet och Milj\u00f6partiet har h\u00e4r inte bara chockh\u00f6jt skatterna. De har ocks\u00e5 lanserat de st\u00f6rsta nedsk\u00e4rningarna i kollektivtrafiken i v\u00e5r moderna historia. Ett nittiotal busslinjer har skurits ned p\u00e5 kraftigt och ett nittiotal busslinjer har helt lagts ned. \u00c4ven detta med fullt st\u00f6d av V\u00e4nsterpartiet.<\/p>\n\n\n\n<p>Socialdemokraterna, Centerpartiet och Milj\u00f6partiet hotar omkring 200 v\u00e5rdmottagningar med nedl\u00e4ggning och 1 000 v\u00e5rdanst\u00e4llda riskerar mista jobbet. Inte d\u00e4rf\u00f6r att v\u00e5rden har bedrivits d\u00e5ligt, utan d\u00e4rf\u00f6r att v\u00e5rden som bedrivs av andra akt\u00f6rer \u00e4n regionen sj\u00e4lv. Detta inte bara underst\u00f6tt av V\u00e4nsterpartiet utan som ett diktat fr\u00e5n partiet. &nbsp;<\/p>\n\n\n\n<p>V\u00e4nsterpartiet har st\u00f6ttat&nbsp;de styrande Socialdemokraternas skatteh\u00f6jningar, nedsk\u00e4rningar och nedlagda v\u00e5rd. De \u00e4r en del av problemet. Att de i ljuset av detta kallar sig sj\u00e4lva f\u00f6r oppositionsparti \u00e4r aningen magstarkt. En seri\u00f6s och riktig opposition hade motsatt sig allt detta. Det g\u00f6r Moderaterna. Vi har en helt annan id\u00e9 om vad Region Stockholm ska vara och vad stockholmarna f\u00f6rtj\u00e4nar.<\/p>\n\n\n\n<p>Moderaterna vill s\u00e4nka skatten och f\u00e5 fart p\u00e5 tillv\u00e4xten igen. Vi vill m\u00f6ta upp regeringens tillv\u00e4xtoffensiv och f\u00f6resl\u00e5r tillsammans med v\u00e5ra partiv\u00e4nner i Stockholms stad s\u00e4nkt skatt med totalt 10 000 kronor. Detta just f\u00f6r den barnfamilj som av v\u00e4nstern tvingats prioritera vid k\u00f6ksbordet.<\/p>\n\n\n\n<p>Det st\u00e4mmer att Moderaterna&nbsp;t\u00e4nker r\u00e4dda resandet igen. Efter tv\u00e5 \u00e5r av v\u00e4nsterns historiska nedsk\u00e4rningar beh\u00f6ver n\u00e4mligen kollektivtrafiken r\u00e4ddning. \u00c4r det n\u00e5got vi tar med oss av att ha styrt Region Stockholm i 16 \u00e5r \u00e4r det att kollektivtrafiken m\u00e5ste utvecklas och inte som i dag avvecklas.<\/p>\n\n\n\n<p>Det st\u00e4mmer ocks\u00e5 att vi vill f\u00e5 v\u00e5rden att fungera b\u00e4ttre mot vad den g\u00f6r i dag. Att regionens resurser kan hanteras b\u00e4ttre och satsas p\u00e5 patienter och v\u00e5rdens medarbetare framf\u00f6r byr\u00e5krati. Exempelvis s\u00e4ger vi nej till att som Socialdemokraterna g\u00f6r ut\u00f6ka administrationskostnaderna med drygt 400 miljoner n\u00e4sta \u00e5r.<\/p>\n\n\n\n<p>Vi effektiviserar samtidigt ink\u00f6p&nbsp;och upphandlingar med en procent. Detta kr\u00e4ver inga trollslag. Det kr\u00e4ver politiskt ledarskap och att vi g\u00f6r som redan g\u00f6rs i m\u00e5nga f\u00f6retag och myndigheter. Till saken h\u00f6r dessutom att v\u00e4nstern f\u00f6rordar fyra g\u00e5nger s\u00e5 stora effektiviseringar bara i kollektivtrafiken p\u00e5 860 miljoner kronor p\u00e5 bara tv\u00e5 \u00e5r. \u00c4r det ocks\u00e5 rena fantasier?<\/p>\n\n\n\n<p>Att debattera med V\u00e4nsterpartiet&nbsp;i Region Stockholm \u00e4r att leka Finn-fem-fel med vinst varje g\u00e5ng. Det f\u00f6r inte bara tankarna till Monismanien utan ocks\u00e5 till Orwells Oceanien. D\u00e4r majoritet \u00e4r opposition, nedsk\u00e4rningar \u00e4r satsningar och okunnighet \u00e4r styrka.<\/p>\n\n\n\n<p>Om n\u00e5got f\u00f6rtj\u00e4nar stockholmarna b\u00e4ttre \u00e4n V\u00e4nsterpartiet. B\u00e4ttre \u00e4n deras dimrid\u00e5er om oppositionsroller och b\u00e4ttre \u00e4n den politik de har tvingat p\u00e5 stockholmarna. Stockholm f\u00f6rtj\u00e4nar att V\u00e4nsterpartiet hamnar i opposition p\u00e5 riktigt.<\/p>\n\n\n\n<p><strong>&nbsp;Kristoffer Tamsons<\/strong>&nbsp;(M), oppositionsregionr\u00e5d i Region Stockholm<\/p>\n\n\n\n<p><\/p>\n\n\n\n<p><\/p>\n\n\n\n<div class=\"wp-block-buttons is-layout-flex wp-block-buttons-is-layout-flex\">\n<div class=\"wp-block-button\"><a class=\"wp-block-button__link wp-element-button\" href=\"https:\/\/www.di.se\/debatt\/replik-vanstern-ingen-serios-opposition\/\">L\u00e4s DI-artikel h\u00e4r!<\/a><\/div>\n<\/div>\n","protected":false},"excerpt":{"rendered":"<p>Replik: V\u00e4nstern ingen seri\u00f6s oppositionV\u00e4nsterpartiet har st\u00f6ttat Socialdemokraternas samtliga skatteh\u00f6jningar, nedsk\u00e4rningar och nedlagda v\u00e5rd. Att de kallar sig sj\u00e4lva oppositionsparti \u00e4r aningen magstarkt. Det skriver Kristoffer Tamsons (M), oppositionsregionr\u00e5d. Det Socialdemokraterna lydiga V\u00e4nsterpartiet rider ut till strid mot den riktiga oppositionen i Region Stockholm (Di 20\/11). Stockholm f\u00f6rtj\u00e4nar en seri\u00f6s opposition b\u00f6nar de. Jag kan [&hellip;]<\/p>\n","protected":false},"author":55,"featured_media":0,"comment_status":"closed","ping_status":"closed","sticky":false,"template":"","format":"standard","meta":{"_acf_changed":false,"_relevanssi_hide_post":"","_relevanssi_hide_content":"","_relevanssi_pin_for_all":"","_relevanssi_pin_keywords":"","_relevanssi_unpin_keywords":"","_relevanssi_related_keywords":"","_relevanssi_related_include_ids":"","_relevanssi_related_exclude_ids":"","_relevanssi_related_no_append":"","_relevanssi_related_not_related":"","_relevanssi_related_posts":"4558,3552,4616,979,4650,4962","_relevanssi_noindex_reason":"","footnotes":""},"categories":[1],"tags":[],"subject":[],"class_list":["post-5338","post","type-post","status-publish","format-standard","hentry","category-nyhet"],"acf":[],"yoast_head":"<!-- This site is optimized with the Yoast SEO Premium plugin v27.1 (Yoast SEO v27.1.1) - https:\/\/yoast.com\/product\/yoast-seo-premium-wordpress\/ -->\n<title>Replik: V\u00e4nstern ingen seri\u00f6s opposition | Moderaterna i Stockholms stad och l\u00e4n<\/title>\n<meta name=\"robots\" content=\"index, follow, max-snippet:-1, max-image-preview:large, max-video-preview:-1\" \/>\n<link rel=\"canonical\" href=\"https:\/\/moderaterna.se\/stockholm\/nyhet\/replik-vanstern-ingen-serios-opposition\/\" \/>\n<meta property=\"og:locale\" content=\"sv_SE\" \/>\n<meta property=\"og:type\" content=\"article\" \/>\n<meta property=\"og:title\" content=\"Replik: V\u00e4nstern ingen seri\u00f6s opposition\" \/>\n<meta property=\"og:url\" content=\"https:\/\/moderaterna.se\/stockholm\/nyhet\/replik-vanstern-ingen-serios-opposition\/\" \/>\n<meta property=\"og:site_name\" content=\"Moderaterna i Stockholms stad och l\u00e4n\" \/>\n<meta property=\"article:publisher\" content=\"https:\/\/www.facebook.com\/ModeraternaSthlm\" \/>\n<meta property=\"article:published_time\" content=\"2024-11-22T08:48:00+00:00\" \/>\n<meta property=\"article:modified_time\" content=\"2024-11-22T10:02:28+00:00\" \/>\n<meta property=\"og:image\" content=\"https:\/\/moderaterna.se\/app\/uploads\/sites\/5\/2022\/01\/DELNINGSBILD_hemsida_fo\u0308rstasida.png\" \/>\n\t<meta property=\"og:image:width\" content=\"1200\" \/>\n\t<meta property=\"og:image:height\" content=\"628\" \/>\n\t<meta property=\"og:image:type\" content=\"image\/png\" \/>\n<meta name=\"author\" content=\"Veronica Nordstr\u00f6m\" \/>\n<meta name=\"twitter:card\" content=\"summary_large_image\" \/>\n<meta name=\"twitter:creator\" content=\"@ModeratSthlm\" \/>\n<meta name=\"twitter:site\" content=\"@ModeratSthlm\" \/>\n<meta name=\"twitter:label1\" content=\"Skriven av\" \/>\n\t<meta name=\"twitter:data1\" content=\"Veronica Nordstr\u00f6m\" \/>\n\t<meta name=\"twitter:label2\" content=\"Ber\u00e4knad l\u00e4stid\" \/>\n\t<meta name=\"twitter:data2\" content=\"4 minuter\" \/>\n<script type=\"application\/ld+json\" class=\"yoast-schema-graph\">{\"@context\":\"https:\/\/schema.org\",\"@graph\":[{\"@type\":\"Article\",\"@id\":\"https:\/\/moderaterna.se\/stockholm\/nyhet\/replik-vanstern-ingen-serios-opposition\/#article\",\"isPartOf\":{\"@id\":\"https:\/\/moderaterna.se\/stockholm\/nyhet\/replik-vanstern-ingen-serios-opposition\/\"},\"author\":{\"name\":\"Veronica Nordstr\u00f6m\",\"@id\":\"https:\/\/moderaterna.se\/stockholm\/#\/schema\/person\/1790a6c815cef6251a1f13d3fd5254bd\"},\"headline\":\"Replik: V\u00e4nstern ingen seri\u00f6s opposition\",\"datePublished\":\"2024-11-22T08:48:00+00:00\",\"dateModified\":\"2024-11-22T10:02:28+00:00\",\"mainEntityOfPage\":{\"@id\":\"https:\/\/moderaterna.se\/stockholm\/nyhet\/replik-vanstern-ingen-serios-opposition\/\"},\"wordCount\":805,\"publisher\":{\"@id\":\"https:\/\/moderaterna.se\/stockholm\/#organization\"},\"articleSection\":[\"Nyhet\"],\"inLanguage\":\"sv-SE\"},{\"@type\":\"WebPage\",\"@id\":\"https:\/\/moderaterna.se\/stockholm\/nyhet\/replik-vanstern-ingen-serios-opposition\/\",\"url\":\"https:\/\/moderaterna.se\/stockholm\/nyhet\/replik-vanstern-ingen-serios-opposition\/\",\"name\":\"Replik: V\u00e4nstern ingen seri\u00f6s opposition | Moderaterna i Stockholms stad och l\u00e4n\",\"isPartOf\":{\"@id\":\"https:\/\/moderaterna.se\/stockholm\/#website\"},\"datePublished\":\"2024-11-22T08:48:00+00:00\",\"dateModified\":\"2024-11-22T10:02:28+00:00\",\"breadcrumb\":{\"@id\":\"https:\/\/moderaterna.se\/stockholm\/nyhet\/replik-vanstern-ingen-serios-opposition\/#breadcrumb\"},\"inLanguage\":\"sv-SE\",\"potentialAction\":[{\"@type\":\"ReadAction\",\"target\":[\"https:\/\/moderaterna.se\/stockholm\/nyhet\/replik-vanstern-ingen-serios-opposition\/\"]}]},{\"@type\":\"BreadcrumbList\",\"@id\":\"https:\/\/moderaterna.se\/stockholm\/nyhet\/replik-vanstern-ingen-serios-opposition\/#breadcrumb\",\"itemListElement\":[{\"@type\":\"ListItem\",\"position\":1,\"name\":\"Hem\",\"item\":\"https:\/\/moderaterna.se\/stockholm\/\"},{\"@type\":\"ListItem\",\"position\":2,\"name\":\"Replik: V\u00e4nstern ingen seri\u00f6s opposition\"}]},{\"@type\":\"WebSite\",\"@id\":\"https:\/\/moderaterna.se\/stockholm\/#website\",\"url\":\"https:\/\/moderaterna.se\/stockholm\/\",\"name\":\"Moderaterna i Stockholms stad och l\u00e4n\",\"description\":\"Nu f\u00e5r vi ordning p\u00e5 Sverige\",\"publisher\":{\"@id\":\"https:\/\/moderaterna.se\/stockholm\/#organization\"},\"potentialAction\":[{\"@type\":\"SearchAction\",\"target\":{\"@type\":\"EntryPoint\",\"urlTemplate\":\"https:\/\/moderaterna.se\/stockholm\/?s={search_term_string}\"},\"query-input\":{\"@type\":\"PropertyValueSpecification\",\"valueRequired\":true,\"valueName\":\"search_term_string\"}}],\"inLanguage\":\"sv-SE\"},{\"@type\":\"Organization\",\"@id\":\"https:\/\/moderaterna.se\/stockholm\/#organization\",\"name\":\"Moderaterna\",\"url\":\"https:\/\/moderaterna.se\/stockholm\/\",\"logo\":{\"@type\":\"ImageObject\",\"inLanguage\":\"sv-SE\",\"@id\":\"https:\/\/moderaterna.se\/stockholm\/#\/schema\/logo\/image\/\",\"url\":\"https:\/\/moderaterna.se\/app\/uploads\/2021\/10\/logo-general@2x.png\",\"contentUrl\":\"https:\/\/moderaterna.se\/app\/uploads\/2021\/10\/logo-general@2x.png\",\"width\":122,\"height\":122,\"caption\":\"Moderaterna\"},\"image\":{\"@id\":\"https:\/\/moderaterna.se\/stockholm\/#\/schema\/logo\/image\/\"},\"sameAs\":[\"https:\/\/www.facebook.com\/ModeraternaSthlm\",\"https:\/\/x.com\/ModeratSthlm\",\"https:\/\/www.instagram.com\/moderatsthlm\/\",\"https:\/\/www.youtube.com\/user\/ModeraternaSthlm\"]},{\"@type\":\"Person\",\"@id\":\"https:\/\/moderaterna.se\/stockholm\/#\/schema\/person\/1790a6c815cef6251a1f13d3fd5254bd\",\"name\":\"Veronica Nordstr\u00f6m\",\"image\":{\"@type\":\"ImageObject\",\"inLanguage\":\"sv-SE\",\"@id\":\"https:\/\/moderaterna.se\/stockholm\/#\/schema\/person\/image\/\",\"url\":\"https:\/\/secure.gravatar.com\/avatar\/cdb9d339dbafa52c812526e3f75df35bab1725c8375eaa3e17b27f2a40e8b094?s=96&d=mm&r=g\",\"contentUrl\":\"https:\/\/secure.gravatar.com\/avatar\/cdb9d339dbafa52c812526e3f75df35bab1725c8375eaa3e17b27f2a40e8b094?s=96&d=mm&r=g\",\"caption\":\"Veronica Nordstr\u00f6m\"},\"url\":\"https:\/\/moderaterna.se\/stockholm\/author\/veronicanordstrom\/\"}]}<\/script>\n<!-- \/ Yoast SEO Premium plugin. -->","yoast_head_json":{"title":"Replik: V\u00e4nstern ingen seri\u00f6s opposition | Moderaterna i Stockholms stad och l\u00e4n","robots":{"index":"index","follow":"follow","max-snippet":"max-snippet:-1","max-image-preview":"max-image-preview:large","max-video-preview":"max-video-preview:-1"},"canonical":"https:\/\/moderaterna.se\/stockholm\/nyhet\/replik-vanstern-ingen-serios-opposition\/","og_locale":"sv_SE","og_type":"article","og_title":"Replik: V\u00e4nstern ingen seri\u00f6s opposition","og_url":"https:\/\/moderaterna.se\/stockholm\/nyhet\/replik-vanstern-ingen-serios-opposition\/","og_site_name":"Moderaterna i Stockholms stad och l\u00e4n","article_publisher":"https:\/\/www.facebook.com\/ModeraternaSthlm","article_published_time":"2024-11-22T08:48:00+00:00","article_modified_time":"2024-11-22T10:02:28+00:00","og_image":[{"width":1200,"height":628,"url":"https:\/\/moderaterna.se\/app\/uploads\/sites\/5\/2022\/01\/DELNINGSBILD_hemsida_fo\u0308rstasida.png","type":"image\/png"}],"author":"Veronica Nordstr\u00f6m","twitter_card":"summary_large_image","twitter_creator":"@ModeratSthlm","twitter_site":"@ModeratSthlm","twitter_misc":{"Skriven av":"Veronica Nordstr\u00f6m","Ber\u00e4knad l\u00e4stid":"4 minuter"},"schema":{"@context":"https:\/\/schema.org","@graph":[{"@type":"Article","@id":"https:\/\/moderaterna.se\/stockholm\/nyhet\/replik-vanstern-ingen-serios-opposition\/#article","isPartOf":{"@id":"https:\/\/moderaterna.se\/stockholm\/nyhet\/replik-vanstern-ingen-serios-opposition\/"},"author":{"name":"Veronica Nordstr\u00f6m","@id":"https:\/\/moderaterna.se\/stockholm\/#\/schema\/person\/1790a6c815cef6251a1f13d3fd5254bd"},"headline":"Replik: V\u00e4nstern ingen seri\u00f6s opposition","datePublished":"2024-11-22T08:48:00+00:00","dateModified":"2024-11-22T10:02:28+00:00","mainEntityOfPage":{"@id":"https:\/\/moderaterna.se\/stockholm\/nyhet\/replik-vanstern-ingen-serios-opposition\/"},"wordCount":805,"publisher":{"@id":"https:\/\/moderaterna.se\/stockholm\/#organization"},"articleSection":["Nyhet"],"inLanguage":"sv-SE"},{"@type":"WebPage","@id":"https:\/\/moderaterna.se\/stockholm\/nyhet\/replik-vanstern-ingen-serios-opposition\/","url":"https:\/\/moderaterna.se\/stockholm\/nyhet\/replik-vanstern-ingen-serios-opposition\/","name":"Replik: V\u00e4nstern ingen seri\u00f6s opposition | Moderaterna i Stockholms stad och l\u00e4n","isPartOf":{"@id":"https:\/\/moderaterna.se\/stockholm\/#website"},"datePublished":"2024-11-22T08:48:00+00:00","dateModified":"2024-11-22T10:02:28+00:00","breadcrumb":{"@id":"https:\/\/moderaterna.se\/stockholm\/nyhet\/replik-vanstern-ingen-serios-opposition\/#breadcrumb"},"inLanguage":"sv-SE","potentialAction":[{"@type":"ReadAction","target":["https:\/\/moderaterna.se\/stockholm\/nyhet\/replik-vanstern-ingen-serios-opposition\/"]}]},{"@type":"BreadcrumbList","@id":"https:\/\/moderaterna.se\/stockholm\/nyhet\/replik-vanstern-ingen-serios-opposition\/#breadcrumb","itemListElement":[{"@type":"ListItem","position":1,"name":"Hem","item":"https:\/\/moderaterna.se\/stockholm\/"},{"@type":"ListItem","position":2,"name":"Replik: V\u00e4nstern ingen seri\u00f6s opposition"}]},{"@type":"WebSite","@id":"https:\/\/moderaterna.se\/stockholm\/#website","url":"https:\/\/moderaterna.se\/stockholm\/","name":"Moderaterna i Stockholms stad och l\u00e4n","description":"Nu f\u00e5r vi ordning p\u00e5 Sverige","publisher":{"@id":"https:\/\/moderaterna.se\/stockholm\/#organization"},"potentialAction":[{"@type":"SearchAction","target":{"@type":"EntryPoint","urlTemplate":"https:\/\/moderaterna.se\/stockholm\/?s={search_term_string}"},"query-input":{"@type":"PropertyValueSpecification","valueRequired":true,"valueName":"search_term_string"}}],"inLanguage":"sv-SE"},{"@type":"Organization","@id":"https:\/\/moderaterna.se\/stockholm\/#organization","name":"Moderaterna","url":"https:\/\/moderaterna.se\/stockholm\/","logo":{"@type":"ImageObject","inLanguage":"sv-SE","@id":"https:\/\/moderaterna.se\/stockholm\/#\/schema\/logo\/image\/","url":"https:\/\/moderaterna.se\/app\/uploads\/2021\/10\/logo-general@2x.png","contentUrl":"https:\/\/moderaterna.se\/app\/uploads\/2021\/10\/logo-general@2x.png","width":122,"height":122,"caption":"Moderaterna"},"image":{"@id":"https:\/\/moderaterna.se\/stockholm\/#\/schema\/logo\/image\/"},"sameAs":["https:\/\/www.facebook.com\/ModeraternaSthlm","https:\/\/x.com\/ModeratSthlm","https:\/\/www.instagram.com\/moderatsthlm\/","https:\/\/www.youtube.com\/user\/ModeraternaSthlm"]},{"@type":"Person","@id":"https:\/\/moderaterna.se\/stockholm\/#\/schema\/person\/1790a6c815cef6251a1f13d3fd5254bd","name":"Veronica Nordstr\u00f6m","image":{"@type":"ImageObject","inLanguage":"sv-SE","@id":"https:\/\/moderaterna.se\/stockholm\/#\/schema\/person\/image\/","url":"https:\/\/secure.gravatar.com\/avatar\/cdb9d339dbafa52c812526e3f75df35bab1725c8375eaa3e17b27f2a40e8b094?s=96&d=mm&r=g","contentUrl":"https:\/\/secure.gravatar.com\/avatar\/cdb9d339dbafa52c812526e3f75df35bab1725c8375eaa3e17b27f2a40e8b094?s=96&d=mm&r=g","caption":"Veronica Nordstr\u00f6m"},"url":"https:\/\/moderaterna.se\/stockholm\/author\/veronicanordstrom\/"}]}},"publishpress_future_action":{"enabled":false,"date":"2026-05-08 19:02:13","action":"change-status","newStatus":"draft","terms":[],"taxonomy":"category"},"_links":{"self":[{"href":"https:\/\/moderaterna.se\/stockholm\/wp-json\/wp\/v2\/posts\/5338","targetHints":{"allow":["GET"]}}],"collection":[{"href":"https:\/\/moderaterna.se\/stockholm\/wp-json\/wp\/v2\/posts"}],"about":[{"href":"https:\/\/moderaterna.se\/stockholm\/wp-json\/wp\/v2\/types\/post"}],"author":[{"embeddable":true,"href":"https:\/\/moderaterna.se\/stockholm\/wp-json\/wp\/v2\/users\/55"}],"replies":[{"embeddable":true,"href":"https:\/\/moderaterna.se\/stockholm\/wp-json\/wp\/v2\/comments?post=5338"}],"version-history":[{"count":10,"href":"https:\/\/moderaterna.se\/stockholm\/wp-json\/wp\/v2\/posts\/5338\/revisions"}],"predecessor-version":[{"id":5349,"href":"https:\/\/moderaterna.se\/stockholm\/wp-json\/wp\/v2\/posts\/5338\/revisions\/5349"}],"wp:attachment":[{"href":"https:\/\/moderaterna.se\/stockholm\/wp-json\/wp\/v2\/media?parent=5338"}],"wp:term":[{"taxonomy":"category","embeddable":true,"href":"https:\/\/moderaterna.se\/stockholm\/wp-json\/wp\/v2\/categories?post=5338"},{"taxonomy":"post_tag","embeddable":true,"href":"https:\/\/moderaterna.se\/stockholm\/wp-json\/wp\/v2\/tags?post=5338"},{"taxonomy":"subject","embeddable":true,"href":"https:\/\/moderaterna.se\/stockholm\/wp-json\/wp\/v2\/subject?post=5338"}],"curies":[{"name":"wp","href":"https:\/\/api.w.org\/{rel}","templated":true}]}}