{"id":5306,"date":"2024-11-19T15:11:42","date_gmt":"2024-11-19T14:11:42","guid":{"rendered":"https:\/\/moderaterna.se\/stockholm\/?p=5306"},"modified":"2024-11-20T13:09:44","modified_gmt":"2024-11-20T12:09:44","slug":"artikel-m-i-stockholm-vill-minska-stodet-till-svaga-skolor","status":"publish","type":"post","link":"https:\/\/moderaterna.se\/stockholm\/artikel\/artikel-m-i-stockholm-vill-minska-stodet-till-svaga-skolor\/","title":{"rendered":"Artikel: Moderaterna f\u00f6resl\u00e5r en r\u00e4ttvis skolpeng som s\u00e4tter elevens behov f\u00f6re systemet"},"content":{"rendered":"\n<p><strong>Artikel: Moderaterna f\u00f6resl\u00e5r en r\u00e4ttvis skolpeng som s\u00e4tter elevens behov f\u00f6re systemet<\/strong><\/p>\n\n\n\n<p>De ekonomiska villkoren f\u00f6r Stockholms skolor skiljer sig kraftigt. Den skola som f\u00e5r mest extrapengar f\u00e5r <br>n\u00e4stan 80 000 kronor per elev och \u00e5r \u2013 den som f\u00e5r minst f\u00e5r drygt 5 000. Moderaterna f\u00f6resl\u00e5r d\u00e4rf\u00f6r att minska det st\u00f6d som g\u00e5r till skolor med s\u00e4mre f\u00f6ruts\u00e4ttningar skriver Dagens Nyheter. <\/p>\n\n\n\n<p>\u2013 Vi vill ha en r\u00e4ttvis skolpeng som s\u00e4tter elevens behov f\u00f6re systemet, s\u00e4ger oppositionsborgarr\u00e5det Andr\u00e9a Hedin (M) till Dagens Nyheter.<\/p>\n\n\n\n<p><\/p>\n\n\n\n<div class=\"wp-block-buttons is-layout-flex wp-block-buttons-is-layout-flex\">\n<div class=\"wp-block-button\"><a class=\"wp-block-button__link wp-element-button\" href=\"https:\/\/www.dn.se\/sverige\/m-i-stockholm-vill-minska-stodet-till-svaga-skolor\/\">L\u00e4s DN-artikeln i sin helhet h\u00e4r!<\/a><\/div>\n<\/div>\n\n\n\n<p><\/p>\n\n\n<div class=\"wp-block-image\">\n<figure class=\"alignleft size-large is-resized\"><img loading=\"lazy\" decoding=\"async\" width=\"819\" height=\"1024\" src=\"https:\/\/moderaterna.se\/app\/uploads\/sites\/5\/2024\/11\/466953447_10169566447905282_2551184511290136264_n-1-819x1024.jpg\" alt=\"\" class=\"wp-image-5322\" style=\"width:521px;height:auto\" srcset=\"https:\/\/moderaterna.se\/app\/uploads\/sites\/5\/2024\/11\/466953447_10169566447905282_2551184511290136264_n-1-819x1024.jpg 819w, https:\/\/moderaterna.se\/app\/uploads\/sites\/5\/2024\/11\/466953447_10169566447905282_2551184511290136264_n-1-240x300.jpg 240w, https:\/\/moderaterna.se\/app\/uploads\/sites\/5\/2024\/11\/466953447_10169566447905282_2551184511290136264_n-1-768x960.jpg 768w, https:\/\/moderaterna.se\/app\/uploads\/sites\/5\/2024\/11\/466953447_10169566447905282_2551184511290136264_n-1.jpg 1080w\" sizes=\"auto, (max-width: 819px) 100vw, 819px\" \/><\/figure>\n<\/div>\n\n\n<p><\/p>\n\n\n\n<p><\/p>\n\n\n\n<p><\/p>\n\n\n\n<p><\/p>\n\n\n\n<p><\/p>\n\n\n\n<p><\/p>\n","protected":false},"excerpt":{"rendered":"<p>Artikel: Moderaterna f\u00f6resl\u00e5r en r\u00e4ttvis skolpeng som s\u00e4tter elevens behov f\u00f6re systemet De ekonomiska villkoren f\u00f6r Stockholms skolor skiljer sig kraftigt. Den skola som f\u00e5r mest extrapengar f\u00e5r n\u00e4stan 80 000 kronor per elev och \u00e5r \u2013 den som f\u00e5r minst f\u00e5r drygt 5 000. Moderaterna f\u00f6resl\u00e5r d\u00e4rf\u00f6r att minska det st\u00f6d som g\u00e5r till [&hellip;]<\/p>\n","protected":false},"author":55,"featured_media":0,"comment_status":"closed","ping_status":"closed","sticky":false,"template":"","format":"standard","meta":{"_acf_changed":false,"_relevanssi_hide_post":"","_relevanssi_hide_content":"","_relevanssi_pin_for_all":"","_relevanssi_pin_keywords":"","_relevanssi_unpin_keywords":"","_relevanssi_related_keywords":"","_relevanssi_related_include_ids":"","_relevanssi_related_exclude_ids":"","_relevanssi_related_no_append":"","_relevanssi_related_not_related":"","_relevanssi_related_posts":"1906,979,5080,3006,4558,5163","_relevanssi_noindex_reason":"","footnotes":""},"categories":[87,1],"tags":[],"subject":[],"class_list":["post-5306","post","type-post","status-publish","format-standard","hentry","category-artikel","category-nyhet"],"acf":[],"yoast_head":"<!-- This site is optimized with the Yoast SEO Premium plugin v27.1 (Yoast SEO v27.1.1) - https:\/\/yoast.com\/product\/yoast-seo-premium-wordpress\/ -->\n<title>Artikel: Moderaterna f\u00f6resl\u00e5r en r\u00e4ttvis skolpeng som s\u00e4tter elevens behov f\u00f6re systemet | Moderaterna i Stockholms stad och l\u00e4n<\/title>\n<meta name=\"robots\" content=\"index, follow, max-snippet:-1, max-image-preview:large, max-video-preview:-1\" \/>\n<link rel=\"canonical\" href=\"https:\/\/moderaterna.se\/stockholm\/artikel\/artikel-m-i-stockholm-vill-minska-stodet-till-svaga-skolor\/\" \/>\n<meta property=\"og:locale\" content=\"sv_SE\" \/>\n<meta property=\"og:type\" content=\"article\" \/>\n<meta property=\"og:title\" content=\"Artikel: Moderaterna f\u00f6resl\u00e5r en r\u00e4ttvis skolpeng som s\u00e4tter elevens behov f\u00f6re systemet\" \/>\n<meta property=\"og:url\" content=\"https:\/\/moderaterna.se\/stockholm\/artikel\/artikel-m-i-stockholm-vill-minska-stodet-till-svaga-skolor\/\" \/>\n<meta property=\"og:site_name\" content=\"Moderaterna i Stockholms stad och l\u00e4n\" \/>\n<meta property=\"article:publisher\" content=\"https:\/\/www.facebook.com\/ModeraternaSthlm\" \/>\n<meta property=\"article:published_time\" content=\"2024-11-19T14:11:42+00:00\" \/>\n<meta property=\"article:modified_time\" content=\"2024-11-20T12:09:44+00:00\" \/>\n<meta property=\"og:image\" content=\"https:\/\/moderaterna.se\/app\/uploads\/sites\/5\/2022\/01\/DELNINGSBILD_hemsida_fo\u0308rstasida.png\" \/>\n\t<meta property=\"og:image:width\" content=\"1200\" \/>\n\t<meta property=\"og:image:height\" content=\"628\" \/>\n\t<meta property=\"og:image:type\" content=\"image\/png\" \/>\n<meta name=\"author\" content=\"Veronica Nordstr\u00f6m\" \/>\n<meta name=\"twitter:card\" content=\"summary_large_image\" \/>\n<meta name=\"twitter:creator\" content=\"@ModeratSthlm\" \/>\n<meta name=\"twitter:site\" content=\"@ModeratSthlm\" \/>\n<meta name=\"twitter:label1\" content=\"Skriven av\" \/>\n\t<meta name=\"twitter:data1\" content=\"Veronica Nordstr\u00f6m\" \/>\n\t<meta name=\"twitter:label2\" content=\"Ber\u00e4knad l\u00e4stid\" \/>\n\t<meta name=\"twitter:data2\" content=\"1 minut\" \/>\n<script type=\"application\/ld+json\" class=\"yoast-schema-graph\">{\"@context\":\"https:\/\/schema.org\",\"@graph\":[{\"@type\":\"Article\",\"@id\":\"https:\/\/moderaterna.se\/stockholm\/artikel\/artikel-m-i-stockholm-vill-minska-stodet-till-svaga-skolor\/#article\",\"isPartOf\":{\"@id\":\"https:\/\/moderaterna.se\/stockholm\/artikel\/artikel-m-i-stockholm-vill-minska-stodet-till-svaga-skolor\/\"},\"author\":{\"name\":\"Veronica Nordstr\u00f6m\",\"@id\":\"https:\/\/moderaterna.se\/stockholm\/#\/schema\/person\/1790a6c815cef6251a1f13d3fd5254bd\"},\"headline\":\"Artikel: Moderaterna f\u00f6resl\u00e5r en r\u00e4ttvis skolpeng som s\u00e4tter elevens behov f\u00f6re systemet\",\"datePublished\":\"2024-11-19T14:11:42+00:00\",\"dateModified\":\"2024-11-20T12:09:44+00:00\",\"mainEntityOfPage\":{\"@id\":\"https:\/\/moderaterna.se\/stockholm\/artikel\/artikel-m-i-stockholm-vill-minska-stodet-till-svaga-skolor\/\"},\"wordCount\":128,\"publisher\":{\"@id\":\"https:\/\/moderaterna.se\/stockholm\/#organization\"},\"articleSection\":[\"Artikel\",\"Nyhet\"],\"inLanguage\":\"sv-SE\"},{\"@type\":\"WebPage\",\"@id\":\"https:\/\/moderaterna.se\/stockholm\/artikel\/artikel-m-i-stockholm-vill-minska-stodet-till-svaga-skolor\/\",\"url\":\"https:\/\/moderaterna.se\/stockholm\/artikel\/artikel-m-i-stockholm-vill-minska-stodet-till-svaga-skolor\/\",\"name\":\"Artikel: Moderaterna f\u00f6resl\u00e5r en r\u00e4ttvis skolpeng som s\u00e4tter elevens behov f\u00f6re systemet | Moderaterna i Stockholms stad och l\u00e4n\",\"isPartOf\":{\"@id\":\"https:\/\/moderaterna.se\/stockholm\/#website\"},\"datePublished\":\"2024-11-19T14:11:42+00:00\",\"dateModified\":\"2024-11-20T12:09:44+00:00\",\"breadcrumb\":{\"@id\":\"https:\/\/moderaterna.se\/stockholm\/artikel\/artikel-m-i-stockholm-vill-minska-stodet-till-svaga-skolor\/#breadcrumb\"},\"inLanguage\":\"sv-SE\",\"potentialAction\":[{\"@type\":\"ReadAction\",\"target\":[\"https:\/\/moderaterna.se\/stockholm\/artikel\/artikel-m-i-stockholm-vill-minska-stodet-till-svaga-skolor\/\"]}]},{\"@type\":\"BreadcrumbList\",\"@id\":\"https:\/\/moderaterna.se\/stockholm\/artikel\/artikel-m-i-stockholm-vill-minska-stodet-till-svaga-skolor\/#breadcrumb\",\"itemListElement\":[{\"@type\":\"ListItem\",\"position\":1,\"name\":\"Hem\",\"item\":\"https:\/\/moderaterna.se\/stockholm\/\"},{\"@type\":\"ListItem\",\"position\":2,\"name\":\"Artikel: Moderaterna f\u00f6resl\u00e5r en r\u00e4ttvis skolpeng som s\u00e4tter elevens behov f\u00f6re systemet\"}]},{\"@type\":\"WebSite\",\"@id\":\"https:\/\/moderaterna.se\/stockholm\/#website\",\"url\":\"https:\/\/moderaterna.se\/stockholm\/\",\"name\":\"Moderaterna i Stockholms stad och l\u00e4n\",\"description\":\"Nu f\u00e5r vi ordning p\u00e5 Sverige\",\"publisher\":{\"@id\":\"https:\/\/moderaterna.se\/stockholm\/#organization\"},\"potentialAction\":[{\"@type\":\"SearchAction\",\"target\":{\"@type\":\"EntryPoint\",\"urlTemplate\":\"https:\/\/moderaterna.se\/stockholm\/?s={search_term_string}\"},\"query-input\":{\"@type\":\"PropertyValueSpecification\",\"valueRequired\":true,\"valueName\":\"search_term_string\"}}],\"inLanguage\":\"sv-SE\"},{\"@type\":\"Organization\",\"@id\":\"https:\/\/moderaterna.se\/stockholm\/#organization\",\"name\":\"Moderaterna\",\"url\":\"https:\/\/moderaterna.se\/stockholm\/\",\"logo\":{\"@type\":\"ImageObject\",\"inLanguage\":\"sv-SE\",\"@id\":\"https:\/\/moderaterna.se\/stockholm\/#\/schema\/logo\/image\/\",\"url\":\"https:\/\/moderaterna.se\/app\/uploads\/2021\/10\/logo-general@2x.png\",\"contentUrl\":\"https:\/\/moderaterna.se\/app\/uploads\/2021\/10\/logo-general@2x.png\",\"width\":122,\"height\":122,\"caption\":\"Moderaterna\"},\"image\":{\"@id\":\"https:\/\/moderaterna.se\/stockholm\/#\/schema\/logo\/image\/\"},\"sameAs\":[\"https:\/\/www.facebook.com\/ModeraternaSthlm\",\"https:\/\/x.com\/ModeratSthlm\",\"https:\/\/www.instagram.com\/moderatsthlm\/\",\"https:\/\/www.youtube.com\/user\/ModeraternaSthlm\"]},{\"@type\":\"Person\",\"@id\":\"https:\/\/moderaterna.se\/stockholm\/#\/schema\/person\/1790a6c815cef6251a1f13d3fd5254bd\",\"name\":\"Veronica Nordstr\u00f6m\",\"image\":{\"@type\":\"ImageObject\",\"inLanguage\":\"sv-SE\",\"@id\":\"https:\/\/moderaterna.se\/stockholm\/#\/schema\/person\/image\/\",\"url\":\"https:\/\/secure.gravatar.com\/avatar\/cdb9d339dbafa52c812526e3f75df35bab1725c8375eaa3e17b27f2a40e8b094?s=96&d=mm&r=g\",\"contentUrl\":\"https:\/\/secure.gravatar.com\/avatar\/cdb9d339dbafa52c812526e3f75df35bab1725c8375eaa3e17b27f2a40e8b094?s=96&d=mm&r=g\",\"caption\":\"Veronica Nordstr\u00f6m\"},\"url\":\"https:\/\/moderaterna.se\/stockholm\/author\/veronicanordstrom\/\"}]}<\/script>\n<!-- \/ Yoast SEO Premium plugin. -->","yoast_head_json":{"title":"Artikel: Moderaterna f\u00f6resl\u00e5r en r\u00e4ttvis skolpeng som s\u00e4tter elevens behov f\u00f6re systemet | Moderaterna i Stockholms stad och l\u00e4n","robots":{"index":"index","follow":"follow","max-snippet":"max-snippet:-1","max-image-preview":"max-image-preview:large","max-video-preview":"max-video-preview:-1"},"canonical":"https:\/\/moderaterna.se\/stockholm\/artikel\/artikel-m-i-stockholm-vill-minska-stodet-till-svaga-skolor\/","og_locale":"sv_SE","og_type":"article","og_title":"Artikel: Moderaterna f\u00f6resl\u00e5r en r\u00e4ttvis skolpeng som s\u00e4tter elevens behov f\u00f6re systemet","og_url":"https:\/\/moderaterna.se\/stockholm\/artikel\/artikel-m-i-stockholm-vill-minska-stodet-till-svaga-skolor\/","og_site_name":"Moderaterna i Stockholms stad och l\u00e4n","article_publisher":"https:\/\/www.facebook.com\/ModeraternaSthlm","article_published_time":"2024-11-19T14:11:42+00:00","article_modified_time":"2024-11-20T12:09:44+00:00","og_image":[{"width":1200,"height":628,"url":"https:\/\/moderaterna.se\/app\/uploads\/sites\/5\/2022\/01\/DELNINGSBILD_hemsida_fo\u0308rstasida.png","type":"image\/png"}],"author":"Veronica Nordstr\u00f6m","twitter_card":"summary_large_image","twitter_creator":"@ModeratSthlm","twitter_site":"@ModeratSthlm","twitter_misc":{"Skriven av":"Veronica Nordstr\u00f6m","Ber\u00e4knad l\u00e4stid":"1 minut"},"schema":{"@context":"https:\/\/schema.org","@graph":[{"@type":"Article","@id":"https:\/\/moderaterna.se\/stockholm\/artikel\/artikel-m-i-stockholm-vill-minska-stodet-till-svaga-skolor\/#article","isPartOf":{"@id":"https:\/\/moderaterna.se\/stockholm\/artikel\/artikel-m-i-stockholm-vill-minska-stodet-till-svaga-skolor\/"},"author":{"name":"Veronica Nordstr\u00f6m","@id":"https:\/\/moderaterna.se\/stockholm\/#\/schema\/person\/1790a6c815cef6251a1f13d3fd5254bd"},"headline":"Artikel: Moderaterna f\u00f6resl\u00e5r en r\u00e4ttvis skolpeng som s\u00e4tter elevens behov f\u00f6re systemet","datePublished":"2024-11-19T14:11:42+00:00","dateModified":"2024-11-20T12:09:44+00:00","mainEntityOfPage":{"@id":"https:\/\/moderaterna.se\/stockholm\/artikel\/artikel-m-i-stockholm-vill-minska-stodet-till-svaga-skolor\/"},"wordCount":128,"publisher":{"@id":"https:\/\/moderaterna.se\/stockholm\/#organization"},"articleSection":["Artikel","Nyhet"],"inLanguage":"sv-SE"},{"@type":"WebPage","@id":"https:\/\/moderaterna.se\/stockholm\/artikel\/artikel-m-i-stockholm-vill-minska-stodet-till-svaga-skolor\/","url":"https:\/\/moderaterna.se\/stockholm\/artikel\/artikel-m-i-stockholm-vill-minska-stodet-till-svaga-skolor\/","name":"Artikel: Moderaterna f\u00f6resl\u00e5r en r\u00e4ttvis skolpeng som s\u00e4tter elevens behov f\u00f6re systemet | Moderaterna i Stockholms stad och l\u00e4n","isPartOf":{"@id":"https:\/\/moderaterna.se\/stockholm\/#website"},"datePublished":"2024-11-19T14:11:42+00:00","dateModified":"2024-11-20T12:09:44+00:00","breadcrumb":{"@id":"https:\/\/moderaterna.se\/stockholm\/artikel\/artikel-m-i-stockholm-vill-minska-stodet-till-svaga-skolor\/#breadcrumb"},"inLanguage":"sv-SE","potentialAction":[{"@type":"ReadAction","target":["https:\/\/moderaterna.se\/stockholm\/artikel\/artikel-m-i-stockholm-vill-minska-stodet-till-svaga-skolor\/"]}]},{"@type":"BreadcrumbList","@id":"https:\/\/moderaterna.se\/stockholm\/artikel\/artikel-m-i-stockholm-vill-minska-stodet-till-svaga-skolor\/#breadcrumb","itemListElement":[{"@type":"ListItem","position":1,"name":"Hem","item":"https:\/\/moderaterna.se\/stockholm\/"},{"@type":"ListItem","position":2,"name":"Artikel: Moderaterna f\u00f6resl\u00e5r en r\u00e4ttvis skolpeng som s\u00e4tter elevens behov f\u00f6re systemet"}]},{"@type":"WebSite","@id":"https:\/\/moderaterna.se\/stockholm\/#website","url":"https:\/\/moderaterna.se\/stockholm\/","name":"Moderaterna i Stockholms stad och l\u00e4n","description":"Nu f\u00e5r vi ordning p\u00e5 Sverige","publisher":{"@id":"https:\/\/moderaterna.se\/stockholm\/#organization"},"potentialAction":[{"@type":"SearchAction","target":{"@type":"EntryPoint","urlTemplate":"https:\/\/moderaterna.se\/stockholm\/?s={search_term_string}"},"query-input":{"@type":"PropertyValueSpecification","valueRequired":true,"valueName":"search_term_string"}}],"inLanguage":"sv-SE"},{"@type":"Organization","@id":"https:\/\/moderaterna.se\/stockholm\/#organization","name":"Moderaterna","url":"https:\/\/moderaterna.se\/stockholm\/","logo":{"@type":"ImageObject","inLanguage":"sv-SE","@id":"https:\/\/moderaterna.se\/stockholm\/#\/schema\/logo\/image\/","url":"https:\/\/moderaterna.se\/app\/uploads\/2021\/10\/logo-general@2x.png","contentUrl":"https:\/\/moderaterna.se\/app\/uploads\/2021\/10\/logo-general@2x.png","width":122,"height":122,"caption":"Moderaterna"},"image":{"@id":"https:\/\/moderaterna.se\/stockholm\/#\/schema\/logo\/image\/"},"sameAs":["https:\/\/www.facebook.com\/ModeraternaSthlm","https:\/\/x.com\/ModeratSthlm","https:\/\/www.instagram.com\/moderatsthlm\/","https:\/\/www.youtube.com\/user\/ModeraternaSthlm"]},{"@type":"Person","@id":"https:\/\/moderaterna.se\/stockholm\/#\/schema\/person\/1790a6c815cef6251a1f13d3fd5254bd","name":"Veronica Nordstr\u00f6m","image":{"@type":"ImageObject","inLanguage":"sv-SE","@id":"https:\/\/moderaterna.se\/stockholm\/#\/schema\/person\/image\/","url":"https:\/\/secure.gravatar.com\/avatar\/cdb9d339dbafa52c812526e3f75df35bab1725c8375eaa3e17b27f2a40e8b094?s=96&d=mm&r=g","contentUrl":"https:\/\/secure.gravatar.com\/avatar\/cdb9d339dbafa52c812526e3f75df35bab1725c8375eaa3e17b27f2a40e8b094?s=96&d=mm&r=g","caption":"Veronica Nordstr\u00f6m"},"url":"https:\/\/moderaterna.se\/stockholm\/author\/veronicanordstrom\/"}]}},"publishpress_future_action":{"enabled":false,"date":"2026-05-04 08:29:12","action":"change-status","newStatus":"draft","terms":[],"taxonomy":"category"},"_links":{"self":[{"href":"https:\/\/moderaterna.se\/stockholm\/wp-json\/wp\/v2\/posts\/5306","targetHints":{"allow":["GET"]}}],"collection":[{"href":"https:\/\/moderaterna.se\/stockholm\/wp-json\/wp\/v2\/posts"}],"about":[{"href":"https:\/\/moderaterna.se\/stockholm\/wp-json\/wp\/v2\/types\/post"}],"author":[{"embeddable":true,"href":"https:\/\/moderaterna.se\/stockholm\/wp-json\/wp\/v2\/users\/55"}],"replies":[{"embeddable":true,"href":"https:\/\/moderaterna.se\/stockholm\/wp-json\/wp\/v2\/comments?post=5306"}],"version-history":[{"count":21,"href":"https:\/\/moderaterna.se\/stockholm\/wp-json\/wp\/v2\/posts\/5306\/revisions"}],"predecessor-version":[{"id":5336,"href":"https:\/\/moderaterna.se\/stockholm\/wp-json\/wp\/v2\/posts\/5306\/revisions\/5336"}],"wp:attachment":[{"href":"https:\/\/moderaterna.se\/stockholm\/wp-json\/wp\/v2\/media?parent=5306"}],"wp:term":[{"taxonomy":"category","embeddable":true,"href":"https:\/\/moderaterna.se\/stockholm\/wp-json\/wp\/v2\/categories?post=5306"},{"taxonomy":"post_tag","embeddable":true,"href":"https:\/\/moderaterna.se\/stockholm\/wp-json\/wp\/v2\/tags?post=5306"},{"taxonomy":"subject","embeddable":true,"href":"https:\/\/moderaterna.se\/stockholm\/wp-json\/wp\/v2\/subject?post=5306"}],"curies":[{"name":"wp","href":"https:\/\/api.w.org\/{rel}","templated":true}]}}