{"id":5278,"date":"2024-11-11T11:59:00","date_gmt":"2024-11-11T10:59:00","guid":{"rendered":"https:\/\/moderaterna.se\/stockholm\/?p=5278"},"modified":"2024-11-12T08:13:52","modified_gmt":"2024-11-12T07:13:52","slug":"tomas-tobe-om-barnsoldaterna-ett-gemensamt-eu-problem","status":"publish","type":"post","link":"https:\/\/moderaterna.se\/stockholm\/nyhet\/tomas-tobe-om-barnsoldaterna-ett-gemensamt-eu-problem\/","title":{"rendered":"Tomas Tob\u00e9 om \u201dbarnsoldaterna\u201d: \u201dEtt gemensamt EU-problem\u201d.\u00a0"},"content":{"rendered":"\n<p><\/p>\n\n\n\n<p><strong>Tomas Tob\u00e9 om \u201dbarnsoldaterna\u201d: \u201dEtt gemensamt EU-problem\u201d.\u00a0<\/strong><br>Sverige ska ha ett starkare samarbete med Europol anser EU-parlamentarikern Tomas Tob\u00e9. <br>M-toppen vill bland annat kunna kalla in en europeisk polisstyrka f\u00f6r att l\u00f6sa svensk g\u00e4ngkriminalitet. <br><br>\u2013 Jag ser framf\u00f6r mig att Europol till exempel ska f\u00e5 inleda egna utredningar, s\u00e4ger Tomas Tob\u00e9.\u00a0<\/p>\n\n\n\n<div class=\"wp-block-buttons is-layout-flex wp-block-buttons-is-layout-flex\">\n<div class=\"wp-block-button\"><a class=\"wp-block-button__link wp-element-button\" href=\"https:\/\/www.aftonbladet.se\/nyheter\/a\/yE9zyJ\/tobe-om-barnsoldaterna-ett-gemensamt-eu-problem?utm_source=iosapp&amp;utm_medium=share\">L\u00e4s mer h\u00e4r!<\/a><\/div>\n<\/div>\n","protected":false},"excerpt":{"rendered":"<p>Tomas Tob\u00e9 om \u201dbarnsoldaterna\u201d: \u201dEtt gemensamt EU-problem\u201d.\u00a0Sverige ska ha ett starkare samarbete med Europol anser EU-parlamentarikern Tomas Tob\u00e9. M-toppen vill bland annat kunna kalla in en europeisk polisstyrka f\u00f6r att l\u00f6sa svensk g\u00e4ngkriminalitet. \u2013 Jag ser framf\u00f6r mig att Europol till exempel ska f\u00e5 inleda egna utredningar, s\u00e4ger Tomas Tob\u00e9.\u00a0<\/p>\n","protected":false},"author":55,"featured_media":0,"comment_status":"closed","ping_status":"closed","sticky":false,"template":"","format":"standard","meta":{"_acf_changed":false,"_relevanssi_hide_post":"","_relevanssi_hide_content":"","_relevanssi_pin_for_all":"","_relevanssi_pin_keywords":"","_relevanssi_unpin_keywords":"","_relevanssi_related_keywords":"","_relevanssi_related_include_ids":"","_relevanssi_related_exclude_ids":"","_relevanssi_related_no_append":"","_relevanssi_related_not_related":"","_relevanssi_related_posts":"4558,4467,4275,4331,4155,3734","_relevanssi_noindex_reason":"","footnotes":""},"categories":[1],"tags":[],"subject":[],"class_list":["post-5278","post","type-post","status-publish","format-standard","hentry","category-nyhet"],"acf":[],"yoast_head":"<!-- This site is optimized with the Yoast SEO Premium plugin v27.1 (Yoast SEO v27.1.1) - https:\/\/yoast.com\/product\/yoast-seo-premium-wordpress\/ -->\n<title>Tomas Tob\u00e9 om \u201dbarnsoldaterna\u201d: \u201dEtt gemensamt EU-problem\u201d.\u00a0 | Moderaterna i Stockholms stad och l\u00e4n<\/title>\n<meta name=\"robots\" content=\"index, follow, max-snippet:-1, max-image-preview:large, max-video-preview:-1\" \/>\n<link rel=\"canonical\" href=\"https:\/\/moderaterna.se\/stockholm\/nyhet\/tomas-tobe-om-barnsoldaterna-ett-gemensamt-eu-problem\/\" \/>\n<meta property=\"og:locale\" content=\"sv_SE\" \/>\n<meta property=\"og:type\" content=\"article\" \/>\n<meta property=\"og:title\" content=\"Tomas Tob\u00e9 om \u201dbarnsoldaterna\u201d: \u201dEtt gemensamt EU-problem\u201d.\u00a0\" \/>\n<meta property=\"og:url\" content=\"https:\/\/moderaterna.se\/stockholm\/nyhet\/tomas-tobe-om-barnsoldaterna-ett-gemensamt-eu-problem\/\" \/>\n<meta property=\"og:site_name\" content=\"Moderaterna i Stockholms stad och l\u00e4n\" \/>\n<meta property=\"article:publisher\" content=\"https:\/\/www.facebook.com\/ModeraternaSthlm\" \/>\n<meta property=\"article:published_time\" content=\"2024-11-11T10:59:00+00:00\" \/>\n<meta property=\"article:modified_time\" content=\"2024-11-12T07:13:52+00:00\" \/>\n<meta property=\"og:image\" content=\"https:\/\/moderaterna.se\/app\/uploads\/sites\/5\/2022\/01\/DELNINGSBILD_hemsida_fo\u0308rstasida.png\" \/>\n\t<meta property=\"og:image:width\" content=\"1200\" \/>\n\t<meta property=\"og:image:height\" content=\"628\" \/>\n\t<meta property=\"og:image:type\" content=\"image\/png\" \/>\n<meta name=\"author\" content=\"Veronica Nordstr\u00f6m\" \/>\n<meta name=\"twitter:card\" content=\"summary_large_image\" \/>\n<meta name=\"twitter:creator\" content=\"@ModeratSthlm\" \/>\n<meta name=\"twitter:site\" content=\"@ModeratSthlm\" \/>\n<meta name=\"twitter:label1\" content=\"Skriven av\" \/>\n\t<meta name=\"twitter:data1\" content=\"Veronica Nordstr\u00f6m\" \/>\n\t<meta name=\"twitter:label2\" content=\"Ber\u00e4knad l\u00e4stid\" \/>\n\t<meta name=\"twitter:data2\" content=\"1 minut\" \/>\n<script type=\"application\/ld+json\" class=\"yoast-schema-graph\">{\"@context\":\"https:\/\/schema.org\",\"@graph\":[{\"@type\":\"Article\",\"@id\":\"https:\/\/moderaterna.se\/stockholm\/nyhet\/tomas-tobe-om-barnsoldaterna-ett-gemensamt-eu-problem\/#article\",\"isPartOf\":{\"@id\":\"https:\/\/moderaterna.se\/stockholm\/nyhet\/tomas-tobe-om-barnsoldaterna-ett-gemensamt-eu-problem\/\"},\"author\":{\"name\":\"Veronica Nordstr\u00f6m\",\"@id\":\"https:\/\/moderaterna.se\/stockholm\/#\/schema\/person\/1790a6c815cef6251a1f13d3fd5254bd\"},\"headline\":\"Tomas Tob\u00e9 om \u201dbarnsoldaterna\u201d: \u201dEtt gemensamt EU-problem\u201d.\u00a0\",\"datePublished\":\"2024-11-11T10:59:00+00:00\",\"dateModified\":\"2024-11-12T07:13:52+00:00\",\"mainEntityOfPage\":{\"@id\":\"https:\/\/moderaterna.se\/stockholm\/nyhet\/tomas-tobe-om-barnsoldaterna-ett-gemensamt-eu-problem\/\"},\"wordCount\":67,\"publisher\":{\"@id\":\"https:\/\/moderaterna.se\/stockholm\/#organization\"},\"articleSection\":[\"Nyhet\"],\"inLanguage\":\"sv-SE\"},{\"@type\":\"WebPage\",\"@id\":\"https:\/\/moderaterna.se\/stockholm\/nyhet\/tomas-tobe-om-barnsoldaterna-ett-gemensamt-eu-problem\/\",\"url\":\"https:\/\/moderaterna.se\/stockholm\/nyhet\/tomas-tobe-om-barnsoldaterna-ett-gemensamt-eu-problem\/\",\"name\":\"Tomas Tob\u00e9 om \u201dbarnsoldaterna\u201d: \u201dEtt gemensamt EU-problem\u201d.\u00a0 | Moderaterna i Stockholms stad och l\u00e4n\",\"isPartOf\":{\"@id\":\"https:\/\/moderaterna.se\/stockholm\/#website\"},\"datePublished\":\"2024-11-11T10:59:00+00:00\",\"dateModified\":\"2024-11-12T07:13:52+00:00\",\"breadcrumb\":{\"@id\":\"https:\/\/moderaterna.se\/stockholm\/nyhet\/tomas-tobe-om-barnsoldaterna-ett-gemensamt-eu-problem\/#breadcrumb\"},\"inLanguage\":\"sv-SE\",\"potentialAction\":[{\"@type\":\"ReadAction\",\"target\":[\"https:\/\/moderaterna.se\/stockholm\/nyhet\/tomas-tobe-om-barnsoldaterna-ett-gemensamt-eu-problem\/\"]}]},{\"@type\":\"BreadcrumbList\",\"@id\":\"https:\/\/moderaterna.se\/stockholm\/nyhet\/tomas-tobe-om-barnsoldaterna-ett-gemensamt-eu-problem\/#breadcrumb\",\"itemListElement\":[{\"@type\":\"ListItem\",\"position\":1,\"name\":\"Hem\",\"item\":\"https:\/\/moderaterna.se\/stockholm\/\"},{\"@type\":\"ListItem\",\"position\":2,\"name\":\"Tomas Tob\u00e9 om \u201dbarnsoldaterna\u201d: \u201dEtt gemensamt EU-problem\u201d.\u00a0\"}]},{\"@type\":\"WebSite\",\"@id\":\"https:\/\/moderaterna.se\/stockholm\/#website\",\"url\":\"https:\/\/moderaterna.se\/stockholm\/\",\"name\":\"Moderaterna i Stockholms stad och l\u00e4n\",\"description\":\"Nu f\u00e5r vi ordning p\u00e5 Sverige\",\"publisher\":{\"@id\":\"https:\/\/moderaterna.se\/stockholm\/#organization\"},\"potentialAction\":[{\"@type\":\"SearchAction\",\"target\":{\"@type\":\"EntryPoint\",\"urlTemplate\":\"https:\/\/moderaterna.se\/stockholm\/?s={search_term_string}\"},\"query-input\":{\"@type\":\"PropertyValueSpecification\",\"valueRequired\":true,\"valueName\":\"search_term_string\"}}],\"inLanguage\":\"sv-SE\"},{\"@type\":\"Organization\",\"@id\":\"https:\/\/moderaterna.se\/stockholm\/#organization\",\"name\":\"Moderaterna\",\"url\":\"https:\/\/moderaterna.se\/stockholm\/\",\"logo\":{\"@type\":\"ImageObject\",\"inLanguage\":\"sv-SE\",\"@id\":\"https:\/\/moderaterna.se\/stockholm\/#\/schema\/logo\/image\/\",\"url\":\"https:\/\/moderaterna.se\/app\/uploads\/2021\/10\/logo-general@2x.png\",\"contentUrl\":\"https:\/\/moderaterna.se\/app\/uploads\/2021\/10\/logo-general@2x.png\",\"width\":122,\"height\":122,\"caption\":\"Moderaterna\"},\"image\":{\"@id\":\"https:\/\/moderaterna.se\/stockholm\/#\/schema\/logo\/image\/\"},\"sameAs\":[\"https:\/\/www.facebook.com\/ModeraternaSthlm\",\"https:\/\/x.com\/ModeratSthlm\",\"https:\/\/www.instagram.com\/moderatsthlm\/\",\"https:\/\/www.youtube.com\/user\/ModeraternaSthlm\"]},{\"@type\":\"Person\",\"@id\":\"https:\/\/moderaterna.se\/stockholm\/#\/schema\/person\/1790a6c815cef6251a1f13d3fd5254bd\",\"name\":\"Veronica Nordstr\u00f6m\",\"image\":{\"@type\":\"ImageObject\",\"inLanguage\":\"sv-SE\",\"@id\":\"https:\/\/moderaterna.se\/stockholm\/#\/schema\/person\/image\/\",\"url\":\"https:\/\/secure.gravatar.com\/avatar\/cdb9d339dbafa52c812526e3f75df35bab1725c8375eaa3e17b27f2a40e8b094?s=96&d=mm&r=g\",\"contentUrl\":\"https:\/\/secure.gravatar.com\/avatar\/cdb9d339dbafa52c812526e3f75df35bab1725c8375eaa3e17b27f2a40e8b094?s=96&d=mm&r=g\",\"caption\":\"Veronica Nordstr\u00f6m\"},\"url\":\"https:\/\/moderaterna.se\/stockholm\/author\/veronicanordstrom\/\"}]}<\/script>\n<!-- \/ Yoast SEO Premium plugin. -->","yoast_head_json":{"title":"Tomas Tob\u00e9 om \u201dbarnsoldaterna\u201d: \u201dEtt gemensamt EU-problem\u201d.\u00a0 | Moderaterna i Stockholms stad och l\u00e4n","robots":{"index":"index","follow":"follow","max-snippet":"max-snippet:-1","max-image-preview":"max-image-preview:large","max-video-preview":"max-video-preview:-1"},"canonical":"https:\/\/moderaterna.se\/stockholm\/nyhet\/tomas-tobe-om-barnsoldaterna-ett-gemensamt-eu-problem\/","og_locale":"sv_SE","og_type":"article","og_title":"Tomas Tob\u00e9 om \u201dbarnsoldaterna\u201d: \u201dEtt gemensamt EU-problem\u201d.\u00a0","og_url":"https:\/\/moderaterna.se\/stockholm\/nyhet\/tomas-tobe-om-barnsoldaterna-ett-gemensamt-eu-problem\/","og_site_name":"Moderaterna i Stockholms stad och l\u00e4n","article_publisher":"https:\/\/www.facebook.com\/ModeraternaSthlm","article_published_time":"2024-11-11T10:59:00+00:00","article_modified_time":"2024-11-12T07:13:52+00:00","og_image":[{"width":1200,"height":628,"url":"https:\/\/moderaterna.se\/app\/uploads\/sites\/5\/2022\/01\/DELNINGSBILD_hemsida_fo\u0308rstasida.png","type":"image\/png"}],"author":"Veronica Nordstr\u00f6m","twitter_card":"summary_large_image","twitter_creator":"@ModeratSthlm","twitter_site":"@ModeratSthlm","twitter_misc":{"Skriven av":"Veronica Nordstr\u00f6m","Ber\u00e4knad l\u00e4stid":"1 minut"},"schema":{"@context":"https:\/\/schema.org","@graph":[{"@type":"Article","@id":"https:\/\/moderaterna.se\/stockholm\/nyhet\/tomas-tobe-om-barnsoldaterna-ett-gemensamt-eu-problem\/#article","isPartOf":{"@id":"https:\/\/moderaterna.se\/stockholm\/nyhet\/tomas-tobe-om-barnsoldaterna-ett-gemensamt-eu-problem\/"},"author":{"name":"Veronica Nordstr\u00f6m","@id":"https:\/\/moderaterna.se\/stockholm\/#\/schema\/person\/1790a6c815cef6251a1f13d3fd5254bd"},"headline":"Tomas Tob\u00e9 om \u201dbarnsoldaterna\u201d: \u201dEtt gemensamt EU-problem\u201d.\u00a0","datePublished":"2024-11-11T10:59:00+00:00","dateModified":"2024-11-12T07:13:52+00:00","mainEntityOfPage":{"@id":"https:\/\/moderaterna.se\/stockholm\/nyhet\/tomas-tobe-om-barnsoldaterna-ett-gemensamt-eu-problem\/"},"wordCount":67,"publisher":{"@id":"https:\/\/moderaterna.se\/stockholm\/#organization"},"articleSection":["Nyhet"],"inLanguage":"sv-SE"},{"@type":"WebPage","@id":"https:\/\/moderaterna.se\/stockholm\/nyhet\/tomas-tobe-om-barnsoldaterna-ett-gemensamt-eu-problem\/","url":"https:\/\/moderaterna.se\/stockholm\/nyhet\/tomas-tobe-om-barnsoldaterna-ett-gemensamt-eu-problem\/","name":"Tomas Tob\u00e9 om \u201dbarnsoldaterna\u201d: \u201dEtt gemensamt EU-problem\u201d.\u00a0 | Moderaterna i Stockholms stad och l\u00e4n","isPartOf":{"@id":"https:\/\/moderaterna.se\/stockholm\/#website"},"datePublished":"2024-11-11T10:59:00+00:00","dateModified":"2024-11-12T07:13:52+00:00","breadcrumb":{"@id":"https:\/\/moderaterna.se\/stockholm\/nyhet\/tomas-tobe-om-barnsoldaterna-ett-gemensamt-eu-problem\/#breadcrumb"},"inLanguage":"sv-SE","potentialAction":[{"@type":"ReadAction","target":["https:\/\/moderaterna.se\/stockholm\/nyhet\/tomas-tobe-om-barnsoldaterna-ett-gemensamt-eu-problem\/"]}]},{"@type":"BreadcrumbList","@id":"https:\/\/moderaterna.se\/stockholm\/nyhet\/tomas-tobe-om-barnsoldaterna-ett-gemensamt-eu-problem\/#breadcrumb","itemListElement":[{"@type":"ListItem","position":1,"name":"Hem","item":"https:\/\/moderaterna.se\/stockholm\/"},{"@type":"ListItem","position":2,"name":"Tomas Tob\u00e9 om \u201dbarnsoldaterna\u201d: \u201dEtt gemensamt EU-problem\u201d.\u00a0"}]},{"@type":"WebSite","@id":"https:\/\/moderaterna.se\/stockholm\/#website","url":"https:\/\/moderaterna.se\/stockholm\/","name":"Moderaterna i Stockholms stad och l\u00e4n","description":"Nu f\u00e5r vi ordning p\u00e5 Sverige","publisher":{"@id":"https:\/\/moderaterna.se\/stockholm\/#organization"},"potentialAction":[{"@type":"SearchAction","target":{"@type":"EntryPoint","urlTemplate":"https:\/\/moderaterna.se\/stockholm\/?s={search_term_string}"},"query-input":{"@type":"PropertyValueSpecification","valueRequired":true,"valueName":"search_term_string"}}],"inLanguage":"sv-SE"},{"@type":"Organization","@id":"https:\/\/moderaterna.se\/stockholm\/#organization","name":"Moderaterna","url":"https:\/\/moderaterna.se\/stockholm\/","logo":{"@type":"ImageObject","inLanguage":"sv-SE","@id":"https:\/\/moderaterna.se\/stockholm\/#\/schema\/logo\/image\/","url":"https:\/\/moderaterna.se\/app\/uploads\/2021\/10\/logo-general@2x.png","contentUrl":"https:\/\/moderaterna.se\/app\/uploads\/2021\/10\/logo-general@2x.png","width":122,"height":122,"caption":"Moderaterna"},"image":{"@id":"https:\/\/moderaterna.se\/stockholm\/#\/schema\/logo\/image\/"},"sameAs":["https:\/\/www.facebook.com\/ModeraternaSthlm","https:\/\/x.com\/ModeratSthlm","https:\/\/www.instagram.com\/moderatsthlm\/","https:\/\/www.youtube.com\/user\/ModeraternaSthlm"]},{"@type":"Person","@id":"https:\/\/moderaterna.se\/stockholm\/#\/schema\/person\/1790a6c815cef6251a1f13d3fd5254bd","name":"Veronica Nordstr\u00f6m","image":{"@type":"ImageObject","inLanguage":"sv-SE","@id":"https:\/\/moderaterna.se\/stockholm\/#\/schema\/person\/image\/","url":"https:\/\/secure.gravatar.com\/avatar\/cdb9d339dbafa52c812526e3f75df35bab1725c8375eaa3e17b27f2a40e8b094?s=96&d=mm&r=g","contentUrl":"https:\/\/secure.gravatar.com\/avatar\/cdb9d339dbafa52c812526e3f75df35bab1725c8375eaa3e17b27f2a40e8b094?s=96&d=mm&r=g","caption":"Veronica Nordstr\u00f6m"},"url":"https:\/\/moderaterna.se\/stockholm\/author\/veronicanordstrom\/"}]}},"publishpress_future_action":{"enabled":false,"date":"2026-05-04 10:05:55","action":"change-status","newStatus":"draft","terms":[],"taxonomy":"category"},"_links":{"self":[{"href":"https:\/\/moderaterna.se\/stockholm\/wp-json\/wp\/v2\/posts\/5278","targetHints":{"allow":["GET"]}}],"collection":[{"href":"https:\/\/moderaterna.se\/stockholm\/wp-json\/wp\/v2\/posts"}],"about":[{"href":"https:\/\/moderaterna.se\/stockholm\/wp-json\/wp\/v2\/types\/post"}],"author":[{"embeddable":true,"href":"https:\/\/moderaterna.se\/stockholm\/wp-json\/wp\/v2\/users\/55"}],"replies":[{"embeddable":true,"href":"https:\/\/moderaterna.se\/stockholm\/wp-json\/wp\/v2\/comments?post=5278"}],"version-history":[{"count":6,"href":"https:\/\/moderaterna.se\/stockholm\/wp-json\/wp\/v2\/posts\/5278\/revisions"}],"predecessor-version":[{"id":5298,"href":"https:\/\/moderaterna.se\/stockholm\/wp-json\/wp\/v2\/posts\/5278\/revisions\/5298"}],"wp:attachment":[{"href":"https:\/\/moderaterna.se\/stockholm\/wp-json\/wp\/v2\/media?parent=5278"}],"wp:term":[{"taxonomy":"category","embeddable":true,"href":"https:\/\/moderaterna.se\/stockholm\/wp-json\/wp\/v2\/categories?post=5278"},{"taxonomy":"post_tag","embeddable":true,"href":"https:\/\/moderaterna.se\/stockholm\/wp-json\/wp\/v2\/tags?post=5278"},{"taxonomy":"subject","embeddable":true,"href":"https:\/\/moderaterna.se\/stockholm\/wp-json\/wp\/v2\/subject?post=5278"}],"curies":[{"name":"wp","href":"https:\/\/api.w.org\/{rel}","templated":true}]}}