{"id":4642,"date":"2024-08-06T15:14:28","date_gmt":"2024-08-06T13:14:28","guid":{"rendered":"https:\/\/moderaterna.se\/stockholm\/?p=4642"},"modified":"2024-08-06T15:19:20","modified_gmt":"2024-08-06T13:19:20","slug":"debatt-hbtq-perspektiven-saknas-nedlaggningar-inom-region-stockholm-maste-omprovas","status":"publish","type":"post","link":"https:\/\/moderaterna.se\/stockholm\/nyhet\/debatt-hbtq-perspektiven-saknas-nedlaggningar-inom-region-stockholm-maste-omprovas\/","title":{"rendered":"Debatt: HBTQ-perspektiven saknas \u2013 nedl\u00e4ggningar inom Region Stockholm m\u00e5ste ompr\u00f6vas"},"content":{"rendered":"\n<p><\/p>\n\n\n\n<p><strong>Debatt: HBTQ-perspektiven saknas \u2013 nedl\u00e4ggningar inom Region Stockholm m\u00e5ste ompr\u00f6vas<\/strong>.<br>Det viktiga \u00e4r inte vem som \u00e4ger en v\u00e5rdcentral utan att v\u00e5rden ges snabbt, \u00e4r individanpassad och h\u00e5ller h\u00f6g kvalitet. Mer pragmatism och mindre v\u00e4nsterideologi hade s\u00e4rskilt gynnat HBTQ-personers tillg\u00e5ng till kvalitativ, individanpassad v\u00e5rd i Region Stockholm skriver oppositionsregionr\u00e5det Axel Conradi tillsammans med Kim Nilsson och\u00a0Peter Carlstr\u00f6m i Dagens samh\u00e4lle.<\/p>\n\n\n\n<p><\/p>\n\n\n\n<div class=\"wp-block-buttons is-layout-flex wp-block-buttons-is-layout-flex\">\n<div class=\"wp-block-button\"><a class=\"wp-block-button__link wp-element-button\" href=\"https:\/\/www.dagenssamhalle.se\/opinion\/debatt\/hbtq-perspektiven-saknas-nedlaggningar-inom-region-stockholm-maste-omprovas\/?fbclid=IwY2xjawEe_rNleHRuA2FlbQIxMAABHVKNayloruRFKbOkIoeFuPSz-33jIrmvoX08DPqff0UyvXJwKP_lLYaupA_aem_Y0G7kjwlTTgVbrdrBCFtbQ\">L\u00e4s mer h\u00e4r!<\/a><\/div>\n<\/div>\n\n\n\n<p><\/p>\n\n\n<div class=\"wp-block-image\">\n<figure class=\"alignleft size-large is-resized\"><img loading=\"lazy\" decoding=\"async\" width=\"1024\" height=\"1024\" src=\"https:\/\/moderaterna.se\/app\/uploads\/sites\/5\/2024\/08\/454011598_10160140081707045_213139242736764453_n-1024x1024.jpg\" alt=\"\" class=\"wp-image-4643\" style=\"width:624px;height:auto\" srcset=\"https:\/\/moderaterna.se\/app\/uploads\/sites\/5\/2024\/08\/454011598_10160140081707045_213139242736764453_n-1024x1024.jpg 1024w, https:\/\/moderaterna.se\/app\/uploads\/sites\/5\/2024\/08\/454011598_10160140081707045_213139242736764453_n-300x300.jpg 300w, https:\/\/moderaterna.se\/app\/uploads\/sites\/5\/2024\/08\/454011598_10160140081707045_213139242736764453_n-150x150.jpg 150w, https:\/\/moderaterna.se\/app\/uploads\/sites\/5\/2024\/08\/454011598_10160140081707045_213139242736764453_n-768x768.jpg 768w, https:\/\/moderaterna.se\/app\/uploads\/sites\/5\/2024\/08\/454011598_10160140081707045_213139242736764453_n.jpg 1080w\" sizes=\"auto, (max-width: 1024px) 100vw, 1024px\" \/><\/figure>\n<\/div>","protected":false},"excerpt":{"rendered":"<p>Debatt: HBTQ-perspektiven saknas \u2013 nedl\u00e4ggningar inom Region Stockholm m\u00e5ste ompr\u00f6vas.Det viktiga \u00e4r inte vem som \u00e4ger en v\u00e5rdcentral utan att v\u00e5rden ges snabbt, \u00e4r individanpassad och h\u00e5ller h\u00f6g kvalitet. Mer pragmatism och mindre v\u00e4nsterideologi hade s\u00e4rskilt gynnat HBTQ-personers tillg\u00e5ng till kvalitativ, individanpassad v\u00e5rd i Region Stockholm skriver oppositionsregionr\u00e5det Axel Conradi tillsammans med Kim Nilsson och\u00a0Peter [&hellip;]<\/p>\n","protected":false},"author":55,"featured_media":0,"comment_status":"closed","ping_status":"closed","sticky":false,"template":"","format":"standard","meta":{"_acf_changed":false,"_relevanssi_hide_post":"","_relevanssi_hide_content":"","_relevanssi_pin_for_all":"","_relevanssi_pin_keywords":"","_relevanssi_unpin_keywords":"","_relevanssi_related_keywords":"","_relevanssi_related_include_ids":"","_relevanssi_related_exclude_ids":"","_relevanssi_related_no_append":"","_relevanssi_related_not_related":"","_relevanssi_related_posts":"1906,979,3006,953,2849,995","_relevanssi_noindex_reason":"","footnotes":""},"categories":[1],"tags":[],"subject":[],"class_list":["post-4642","post","type-post","status-publish","format-standard","hentry","category-nyhet"],"acf":[],"yoast_head":"<!-- This site is optimized with the Yoast SEO Premium plugin v27.1 (Yoast SEO v27.1.1) - https:\/\/yoast.com\/product\/yoast-seo-premium-wordpress\/ -->\n<title>Debatt: HBTQ-perspektiven saknas \u2013 nedl\u00e4ggningar inom Region Stockholm m\u00e5ste ompr\u00f6vas | Moderaterna i Stockholms stad och l\u00e4n<\/title>\n<meta name=\"robots\" content=\"index, follow, max-snippet:-1, max-image-preview:large, max-video-preview:-1\" \/>\n<link rel=\"canonical\" href=\"https:\/\/moderaterna.se\/stockholm\/nyhet\/debatt-hbtq-perspektiven-saknas-nedlaggningar-inom-region-stockholm-maste-omprovas\/\" \/>\n<meta property=\"og:locale\" content=\"sv_SE\" \/>\n<meta property=\"og:type\" content=\"article\" \/>\n<meta property=\"og:title\" content=\"Debatt: HBTQ-perspektiven saknas \u2013 nedl\u00e4ggningar inom Region Stockholm m\u00e5ste ompr\u00f6vas\" \/>\n<meta property=\"og:url\" content=\"https:\/\/moderaterna.se\/stockholm\/nyhet\/debatt-hbtq-perspektiven-saknas-nedlaggningar-inom-region-stockholm-maste-omprovas\/\" \/>\n<meta property=\"og:site_name\" content=\"Moderaterna i Stockholms stad och l\u00e4n\" \/>\n<meta property=\"article:publisher\" content=\"https:\/\/www.facebook.com\/ModeraternaSthlm\" \/>\n<meta property=\"article:published_time\" content=\"2024-08-06T13:14:28+00:00\" \/>\n<meta property=\"article:modified_time\" content=\"2024-08-06T13:19:20+00:00\" \/>\n<meta property=\"og:image\" content=\"https:\/\/moderaterna.se\/app\/uploads\/sites\/5\/2022\/01\/DELNINGSBILD_hemsida_fo\u0308rstasida.png\" \/>\n\t<meta property=\"og:image:width\" content=\"1200\" \/>\n\t<meta property=\"og:image:height\" content=\"628\" \/>\n\t<meta property=\"og:image:type\" content=\"image\/png\" \/>\n<meta name=\"author\" content=\"Veronica Nordstr\u00f6m\" \/>\n<meta name=\"twitter:card\" content=\"summary_large_image\" \/>\n<meta name=\"twitter:creator\" content=\"@ModeratSthlm\" \/>\n<meta name=\"twitter:site\" content=\"@ModeratSthlm\" \/>\n<meta name=\"twitter:label1\" content=\"Skriven av\" \/>\n\t<meta name=\"twitter:data1\" content=\"Veronica Nordstr\u00f6m\" \/>\n\t<meta name=\"twitter:label2\" content=\"Ber\u00e4knad l\u00e4stid\" \/>\n\t<meta name=\"twitter:data2\" content=\"1 minut\" \/>\n<script type=\"application\/ld+json\" class=\"yoast-schema-graph\">{\"@context\":\"https:\/\/schema.org\",\"@graph\":[{\"@type\":\"Article\",\"@id\":\"https:\/\/moderaterna.se\/stockholm\/nyhet\/debatt-hbtq-perspektiven-saknas-nedlaggningar-inom-region-stockholm-maste-omprovas\/#article\",\"isPartOf\":{\"@id\":\"https:\/\/moderaterna.se\/stockholm\/nyhet\/debatt-hbtq-perspektiven-saknas-nedlaggningar-inom-region-stockholm-maste-omprovas\/\"},\"author\":{\"name\":\"Veronica Nordstr\u00f6m\",\"@id\":\"https:\/\/moderaterna.se\/stockholm\/#\/schema\/person\/1790a6c815cef6251a1f13d3fd5254bd\"},\"headline\":\"Debatt: HBTQ-perspektiven saknas \u2013 nedl\u00e4ggningar inom Region Stockholm m\u00e5ste ompr\u00f6vas\",\"datePublished\":\"2024-08-06T13:14:28+00:00\",\"dateModified\":\"2024-08-06T13:19:20+00:00\",\"mainEntityOfPage\":{\"@id\":\"https:\/\/moderaterna.se\/stockholm\/nyhet\/debatt-hbtq-perspektiven-saknas-nedlaggningar-inom-region-stockholm-maste-omprovas\/\"},\"wordCount\":91,\"publisher\":{\"@id\":\"https:\/\/moderaterna.se\/stockholm\/#organization\"},\"articleSection\":[\"Nyhet\"],\"inLanguage\":\"sv-SE\"},{\"@type\":\"WebPage\",\"@id\":\"https:\/\/moderaterna.se\/stockholm\/nyhet\/debatt-hbtq-perspektiven-saknas-nedlaggningar-inom-region-stockholm-maste-omprovas\/\",\"url\":\"https:\/\/moderaterna.se\/stockholm\/nyhet\/debatt-hbtq-perspektiven-saknas-nedlaggningar-inom-region-stockholm-maste-omprovas\/\",\"name\":\"Debatt: HBTQ-perspektiven saknas \u2013 nedl\u00e4ggningar inom Region Stockholm m\u00e5ste ompr\u00f6vas | Moderaterna i Stockholms stad och l\u00e4n\",\"isPartOf\":{\"@id\":\"https:\/\/moderaterna.se\/stockholm\/#website\"},\"datePublished\":\"2024-08-06T13:14:28+00:00\",\"dateModified\":\"2024-08-06T13:19:20+00:00\",\"breadcrumb\":{\"@id\":\"https:\/\/moderaterna.se\/stockholm\/nyhet\/debatt-hbtq-perspektiven-saknas-nedlaggningar-inom-region-stockholm-maste-omprovas\/#breadcrumb\"},\"inLanguage\":\"sv-SE\",\"potentialAction\":[{\"@type\":\"ReadAction\",\"target\":[\"https:\/\/moderaterna.se\/stockholm\/nyhet\/debatt-hbtq-perspektiven-saknas-nedlaggningar-inom-region-stockholm-maste-omprovas\/\"]}]},{\"@type\":\"BreadcrumbList\",\"@id\":\"https:\/\/moderaterna.se\/stockholm\/nyhet\/debatt-hbtq-perspektiven-saknas-nedlaggningar-inom-region-stockholm-maste-omprovas\/#breadcrumb\",\"itemListElement\":[{\"@type\":\"ListItem\",\"position\":1,\"name\":\"Hem\",\"item\":\"https:\/\/moderaterna.se\/stockholm\/\"},{\"@type\":\"ListItem\",\"position\":2,\"name\":\"Debatt: HBTQ-perspektiven saknas \u2013 nedl\u00e4ggningar inom Region Stockholm m\u00e5ste ompr\u00f6vas\"}]},{\"@type\":\"WebSite\",\"@id\":\"https:\/\/moderaterna.se\/stockholm\/#website\",\"url\":\"https:\/\/moderaterna.se\/stockholm\/\",\"name\":\"Moderaterna i Stockholms stad och l\u00e4n\",\"description\":\"Nu f\u00e5r vi ordning p\u00e5 Sverige\",\"publisher\":{\"@id\":\"https:\/\/moderaterna.se\/stockholm\/#organization\"},\"potentialAction\":[{\"@type\":\"SearchAction\",\"target\":{\"@type\":\"EntryPoint\",\"urlTemplate\":\"https:\/\/moderaterna.se\/stockholm\/?s={search_term_string}\"},\"query-input\":{\"@type\":\"PropertyValueSpecification\",\"valueRequired\":true,\"valueName\":\"search_term_string\"}}],\"inLanguage\":\"sv-SE\"},{\"@type\":\"Organization\",\"@id\":\"https:\/\/moderaterna.se\/stockholm\/#organization\",\"name\":\"Moderaterna\",\"url\":\"https:\/\/moderaterna.se\/stockholm\/\",\"logo\":{\"@type\":\"ImageObject\",\"inLanguage\":\"sv-SE\",\"@id\":\"https:\/\/moderaterna.se\/stockholm\/#\/schema\/logo\/image\/\",\"url\":\"https:\/\/moderaterna.se\/app\/uploads\/2021\/10\/logo-general@2x.png\",\"contentUrl\":\"https:\/\/moderaterna.se\/app\/uploads\/2021\/10\/logo-general@2x.png\",\"width\":122,\"height\":122,\"caption\":\"Moderaterna\"},\"image\":{\"@id\":\"https:\/\/moderaterna.se\/stockholm\/#\/schema\/logo\/image\/\"},\"sameAs\":[\"https:\/\/www.facebook.com\/ModeraternaSthlm\",\"https:\/\/x.com\/ModeratSthlm\",\"https:\/\/www.instagram.com\/moderatsthlm\/\",\"https:\/\/www.youtube.com\/user\/ModeraternaSthlm\"]},{\"@type\":\"Person\",\"@id\":\"https:\/\/moderaterna.se\/stockholm\/#\/schema\/person\/1790a6c815cef6251a1f13d3fd5254bd\",\"name\":\"Veronica Nordstr\u00f6m\",\"image\":{\"@type\":\"ImageObject\",\"inLanguage\":\"sv-SE\",\"@id\":\"https:\/\/moderaterna.se\/stockholm\/#\/schema\/person\/image\/\",\"url\":\"https:\/\/secure.gravatar.com\/avatar\/cdb9d339dbafa52c812526e3f75df35bab1725c8375eaa3e17b27f2a40e8b094?s=96&d=mm&r=g\",\"contentUrl\":\"https:\/\/secure.gravatar.com\/avatar\/cdb9d339dbafa52c812526e3f75df35bab1725c8375eaa3e17b27f2a40e8b094?s=96&d=mm&r=g\",\"caption\":\"Veronica Nordstr\u00f6m\"},\"url\":\"https:\/\/moderaterna.se\/stockholm\/author\/veronicanordstrom\/\"}]}<\/script>\n<!-- \/ Yoast SEO Premium plugin. -->","yoast_head_json":{"title":"Debatt: HBTQ-perspektiven saknas \u2013 nedl\u00e4ggningar inom Region Stockholm m\u00e5ste ompr\u00f6vas | Moderaterna i Stockholms stad och l\u00e4n","robots":{"index":"index","follow":"follow","max-snippet":"max-snippet:-1","max-image-preview":"max-image-preview:large","max-video-preview":"max-video-preview:-1"},"canonical":"https:\/\/moderaterna.se\/stockholm\/nyhet\/debatt-hbtq-perspektiven-saknas-nedlaggningar-inom-region-stockholm-maste-omprovas\/","og_locale":"sv_SE","og_type":"article","og_title":"Debatt: HBTQ-perspektiven saknas \u2013 nedl\u00e4ggningar inom Region Stockholm m\u00e5ste ompr\u00f6vas","og_url":"https:\/\/moderaterna.se\/stockholm\/nyhet\/debatt-hbtq-perspektiven-saknas-nedlaggningar-inom-region-stockholm-maste-omprovas\/","og_site_name":"Moderaterna i Stockholms stad och l\u00e4n","article_publisher":"https:\/\/www.facebook.com\/ModeraternaSthlm","article_published_time":"2024-08-06T13:14:28+00:00","article_modified_time":"2024-08-06T13:19:20+00:00","og_image":[{"width":1200,"height":628,"url":"https:\/\/moderaterna.se\/app\/uploads\/sites\/5\/2022\/01\/DELNINGSBILD_hemsida_fo\u0308rstasida.png","type":"image\/png"}],"author":"Veronica Nordstr\u00f6m","twitter_card":"summary_large_image","twitter_creator":"@ModeratSthlm","twitter_site":"@ModeratSthlm","twitter_misc":{"Skriven av":"Veronica Nordstr\u00f6m","Ber\u00e4knad l\u00e4stid":"1 minut"},"schema":{"@context":"https:\/\/schema.org","@graph":[{"@type":"Article","@id":"https:\/\/moderaterna.se\/stockholm\/nyhet\/debatt-hbtq-perspektiven-saknas-nedlaggningar-inom-region-stockholm-maste-omprovas\/#article","isPartOf":{"@id":"https:\/\/moderaterna.se\/stockholm\/nyhet\/debatt-hbtq-perspektiven-saknas-nedlaggningar-inom-region-stockholm-maste-omprovas\/"},"author":{"name":"Veronica Nordstr\u00f6m","@id":"https:\/\/moderaterna.se\/stockholm\/#\/schema\/person\/1790a6c815cef6251a1f13d3fd5254bd"},"headline":"Debatt: HBTQ-perspektiven saknas \u2013 nedl\u00e4ggningar inom Region Stockholm m\u00e5ste ompr\u00f6vas","datePublished":"2024-08-06T13:14:28+00:00","dateModified":"2024-08-06T13:19:20+00:00","mainEntityOfPage":{"@id":"https:\/\/moderaterna.se\/stockholm\/nyhet\/debatt-hbtq-perspektiven-saknas-nedlaggningar-inom-region-stockholm-maste-omprovas\/"},"wordCount":91,"publisher":{"@id":"https:\/\/moderaterna.se\/stockholm\/#organization"},"articleSection":["Nyhet"],"inLanguage":"sv-SE"},{"@type":"WebPage","@id":"https:\/\/moderaterna.se\/stockholm\/nyhet\/debatt-hbtq-perspektiven-saknas-nedlaggningar-inom-region-stockholm-maste-omprovas\/","url":"https:\/\/moderaterna.se\/stockholm\/nyhet\/debatt-hbtq-perspektiven-saknas-nedlaggningar-inom-region-stockholm-maste-omprovas\/","name":"Debatt: HBTQ-perspektiven saknas \u2013 nedl\u00e4ggningar inom Region Stockholm m\u00e5ste ompr\u00f6vas | Moderaterna i Stockholms stad och l\u00e4n","isPartOf":{"@id":"https:\/\/moderaterna.se\/stockholm\/#website"},"datePublished":"2024-08-06T13:14:28+00:00","dateModified":"2024-08-06T13:19:20+00:00","breadcrumb":{"@id":"https:\/\/moderaterna.se\/stockholm\/nyhet\/debatt-hbtq-perspektiven-saknas-nedlaggningar-inom-region-stockholm-maste-omprovas\/#breadcrumb"},"inLanguage":"sv-SE","potentialAction":[{"@type":"ReadAction","target":["https:\/\/moderaterna.se\/stockholm\/nyhet\/debatt-hbtq-perspektiven-saknas-nedlaggningar-inom-region-stockholm-maste-omprovas\/"]}]},{"@type":"BreadcrumbList","@id":"https:\/\/moderaterna.se\/stockholm\/nyhet\/debatt-hbtq-perspektiven-saknas-nedlaggningar-inom-region-stockholm-maste-omprovas\/#breadcrumb","itemListElement":[{"@type":"ListItem","position":1,"name":"Hem","item":"https:\/\/moderaterna.se\/stockholm\/"},{"@type":"ListItem","position":2,"name":"Debatt: HBTQ-perspektiven saknas \u2013 nedl\u00e4ggningar inom Region Stockholm m\u00e5ste ompr\u00f6vas"}]},{"@type":"WebSite","@id":"https:\/\/moderaterna.se\/stockholm\/#website","url":"https:\/\/moderaterna.se\/stockholm\/","name":"Moderaterna i Stockholms stad och l\u00e4n","description":"Nu f\u00e5r vi ordning p\u00e5 Sverige","publisher":{"@id":"https:\/\/moderaterna.se\/stockholm\/#organization"},"potentialAction":[{"@type":"SearchAction","target":{"@type":"EntryPoint","urlTemplate":"https:\/\/moderaterna.se\/stockholm\/?s={search_term_string}"},"query-input":{"@type":"PropertyValueSpecification","valueRequired":true,"valueName":"search_term_string"}}],"inLanguage":"sv-SE"},{"@type":"Organization","@id":"https:\/\/moderaterna.se\/stockholm\/#organization","name":"Moderaterna","url":"https:\/\/moderaterna.se\/stockholm\/","logo":{"@type":"ImageObject","inLanguage":"sv-SE","@id":"https:\/\/moderaterna.se\/stockholm\/#\/schema\/logo\/image\/","url":"https:\/\/moderaterna.se\/app\/uploads\/2021\/10\/logo-general@2x.png","contentUrl":"https:\/\/moderaterna.se\/app\/uploads\/2021\/10\/logo-general@2x.png","width":122,"height":122,"caption":"Moderaterna"},"image":{"@id":"https:\/\/moderaterna.se\/stockholm\/#\/schema\/logo\/image\/"},"sameAs":["https:\/\/www.facebook.com\/ModeraternaSthlm","https:\/\/x.com\/ModeratSthlm","https:\/\/www.instagram.com\/moderatsthlm\/","https:\/\/www.youtube.com\/user\/ModeraternaSthlm"]},{"@type":"Person","@id":"https:\/\/moderaterna.se\/stockholm\/#\/schema\/person\/1790a6c815cef6251a1f13d3fd5254bd","name":"Veronica Nordstr\u00f6m","image":{"@type":"ImageObject","inLanguage":"sv-SE","@id":"https:\/\/moderaterna.se\/stockholm\/#\/schema\/person\/image\/","url":"https:\/\/secure.gravatar.com\/avatar\/cdb9d339dbafa52c812526e3f75df35bab1725c8375eaa3e17b27f2a40e8b094?s=96&d=mm&r=g","contentUrl":"https:\/\/secure.gravatar.com\/avatar\/cdb9d339dbafa52c812526e3f75df35bab1725c8375eaa3e17b27f2a40e8b094?s=96&d=mm&r=g","caption":"Veronica Nordstr\u00f6m"},"url":"https:\/\/moderaterna.se\/stockholm\/author\/veronicanordstrom\/"}]}},"publishpress_future_action":{"enabled":false,"date":"2026-05-04 12:55:54","action":"change-status","newStatus":"draft","terms":[],"taxonomy":"category"},"_links":{"self":[{"href":"https:\/\/moderaterna.se\/stockholm\/wp-json\/wp\/v2\/posts\/4642","targetHints":{"allow":["GET"]}}],"collection":[{"href":"https:\/\/moderaterna.se\/stockholm\/wp-json\/wp\/v2\/posts"}],"about":[{"href":"https:\/\/moderaterna.se\/stockholm\/wp-json\/wp\/v2\/types\/post"}],"author":[{"embeddable":true,"href":"https:\/\/moderaterna.se\/stockholm\/wp-json\/wp\/v2\/users\/55"}],"replies":[{"embeddable":true,"href":"https:\/\/moderaterna.se\/stockholm\/wp-json\/wp\/v2\/comments?post=4642"}],"version-history":[{"count":5,"href":"https:\/\/moderaterna.se\/stockholm\/wp-json\/wp\/v2\/posts\/4642\/revisions"}],"predecessor-version":[{"id":4649,"href":"https:\/\/moderaterna.se\/stockholm\/wp-json\/wp\/v2\/posts\/4642\/revisions\/4649"}],"wp:attachment":[{"href":"https:\/\/moderaterna.se\/stockholm\/wp-json\/wp\/v2\/media?parent=4642"}],"wp:term":[{"taxonomy":"category","embeddable":true,"href":"https:\/\/moderaterna.se\/stockholm\/wp-json\/wp\/v2\/categories?post=4642"},{"taxonomy":"post_tag","embeddable":true,"href":"https:\/\/moderaterna.se\/stockholm\/wp-json\/wp\/v2\/tags?post=4642"},{"taxonomy":"subject","embeddable":true,"href":"https:\/\/moderaterna.se\/stockholm\/wp-json\/wp\/v2\/subject?post=4642"}],"curies":[{"name":"wp","href":"https:\/\/api.w.org\/{rel}","templated":true}]}}