{"id":4478,"date":"2024-06-24T16:24:45","date_gmt":"2024-06-24T14:24:45","guid":{"rendered":"https:\/\/moderaterna.se\/stockholm\/?p=4478"},"modified":"2024-06-24T18:13:13","modified_gmt":"2024-06-24T16:13:13","slug":"s-ni-fortsatter-att-ga-extremisters-arenden","status":"publish","type":"post","link":"https:\/\/moderaterna.se\/stockholm\/artikel\/s-ni-fortsatter-att-ga-extremisters-arenden\/","title":{"rendered":"Debattartikel: S, ni forts\u00e4tter att g\u00e5 extremisters \u00e4renden"},"content":{"rendered":"\n<p><\/p>\n\n\n\n<p><strong>Socialdemokraterna&nbsp;p\u00e5st\u00e5r sig ompr\u00f6va sin politik f\u00f6r att f\u00f6r att motverka segregation och fr\u00e4mja integration, samtidigt forts\u00e4tter man att g\u00e5 extremismens och splittringens \u00e4renden i&nbsp;Stockholm. Man betalar pengar till islamister, st\u00f6der diktaturfestivaler och inf\u00f6r separat tider f\u00f6r pojkar och flickor i badhusen \u2013 och motverkar d\u00e4rmed allt man vill s\u00e4ger sig vilja f\u00f6r\u00e4ndra nationellt.<\/strong><br><br>Under stor uppm\u00e4rksamhet presenterar Socialdemokraterna nu nya f\u00f6rslag f\u00f6r att bryta segregationen. Man h\u00e4vdar att&nbsp;\u201dingen uppgift \u00e4r mer akut\u201d&nbsp;\u00e4n att skapa ett mer j\u00e4mlikt samh\u00e4lle d\u00e4r Sverige inte ska ha n\u00e5gra utsatta omr\u00e5den. Den nya socialdemokratiska politiken inneh\u00e5ller genomgripande f\u00f6rslag f\u00f6r att uppn\u00e5 m\u00e5lbilden.<br><br>Problemet \u00e4r bara att det inte alls h\u00e4nger ihop. Diskrepansen mellan vad Socialdemokraterna s\u00e4ger sig vilja g\u00f6ra nationellt och politiken de faktiskt bedriver blir allt st\u00f6rre.<\/p>\n\n\n\n<p>Allt tal om att \u00f6ka sammanh\u00e5llningen i samh\u00e4llet ekar tomt n\u00e4r de riktiga besluten visar n\u00e5got helt annat. I Stockholm bedriver man tv\u00e4rtom en politik som aktivt bidrar till mer segregation och \u00f6kad splittring.<br><br>Numera \u00e4r exemplen tyv\u00e4rr s\u00e5 m\u00e5nga att de inte g\u00e5r att vifta bort som olycksfall i det socialdemokratiska arbetet:<\/p>\n\n\n\n<ol class=\"wp-block-list\" start=\"1\">\n<li><strong>M\u00e5ngmiljonst\u00f6d till islamistiska Ibn Rushd.<\/strong>\u00a0Studief\u00f6rbundet Ibn Rushd avsl\u00f6jas g\u00e5ng p\u00e5 g\u00e5ng med antisemitism, homofobi och kvinnoneds\u00e4ttande studiematerial. Runt om i landet dras st\u00f6det till f\u00f6rbundet in, och Folkbildningsr\u00e5det har inlett ytterligare en granskning av verksamheten.\u2028Men i Stockholm forts\u00e4tter allt som vanligt &#8211; h\u00e4r beslutade man trots alla skandaler nyligen att betala ut miljonst\u00f6d till Ibn Rushd i flera \u00e5r.<br><br><\/li>\n\n\n\n<li><strong>St\u00f6d till diktaturfestivalen p\u00e5 J\u00e4rva.\u00a0<\/strong>Man till\u00e5ter \u00e5terigen att den eritreanska diktaturfestivalen genomf\u00f6rs p\u00e5 J\u00e4rvaf\u00e4ltet i sommar. Festivalen f\u00e5r anordnas trots att arrang\u00f6ren enligt experter som FOI har n\u00e4ra kopplingar till den eritreanska regimen och f\u00f6rra \u00e5ret slutade i upplopp d\u00e4r 200 personer frihetsber\u00f6vades, 50 personer fick f\u00f6ras till sjukhus, ett antal av dem poliser.<br><br><\/li>\n\n\n\n<li><strong>Inf\u00f6r separata badtider f\u00f6r pojkar och flickor.<\/strong>\u00a0Sedan tidigare finns det flera badhus i Stockholm med k\u00f6nsseparerade badtider. Just nu h\u00e5ller Socialdemokraterna p\u00e5 att inf\u00f6ra separata badtider p\u00e5 \u00e4nnu ett, det kommunala Husbybadet p\u00e5 J\u00e4rva.\u2028Det inneb\u00e4r att det kommer att finnas tider n\u00e4r pojkar och flickor inte f\u00e5r bada tillsammans.<br><br><\/li>\n\n\n\n<li><strong>Omv\u00e4nd ombildning.<\/strong>\u00a0Socialdemokraterna anv\u00e4nder de kommunala bostadsbolagen f\u00f6r att k\u00f6pa upp privata bostadsr\u00e4tter i utsatta omr\u00e5den. I V\u00e5rberg och Tensta \u00e4r hyresr\u00e4tten den dominerande bostadsformen.\u2028\u00c4nd\u00e5 k\u00f6per man bostadsr\u00e4ttsprojekt och omvandlar dem till kommunala hyresr\u00e4tter. D\u00e4rmed bef\u00e4ster man segregationen i st\u00e4llet f\u00f6r att bidra till mer blandade boendeformer som fr\u00e4mjar integrationen.<br><br><\/li>\n\n\n\n<li><strong>Moderaterna delar Socialdemokraternas ambition att minska segregationen i samh\u00e4llet.<\/strong> En grundf\u00f6ruts\u00e4ttning f\u00f6r att lyckas, \u00e4r att det offentliga slutar acceptera och aktivt st\u00f6tta aktiviteter och v\u00e4rderingar som splittrar samh\u00e4llet och undergr\u00e4ver de v\u00e4rderingar som det vilar p\u00e5. Det \u00e4r en sj\u00e4lvklarhet f\u00f6r Moderaterna.<br><\/li>\n<\/ol>\n\n\n\n<p>Men s\u00e5 l\u00e4nge som Socialdemokraterna s\u00e4ger en sak men g\u00f6r en helt annan g\u00e5r deras kurs\u00e4ndring av politiken inte att ta p\u00e5 allvar. Det spelar ingen roll hur m\u00e5nga arbetsgrupper som tills\u00e4tts eller hur mycket ny politik som presenteras.<br><br>N\u00e4r Moderaterna styr Stockholm igen kommer vi se till att det inf\u00f6rs tydliga demokrativillkor f\u00f6r att f\u00e5 f\u00f6reningsst\u00f6d och anv\u00e4nda stadens mark f\u00f6r festivaler, vi kommer att avskaffa separata badtider f\u00f6r att \u00f6ka j\u00e4mst\u00e4lldheten samt uppmuntra fler bostadsr\u00e4tter i utsatta omr\u00e5den. S\u00e5 bygger vi p\u00e5 riktigt ett samh\u00e4lle som h\u00e5ller ihop.<\/p>\n\n\n\n<p><strong>Christofer Fjellner,&nbsp;oppositionsborgarr\u00e5d och gruppledare Stockholms stad (M)<\/strong><\/p>\n\n\n\n<p><br><\/p>\n\n\n\n<div class=\"wp-block-buttons is-layout-flex wp-block-buttons-is-layout-flex\">\n<div class=\"wp-block-button\"><a class=\"wp-block-button__link wp-element-button\" href=\"https:\/\/www.aftonbladet.se\/debatt\/a\/mPrvzq\/moderaterna-i-stockholm-partiet-sager-en-sak-och-gor-tvart-om-i-verkligheten\">L\u00e4s debattartikeln i Aftonbladet h\u00e4r!<\/a><\/div>\n<\/div>\n","protected":false},"excerpt":{"rendered":"<p>Socialdemokraterna&nbsp;p\u00e5st\u00e5r sig ompr\u00f6va sin politik f\u00f6r att f\u00f6r att motverka segregation och fr\u00e4mja integration, samtidigt forts\u00e4tter man att g\u00e5 extremismens och splittringens \u00e4renden i&nbsp;Stockholm. Man betalar pengar till islamister, st\u00f6der diktaturfestivaler och inf\u00f6r separat tider f\u00f6r pojkar och flickor i badhusen \u2013 och motverkar d\u00e4rmed allt man vill s\u00e4ger sig vilja f\u00f6r\u00e4ndra nationellt. Under stor [&hellip;]<\/p>\n","protected":false},"author":55,"featured_media":0,"comment_status":"closed","ping_status":"closed","sticky":false,"template":"","format":"standard","meta":{"_acf_changed":false,"_relevanssi_hide_post":"","_relevanssi_hide_content":"","_relevanssi_pin_for_all":"","_relevanssi_pin_keywords":"","_relevanssi_unpin_keywords":"","_relevanssi_related_keywords":"","_relevanssi_related_include_ids":"","_relevanssi_related_exclude_ids":"","_relevanssi_related_no_append":"","_relevanssi_related_not_related":"","_relevanssi_related_posts":"2163,1906,979,1865,2187,2003","_relevanssi_noindex_reason":"","footnotes":""},"categories":[87,1],"tags":[],"subject":[],"class_list":["post-4478","post","type-post","status-publish","format-standard","hentry","category-artikel","category-nyhet"],"acf":[],"yoast_head":"<!-- This site is optimized with the Yoast SEO Premium plugin v27.1 (Yoast SEO v27.1.1) - https:\/\/yoast.com\/product\/yoast-seo-premium-wordpress\/ -->\n<title>Debattartikel: S, ni forts\u00e4tter att g\u00e5 extremisters \u00e4renden | Moderaterna i Stockholms stad och l\u00e4n<\/title>\n<meta name=\"robots\" content=\"index, follow, max-snippet:-1, max-image-preview:large, max-video-preview:-1\" \/>\n<link rel=\"canonical\" href=\"https:\/\/moderaterna.se\/stockholm\/artikel\/s-ni-fortsatter-att-ga-extremisters-arenden\/\" \/>\n<meta property=\"og:locale\" content=\"sv_SE\" \/>\n<meta property=\"og:type\" content=\"article\" \/>\n<meta property=\"og:title\" content=\"Debattartikel: S, ni forts\u00e4tter att g\u00e5 extremisters \u00e4renden\" \/>\n<meta property=\"og:url\" content=\"https:\/\/moderaterna.se\/stockholm\/artikel\/s-ni-fortsatter-att-ga-extremisters-arenden\/\" \/>\n<meta property=\"og:site_name\" content=\"Moderaterna i Stockholms stad och l\u00e4n\" \/>\n<meta property=\"article:publisher\" content=\"https:\/\/www.facebook.com\/ModeraternaSthlm\" \/>\n<meta property=\"article:published_time\" content=\"2024-06-24T14:24:45+00:00\" \/>\n<meta property=\"article:modified_time\" content=\"2024-06-24T16:13:13+00:00\" \/>\n<meta property=\"og:image\" content=\"https:\/\/moderaterna.se\/app\/uploads\/sites\/5\/2022\/01\/DELNINGSBILD_hemsida_fo\u0308rstasida.png\" \/>\n\t<meta property=\"og:image:width\" content=\"1200\" \/>\n\t<meta property=\"og:image:height\" content=\"628\" \/>\n\t<meta property=\"og:image:type\" content=\"image\/png\" \/>\n<meta name=\"author\" content=\"Veronica Nordstr\u00f6m\" \/>\n<meta name=\"twitter:card\" content=\"summary_large_image\" \/>\n<meta name=\"twitter:creator\" content=\"@ModeratSthlm\" \/>\n<meta name=\"twitter:site\" content=\"@ModeratSthlm\" \/>\n<meta name=\"twitter:label1\" content=\"Skriven av\" \/>\n\t<meta name=\"twitter:data1\" content=\"Veronica Nordstr\u00f6m\" \/>\n\t<meta name=\"twitter:label2\" content=\"Ber\u00e4knad l\u00e4stid\" \/>\n\t<meta name=\"twitter:data2\" content=\"3 minuter\" \/>\n<script type=\"application\/ld+json\" class=\"yoast-schema-graph\">{\"@context\":\"https:\/\/schema.org\",\"@graph\":[{\"@type\":\"Article\",\"@id\":\"https:\/\/moderaterna.se\/stockholm\/artikel\/s-ni-fortsatter-att-ga-extremisters-arenden\/#article\",\"isPartOf\":{\"@id\":\"https:\/\/moderaterna.se\/stockholm\/artikel\/s-ni-fortsatter-att-ga-extremisters-arenden\/\"},\"author\":{\"name\":\"Veronica Nordstr\u00f6m\",\"@id\":\"https:\/\/moderaterna.se\/stockholm\/#\/schema\/person\/1790a6c815cef6251a1f13d3fd5254bd\"},\"headline\":\"Debattartikel: S, ni forts\u00e4tter att g\u00e5 extremisters \u00e4renden\",\"datePublished\":\"2024-06-24T14:24:45+00:00\",\"dateModified\":\"2024-06-24T16:13:13+00:00\",\"mainEntityOfPage\":{\"@id\":\"https:\/\/moderaterna.se\/stockholm\/artikel\/s-ni-fortsatter-att-ga-extremisters-arenden\/\"},\"wordCount\":680,\"publisher\":{\"@id\":\"https:\/\/moderaterna.se\/stockholm\/#organization\"},\"articleSection\":[\"Artikel\",\"Nyhet\"],\"inLanguage\":\"sv-SE\"},{\"@type\":\"WebPage\",\"@id\":\"https:\/\/moderaterna.se\/stockholm\/artikel\/s-ni-fortsatter-att-ga-extremisters-arenden\/\",\"url\":\"https:\/\/moderaterna.se\/stockholm\/artikel\/s-ni-fortsatter-att-ga-extremisters-arenden\/\",\"name\":\"Debattartikel: S, ni forts\u00e4tter att g\u00e5 extremisters \u00e4renden | Moderaterna i Stockholms stad och l\u00e4n\",\"isPartOf\":{\"@id\":\"https:\/\/moderaterna.se\/stockholm\/#website\"},\"datePublished\":\"2024-06-24T14:24:45+00:00\",\"dateModified\":\"2024-06-24T16:13:13+00:00\",\"breadcrumb\":{\"@id\":\"https:\/\/moderaterna.se\/stockholm\/artikel\/s-ni-fortsatter-att-ga-extremisters-arenden\/#breadcrumb\"},\"inLanguage\":\"sv-SE\",\"potentialAction\":[{\"@type\":\"ReadAction\",\"target\":[\"https:\/\/moderaterna.se\/stockholm\/artikel\/s-ni-fortsatter-att-ga-extremisters-arenden\/\"]}]},{\"@type\":\"BreadcrumbList\",\"@id\":\"https:\/\/moderaterna.se\/stockholm\/artikel\/s-ni-fortsatter-att-ga-extremisters-arenden\/#breadcrumb\",\"itemListElement\":[{\"@type\":\"ListItem\",\"position\":1,\"name\":\"Hem\",\"item\":\"https:\/\/moderaterna.se\/stockholm\/\"},{\"@type\":\"ListItem\",\"position\":2,\"name\":\"Debattartikel: S, ni forts\u00e4tter att g\u00e5 extremisters \u00e4renden\"}]},{\"@type\":\"WebSite\",\"@id\":\"https:\/\/moderaterna.se\/stockholm\/#website\",\"url\":\"https:\/\/moderaterna.se\/stockholm\/\",\"name\":\"Moderaterna i Stockholms stad och l\u00e4n\",\"description\":\"Nu f\u00e5r vi ordning p\u00e5 Sverige\",\"publisher\":{\"@id\":\"https:\/\/moderaterna.se\/stockholm\/#organization\"},\"potentialAction\":[{\"@type\":\"SearchAction\",\"target\":{\"@type\":\"EntryPoint\",\"urlTemplate\":\"https:\/\/moderaterna.se\/stockholm\/?s={search_term_string}\"},\"query-input\":{\"@type\":\"PropertyValueSpecification\",\"valueRequired\":true,\"valueName\":\"search_term_string\"}}],\"inLanguage\":\"sv-SE\"},{\"@type\":\"Organization\",\"@id\":\"https:\/\/moderaterna.se\/stockholm\/#organization\",\"name\":\"Moderaterna\",\"url\":\"https:\/\/moderaterna.se\/stockholm\/\",\"logo\":{\"@type\":\"ImageObject\",\"inLanguage\":\"sv-SE\",\"@id\":\"https:\/\/moderaterna.se\/stockholm\/#\/schema\/logo\/image\/\",\"url\":\"https:\/\/moderaterna.se\/app\/uploads\/2021\/10\/logo-general@2x.png\",\"contentUrl\":\"https:\/\/moderaterna.se\/app\/uploads\/2021\/10\/logo-general@2x.png\",\"width\":122,\"height\":122,\"caption\":\"Moderaterna\"},\"image\":{\"@id\":\"https:\/\/moderaterna.se\/stockholm\/#\/schema\/logo\/image\/\"},\"sameAs\":[\"https:\/\/www.facebook.com\/ModeraternaSthlm\",\"https:\/\/x.com\/ModeratSthlm\",\"https:\/\/www.instagram.com\/moderatsthlm\/\",\"https:\/\/www.youtube.com\/user\/ModeraternaSthlm\"]},{\"@type\":\"Person\",\"@id\":\"https:\/\/moderaterna.se\/stockholm\/#\/schema\/person\/1790a6c815cef6251a1f13d3fd5254bd\",\"name\":\"Veronica Nordstr\u00f6m\",\"image\":{\"@type\":\"ImageObject\",\"inLanguage\":\"sv-SE\",\"@id\":\"https:\/\/moderaterna.se\/stockholm\/#\/schema\/person\/image\/\",\"url\":\"https:\/\/secure.gravatar.com\/avatar\/cdb9d339dbafa52c812526e3f75df35bab1725c8375eaa3e17b27f2a40e8b094?s=96&d=mm&r=g\",\"contentUrl\":\"https:\/\/secure.gravatar.com\/avatar\/cdb9d339dbafa52c812526e3f75df35bab1725c8375eaa3e17b27f2a40e8b094?s=96&d=mm&r=g\",\"caption\":\"Veronica Nordstr\u00f6m\"},\"url\":\"https:\/\/moderaterna.se\/stockholm\/author\/veronicanordstrom\/\"}]}<\/script>\n<!-- \/ Yoast SEO Premium plugin. -->","yoast_head_json":{"title":"Debattartikel: S, ni forts\u00e4tter att g\u00e5 extremisters \u00e4renden | Moderaterna i Stockholms stad och l\u00e4n","robots":{"index":"index","follow":"follow","max-snippet":"max-snippet:-1","max-image-preview":"max-image-preview:large","max-video-preview":"max-video-preview:-1"},"canonical":"https:\/\/moderaterna.se\/stockholm\/artikel\/s-ni-fortsatter-att-ga-extremisters-arenden\/","og_locale":"sv_SE","og_type":"article","og_title":"Debattartikel: S, ni forts\u00e4tter att g\u00e5 extremisters \u00e4renden","og_url":"https:\/\/moderaterna.se\/stockholm\/artikel\/s-ni-fortsatter-att-ga-extremisters-arenden\/","og_site_name":"Moderaterna i Stockholms stad och l\u00e4n","article_publisher":"https:\/\/www.facebook.com\/ModeraternaSthlm","article_published_time":"2024-06-24T14:24:45+00:00","article_modified_time":"2024-06-24T16:13:13+00:00","og_image":[{"width":1200,"height":628,"url":"https:\/\/moderaterna.se\/app\/uploads\/sites\/5\/2022\/01\/DELNINGSBILD_hemsida_fo\u0308rstasida.png","type":"image\/png"}],"author":"Veronica Nordstr\u00f6m","twitter_card":"summary_large_image","twitter_creator":"@ModeratSthlm","twitter_site":"@ModeratSthlm","twitter_misc":{"Skriven av":"Veronica Nordstr\u00f6m","Ber\u00e4knad l\u00e4stid":"3 minuter"},"schema":{"@context":"https:\/\/schema.org","@graph":[{"@type":"Article","@id":"https:\/\/moderaterna.se\/stockholm\/artikel\/s-ni-fortsatter-att-ga-extremisters-arenden\/#article","isPartOf":{"@id":"https:\/\/moderaterna.se\/stockholm\/artikel\/s-ni-fortsatter-att-ga-extremisters-arenden\/"},"author":{"name":"Veronica Nordstr\u00f6m","@id":"https:\/\/moderaterna.se\/stockholm\/#\/schema\/person\/1790a6c815cef6251a1f13d3fd5254bd"},"headline":"Debattartikel: S, ni forts\u00e4tter att g\u00e5 extremisters \u00e4renden","datePublished":"2024-06-24T14:24:45+00:00","dateModified":"2024-06-24T16:13:13+00:00","mainEntityOfPage":{"@id":"https:\/\/moderaterna.se\/stockholm\/artikel\/s-ni-fortsatter-att-ga-extremisters-arenden\/"},"wordCount":680,"publisher":{"@id":"https:\/\/moderaterna.se\/stockholm\/#organization"},"articleSection":["Artikel","Nyhet"],"inLanguage":"sv-SE"},{"@type":"WebPage","@id":"https:\/\/moderaterna.se\/stockholm\/artikel\/s-ni-fortsatter-att-ga-extremisters-arenden\/","url":"https:\/\/moderaterna.se\/stockholm\/artikel\/s-ni-fortsatter-att-ga-extremisters-arenden\/","name":"Debattartikel: S, ni forts\u00e4tter att g\u00e5 extremisters \u00e4renden | Moderaterna i Stockholms stad och l\u00e4n","isPartOf":{"@id":"https:\/\/moderaterna.se\/stockholm\/#website"},"datePublished":"2024-06-24T14:24:45+00:00","dateModified":"2024-06-24T16:13:13+00:00","breadcrumb":{"@id":"https:\/\/moderaterna.se\/stockholm\/artikel\/s-ni-fortsatter-att-ga-extremisters-arenden\/#breadcrumb"},"inLanguage":"sv-SE","potentialAction":[{"@type":"ReadAction","target":["https:\/\/moderaterna.se\/stockholm\/artikel\/s-ni-fortsatter-att-ga-extremisters-arenden\/"]}]},{"@type":"BreadcrumbList","@id":"https:\/\/moderaterna.se\/stockholm\/artikel\/s-ni-fortsatter-att-ga-extremisters-arenden\/#breadcrumb","itemListElement":[{"@type":"ListItem","position":1,"name":"Hem","item":"https:\/\/moderaterna.se\/stockholm\/"},{"@type":"ListItem","position":2,"name":"Debattartikel: S, ni forts\u00e4tter att g\u00e5 extremisters \u00e4renden"}]},{"@type":"WebSite","@id":"https:\/\/moderaterna.se\/stockholm\/#website","url":"https:\/\/moderaterna.se\/stockholm\/","name":"Moderaterna i Stockholms stad och l\u00e4n","description":"Nu f\u00e5r vi ordning p\u00e5 Sverige","publisher":{"@id":"https:\/\/moderaterna.se\/stockholm\/#organization"},"potentialAction":[{"@type":"SearchAction","target":{"@type":"EntryPoint","urlTemplate":"https:\/\/moderaterna.se\/stockholm\/?s={search_term_string}"},"query-input":{"@type":"PropertyValueSpecification","valueRequired":true,"valueName":"search_term_string"}}],"inLanguage":"sv-SE"},{"@type":"Organization","@id":"https:\/\/moderaterna.se\/stockholm\/#organization","name":"Moderaterna","url":"https:\/\/moderaterna.se\/stockholm\/","logo":{"@type":"ImageObject","inLanguage":"sv-SE","@id":"https:\/\/moderaterna.se\/stockholm\/#\/schema\/logo\/image\/","url":"https:\/\/moderaterna.se\/app\/uploads\/2021\/10\/logo-general@2x.png","contentUrl":"https:\/\/moderaterna.se\/app\/uploads\/2021\/10\/logo-general@2x.png","width":122,"height":122,"caption":"Moderaterna"},"image":{"@id":"https:\/\/moderaterna.se\/stockholm\/#\/schema\/logo\/image\/"},"sameAs":["https:\/\/www.facebook.com\/ModeraternaSthlm","https:\/\/x.com\/ModeratSthlm","https:\/\/www.instagram.com\/moderatsthlm\/","https:\/\/www.youtube.com\/user\/ModeraternaSthlm"]},{"@type":"Person","@id":"https:\/\/moderaterna.se\/stockholm\/#\/schema\/person\/1790a6c815cef6251a1f13d3fd5254bd","name":"Veronica Nordstr\u00f6m","image":{"@type":"ImageObject","inLanguage":"sv-SE","@id":"https:\/\/moderaterna.se\/stockholm\/#\/schema\/person\/image\/","url":"https:\/\/secure.gravatar.com\/avatar\/cdb9d339dbafa52c812526e3f75df35bab1725c8375eaa3e17b27f2a40e8b094?s=96&d=mm&r=g","contentUrl":"https:\/\/secure.gravatar.com\/avatar\/cdb9d339dbafa52c812526e3f75df35bab1725c8375eaa3e17b27f2a40e8b094?s=96&d=mm&r=g","caption":"Veronica Nordstr\u00f6m"},"url":"https:\/\/moderaterna.se\/stockholm\/author\/veronicanordstrom\/"}]}},"publishpress_future_action":{"enabled":false,"date":"2026-05-04 11:26:16","action":"change-status","newStatus":"draft","terms":[],"taxonomy":"category"},"_links":{"self":[{"href":"https:\/\/moderaterna.se\/stockholm\/wp-json\/wp\/v2\/posts\/4478","targetHints":{"allow":["GET"]}}],"collection":[{"href":"https:\/\/moderaterna.se\/stockholm\/wp-json\/wp\/v2\/posts"}],"about":[{"href":"https:\/\/moderaterna.se\/stockholm\/wp-json\/wp\/v2\/types\/post"}],"author":[{"embeddable":true,"href":"https:\/\/moderaterna.se\/stockholm\/wp-json\/wp\/v2\/users\/55"}],"replies":[{"embeddable":true,"href":"https:\/\/moderaterna.se\/stockholm\/wp-json\/wp\/v2\/comments?post=4478"}],"version-history":[{"count":12,"href":"https:\/\/moderaterna.se\/stockholm\/wp-json\/wp\/v2\/posts\/4478\/revisions"}],"predecessor-version":[{"id":4494,"href":"https:\/\/moderaterna.se\/stockholm\/wp-json\/wp\/v2\/posts\/4478\/revisions\/4494"}],"wp:attachment":[{"href":"https:\/\/moderaterna.se\/stockholm\/wp-json\/wp\/v2\/media?parent=4478"}],"wp:term":[{"taxonomy":"category","embeddable":true,"href":"https:\/\/moderaterna.se\/stockholm\/wp-json\/wp\/v2\/categories?post=4478"},{"taxonomy":"post_tag","embeddable":true,"href":"https:\/\/moderaterna.se\/stockholm\/wp-json\/wp\/v2\/tags?post=4478"},{"taxonomy":"subject","embeddable":true,"href":"https:\/\/moderaterna.se\/stockholm\/wp-json\/wp\/v2\/subject?post=4478"}],"curies":[{"name":"wp","href":"https:\/\/api.w.org\/{rel}","templated":true}]}}