{"id":4467,"date":"2024-06-19T13:33:54","date_gmt":"2024-06-19T11:33:54","guid":{"rendered":"https:\/\/moderaterna.se\/stockholm\/?p=4467"},"modified":"2024-06-19T13:40:19","modified_gmt":"2024-06-19T11:40:19","slug":"pressmeddelande-tomas-tobe-m-vald-till-vice-ordforande-for-epp-gruppen-i-europaparlamentet","status":"publish","type":"post","link":"https:\/\/moderaterna.se\/stockholm\/press\/pressmeddelande-tomas-tobe-m-vald-till-vice-ordforande-for-epp-gruppen-i-europaparlamentet\/","title":{"rendered":"Pressmeddelande: Tomas Tob\u00e9 (M) vald till vice ordf\u00f6rande f\u00f6r EPP-gruppen i Europaparlamentet"},"content":{"rendered":"\n<p><\/p>\n\n\n\n<p><strong>Tomas Tob\u00e9 (M) vald till vice ordf\u00f6rande f\u00f6r EPP-gruppen i Europaparlamentet<\/strong><br>Tomas Tob\u00e9 (M) har idag valts till vice ordf\u00f6rande f\u00f6r EPP-gruppen i Europaparlamentet.<br><br>\u2013 Jag k\u00e4nner mig hedrad \u00f6ver det f\u00f6rtroende jag har f\u00e5tt. Det ger Sverige ett \u00f6kat i inflytande, s\u00e4ger Tomas Tob\u00e9 och forts\u00e4tter:<\/p>\n\n\n\n<p>\u2013 I den omv\u00e4rld vi lever i \u00e4r EPP \u00e4r en stark r\u00f6st f\u00f6r Ukraina, f\u00f6r ett starkt EU-samarbete och ett Europa som h\u00e5ller ihop. Vi kommer forts\u00e4tta vara det de kommande fem \u00e5ren och jag ser fram emot att vara med och leda det arbetet.<\/p>\n\n\n\n<p>EPP \u00e4r parlamentets st\u00f6rsta politiska grupp, en position gruppen ocks\u00e5 har beh\u00e5llit efter Europaparlamentsvalet f\u00f6r drygt en vecka sedan.<\/p>\n\n\n<div class=\"wp-block-image\">\n<figure class=\"alignleft size-full\"><img loading=\"lazy\" decoding=\"async\" width=\"576\" height=\"384\" src=\"https:\/\/moderaterna.se\/app\/uploads\/sites\/5\/2024\/06\/21087431-6c9e-4daf-9aa5-9eea615ccd54-w_576_h_2000.jpg\" alt=\"\" class=\"wp-image-4468\" srcset=\"https:\/\/moderaterna.se\/app\/uploads\/sites\/5\/2024\/06\/21087431-6c9e-4daf-9aa5-9eea615ccd54-w_576_h_2000.jpg 576w, https:\/\/moderaterna.se\/app\/uploads\/sites\/5\/2024\/06\/21087431-6c9e-4daf-9aa5-9eea615ccd54-w_576_h_2000-300x200.jpg 300w\" sizes=\"auto, (max-width: 576px) 100vw, 576px\" \/><figcaption class=\"wp-element-caption\"><strong>Tomas Tob\u00e9 \u00e4r vald till vice ordf\u00f6rande f\u00f6r EPP-gruppen.<\/strong><\/figcaption><\/figure>\n<\/div>","protected":false},"excerpt":{"rendered":"<p>Tomas Tob\u00e9 (M) vald till vice ordf\u00f6rande f\u00f6r EPP-gruppen i EuropaparlamentetTomas Tob\u00e9 (M) har idag valts till vice ordf\u00f6rande f\u00f6r EPP-gruppen i Europaparlamentet. \u2013 Jag k\u00e4nner mig hedrad \u00f6ver det f\u00f6rtroende jag har f\u00e5tt. Det ger Sverige ett \u00f6kat i inflytande, s\u00e4ger Tomas Tob\u00e9 och forts\u00e4tter: \u2013 I den omv\u00e4rld vi lever i \u00e4r EPP [&hellip;]<\/p>\n","protected":false},"author":55,"featured_media":0,"comment_status":"closed","ping_status":"closed","sticky":false,"template":"","format":"standard","meta":{"_acf_changed":false,"_relevanssi_hide_post":"","_relevanssi_hide_content":"","_relevanssi_pin_for_all":"","_relevanssi_pin_keywords":"","_relevanssi_unpin_keywords":"","_relevanssi_related_keywords":"","_relevanssi_related_include_ids":"","_relevanssi_related_exclude_ids":"","_relevanssi_related_no_append":"","_relevanssi_related_not_related":"","_relevanssi_related_posts":"979,2078,1906,967,957,2163","_relevanssi_noindex_reason":"","footnotes":""},"categories":[87,1,7],"tags":[],"subject":[],"class_list":["post-4467","post","type-post","status-publish","format-standard","hentry","category-artikel","category-nyhet","category-press"],"acf":[],"yoast_head":"<!-- This site is optimized with the Yoast SEO Premium plugin v27.1 (Yoast SEO v27.1.1) - https:\/\/yoast.com\/product\/yoast-seo-premium-wordpress\/ -->\n<title>Pressmeddelande: Tomas Tob\u00e9 (M) vald till vice ordf\u00f6rande f\u00f6r EPP-gruppen i Europaparlamentet | Moderaterna i Stockholms stad och l\u00e4n<\/title>\n<meta name=\"robots\" content=\"index, follow, max-snippet:-1, max-image-preview:large, max-video-preview:-1\" \/>\n<link rel=\"canonical\" href=\"https:\/\/moderaterna.se\/stockholm\/press\/pressmeddelande-tomas-tobe-m-vald-till-vice-ordforande-for-epp-gruppen-i-europaparlamentet\/\" \/>\n<meta property=\"og:locale\" content=\"sv_SE\" \/>\n<meta property=\"og:type\" content=\"article\" \/>\n<meta property=\"og:title\" content=\"Pressmeddelande: Tomas Tob\u00e9 (M) vald till vice ordf\u00f6rande f\u00f6r EPP-gruppen i Europaparlamentet\" \/>\n<meta property=\"og:url\" content=\"https:\/\/moderaterna.se\/stockholm\/press\/pressmeddelande-tomas-tobe-m-vald-till-vice-ordforande-for-epp-gruppen-i-europaparlamentet\/\" \/>\n<meta property=\"og:site_name\" content=\"Moderaterna i Stockholms stad och l\u00e4n\" \/>\n<meta property=\"article:publisher\" content=\"https:\/\/www.facebook.com\/ModeraternaSthlm\" \/>\n<meta property=\"article:published_time\" content=\"2024-06-19T11:33:54+00:00\" \/>\n<meta property=\"article:modified_time\" content=\"2024-06-19T11:40:19+00:00\" \/>\n<meta property=\"og:image\" content=\"https:\/\/moderaterna.se\/app\/uploads\/sites\/5\/2022\/01\/DELNINGSBILD_hemsida_fo\u0308rstasida.png\" \/>\n\t<meta property=\"og:image:width\" content=\"1200\" \/>\n\t<meta property=\"og:image:height\" content=\"628\" \/>\n\t<meta property=\"og:image:type\" content=\"image\/png\" \/>\n<meta name=\"author\" content=\"Veronica Nordstr\u00f6m\" \/>\n<meta name=\"twitter:card\" content=\"summary_large_image\" \/>\n<meta name=\"twitter:creator\" content=\"@ModeratSthlm\" \/>\n<meta name=\"twitter:site\" content=\"@ModeratSthlm\" \/>\n<meta name=\"twitter:label1\" content=\"Skriven av\" \/>\n\t<meta name=\"twitter:data1\" content=\"Veronica Nordstr\u00f6m\" \/>\n\t<meta name=\"twitter:label2\" content=\"Ber\u00e4knad l\u00e4stid\" \/>\n\t<meta name=\"twitter:data2\" content=\"1 minut\" \/>\n<script type=\"application\/ld+json\" class=\"yoast-schema-graph\">{\"@context\":\"https:\/\/schema.org\",\"@graph\":[{\"@type\":\"Article\",\"@id\":\"https:\/\/moderaterna.se\/stockholm\/press\/pressmeddelande-tomas-tobe-m-vald-till-vice-ordforande-for-epp-gruppen-i-europaparlamentet\/#article\",\"isPartOf\":{\"@id\":\"https:\/\/moderaterna.se\/stockholm\/press\/pressmeddelande-tomas-tobe-m-vald-till-vice-ordforande-for-epp-gruppen-i-europaparlamentet\/\"},\"author\":{\"name\":\"Veronica Nordstr\u00f6m\",\"@id\":\"https:\/\/moderaterna.se\/stockholm\/#\/schema\/person\/1790a6c815cef6251a1f13d3fd5254bd\"},\"headline\":\"Pressmeddelande: Tomas Tob\u00e9 (M) vald till vice ordf\u00f6rande f\u00f6r EPP-gruppen i Europaparlamentet\",\"datePublished\":\"2024-06-19T11:33:54+00:00\",\"dateModified\":\"2024-06-19T11:40:19+00:00\",\"mainEntityOfPage\":{\"@id\":\"https:\/\/moderaterna.se\/stockholm\/press\/pressmeddelande-tomas-tobe-m-vald-till-vice-ordforande-for-epp-gruppen-i-europaparlamentet\/\"},\"wordCount\":153,\"publisher\":{\"@id\":\"https:\/\/moderaterna.se\/stockholm\/#organization\"},\"articleSection\":[\"Artikel\",\"Nyhet\",\"Pressmeddelande\"],\"inLanguage\":\"sv-SE\"},{\"@type\":\"WebPage\",\"@id\":\"https:\/\/moderaterna.se\/stockholm\/press\/pressmeddelande-tomas-tobe-m-vald-till-vice-ordforande-for-epp-gruppen-i-europaparlamentet\/\",\"url\":\"https:\/\/moderaterna.se\/stockholm\/press\/pressmeddelande-tomas-tobe-m-vald-till-vice-ordforande-for-epp-gruppen-i-europaparlamentet\/\",\"name\":\"Pressmeddelande: Tomas Tob\u00e9 (M) vald till vice ordf\u00f6rande f\u00f6r EPP-gruppen i Europaparlamentet | Moderaterna i Stockholms stad och l\u00e4n\",\"isPartOf\":{\"@id\":\"https:\/\/moderaterna.se\/stockholm\/#website\"},\"datePublished\":\"2024-06-19T11:33:54+00:00\",\"dateModified\":\"2024-06-19T11:40:19+00:00\",\"breadcrumb\":{\"@id\":\"https:\/\/moderaterna.se\/stockholm\/press\/pressmeddelande-tomas-tobe-m-vald-till-vice-ordforande-for-epp-gruppen-i-europaparlamentet\/#breadcrumb\"},\"inLanguage\":\"sv-SE\",\"potentialAction\":[{\"@type\":\"ReadAction\",\"target\":[\"https:\/\/moderaterna.se\/stockholm\/press\/pressmeddelande-tomas-tobe-m-vald-till-vice-ordforande-for-epp-gruppen-i-europaparlamentet\/\"]}]},{\"@type\":\"BreadcrumbList\",\"@id\":\"https:\/\/moderaterna.se\/stockholm\/press\/pressmeddelande-tomas-tobe-m-vald-till-vice-ordforande-for-epp-gruppen-i-europaparlamentet\/#breadcrumb\",\"itemListElement\":[{\"@type\":\"ListItem\",\"position\":1,\"name\":\"Hem\",\"item\":\"https:\/\/moderaterna.se\/stockholm\/\"},{\"@type\":\"ListItem\",\"position\":2,\"name\":\"Pressmeddelande: Tomas Tob\u00e9 (M) vald till vice ordf\u00f6rande f\u00f6r EPP-gruppen i Europaparlamentet\"}]},{\"@type\":\"WebSite\",\"@id\":\"https:\/\/moderaterna.se\/stockholm\/#website\",\"url\":\"https:\/\/moderaterna.se\/stockholm\/\",\"name\":\"Moderaterna i Stockholms stad och l\u00e4n\",\"description\":\"Nu f\u00e5r vi ordning p\u00e5 Sverige\",\"publisher\":{\"@id\":\"https:\/\/moderaterna.se\/stockholm\/#organization\"},\"potentialAction\":[{\"@type\":\"SearchAction\",\"target\":{\"@type\":\"EntryPoint\",\"urlTemplate\":\"https:\/\/moderaterna.se\/stockholm\/?s={search_term_string}\"},\"query-input\":{\"@type\":\"PropertyValueSpecification\",\"valueRequired\":true,\"valueName\":\"search_term_string\"}}],\"inLanguage\":\"sv-SE\"},{\"@type\":\"Organization\",\"@id\":\"https:\/\/moderaterna.se\/stockholm\/#organization\",\"name\":\"Moderaterna\",\"url\":\"https:\/\/moderaterna.se\/stockholm\/\",\"logo\":{\"@type\":\"ImageObject\",\"inLanguage\":\"sv-SE\",\"@id\":\"https:\/\/moderaterna.se\/stockholm\/#\/schema\/logo\/image\/\",\"url\":\"https:\/\/moderaterna.se\/app\/uploads\/2021\/10\/logo-general@2x.png\",\"contentUrl\":\"https:\/\/moderaterna.se\/app\/uploads\/2021\/10\/logo-general@2x.png\",\"width\":122,\"height\":122,\"caption\":\"Moderaterna\"},\"image\":{\"@id\":\"https:\/\/moderaterna.se\/stockholm\/#\/schema\/logo\/image\/\"},\"sameAs\":[\"https:\/\/www.facebook.com\/ModeraternaSthlm\",\"https:\/\/x.com\/ModeratSthlm\",\"https:\/\/www.instagram.com\/moderatsthlm\/\",\"https:\/\/www.youtube.com\/user\/ModeraternaSthlm\"]},{\"@type\":\"Person\",\"@id\":\"https:\/\/moderaterna.se\/stockholm\/#\/schema\/person\/1790a6c815cef6251a1f13d3fd5254bd\",\"name\":\"Veronica Nordstr\u00f6m\",\"image\":{\"@type\":\"ImageObject\",\"inLanguage\":\"sv-SE\",\"@id\":\"https:\/\/moderaterna.se\/stockholm\/#\/schema\/person\/image\/\",\"url\":\"https:\/\/secure.gravatar.com\/avatar\/cdb9d339dbafa52c812526e3f75df35bab1725c8375eaa3e17b27f2a40e8b094?s=96&d=mm&r=g\",\"contentUrl\":\"https:\/\/secure.gravatar.com\/avatar\/cdb9d339dbafa52c812526e3f75df35bab1725c8375eaa3e17b27f2a40e8b094?s=96&d=mm&r=g\",\"caption\":\"Veronica Nordstr\u00f6m\"},\"url\":\"https:\/\/moderaterna.se\/stockholm\/author\/veronicanordstrom\/\"}]}<\/script>\n<!-- \/ Yoast SEO Premium plugin. -->","yoast_head_json":{"title":"Pressmeddelande: Tomas Tob\u00e9 (M) vald till vice ordf\u00f6rande f\u00f6r EPP-gruppen i Europaparlamentet | Moderaterna i Stockholms stad och l\u00e4n","robots":{"index":"index","follow":"follow","max-snippet":"max-snippet:-1","max-image-preview":"max-image-preview:large","max-video-preview":"max-video-preview:-1"},"canonical":"https:\/\/moderaterna.se\/stockholm\/press\/pressmeddelande-tomas-tobe-m-vald-till-vice-ordforande-for-epp-gruppen-i-europaparlamentet\/","og_locale":"sv_SE","og_type":"article","og_title":"Pressmeddelande: Tomas Tob\u00e9 (M) vald till vice ordf\u00f6rande f\u00f6r EPP-gruppen i Europaparlamentet","og_url":"https:\/\/moderaterna.se\/stockholm\/press\/pressmeddelande-tomas-tobe-m-vald-till-vice-ordforande-for-epp-gruppen-i-europaparlamentet\/","og_site_name":"Moderaterna i Stockholms stad och l\u00e4n","article_publisher":"https:\/\/www.facebook.com\/ModeraternaSthlm","article_published_time":"2024-06-19T11:33:54+00:00","article_modified_time":"2024-06-19T11:40:19+00:00","og_image":[{"width":1200,"height":628,"url":"https:\/\/moderaterna.se\/app\/uploads\/sites\/5\/2022\/01\/DELNINGSBILD_hemsida_fo\u0308rstasida.png","type":"image\/png"}],"author":"Veronica Nordstr\u00f6m","twitter_card":"summary_large_image","twitter_creator":"@ModeratSthlm","twitter_site":"@ModeratSthlm","twitter_misc":{"Skriven av":"Veronica Nordstr\u00f6m","Ber\u00e4knad l\u00e4stid":"1 minut"},"schema":{"@context":"https:\/\/schema.org","@graph":[{"@type":"Article","@id":"https:\/\/moderaterna.se\/stockholm\/press\/pressmeddelande-tomas-tobe-m-vald-till-vice-ordforande-for-epp-gruppen-i-europaparlamentet\/#article","isPartOf":{"@id":"https:\/\/moderaterna.se\/stockholm\/press\/pressmeddelande-tomas-tobe-m-vald-till-vice-ordforande-for-epp-gruppen-i-europaparlamentet\/"},"author":{"name":"Veronica Nordstr\u00f6m","@id":"https:\/\/moderaterna.se\/stockholm\/#\/schema\/person\/1790a6c815cef6251a1f13d3fd5254bd"},"headline":"Pressmeddelande: Tomas Tob\u00e9 (M) vald till vice ordf\u00f6rande f\u00f6r EPP-gruppen i Europaparlamentet","datePublished":"2024-06-19T11:33:54+00:00","dateModified":"2024-06-19T11:40:19+00:00","mainEntityOfPage":{"@id":"https:\/\/moderaterna.se\/stockholm\/press\/pressmeddelande-tomas-tobe-m-vald-till-vice-ordforande-for-epp-gruppen-i-europaparlamentet\/"},"wordCount":153,"publisher":{"@id":"https:\/\/moderaterna.se\/stockholm\/#organization"},"articleSection":["Artikel","Nyhet","Pressmeddelande"],"inLanguage":"sv-SE"},{"@type":"WebPage","@id":"https:\/\/moderaterna.se\/stockholm\/press\/pressmeddelande-tomas-tobe-m-vald-till-vice-ordforande-for-epp-gruppen-i-europaparlamentet\/","url":"https:\/\/moderaterna.se\/stockholm\/press\/pressmeddelande-tomas-tobe-m-vald-till-vice-ordforande-for-epp-gruppen-i-europaparlamentet\/","name":"Pressmeddelande: Tomas Tob\u00e9 (M) vald till vice ordf\u00f6rande f\u00f6r EPP-gruppen i Europaparlamentet | Moderaterna i Stockholms stad och l\u00e4n","isPartOf":{"@id":"https:\/\/moderaterna.se\/stockholm\/#website"},"datePublished":"2024-06-19T11:33:54+00:00","dateModified":"2024-06-19T11:40:19+00:00","breadcrumb":{"@id":"https:\/\/moderaterna.se\/stockholm\/press\/pressmeddelande-tomas-tobe-m-vald-till-vice-ordforande-for-epp-gruppen-i-europaparlamentet\/#breadcrumb"},"inLanguage":"sv-SE","potentialAction":[{"@type":"ReadAction","target":["https:\/\/moderaterna.se\/stockholm\/press\/pressmeddelande-tomas-tobe-m-vald-till-vice-ordforande-for-epp-gruppen-i-europaparlamentet\/"]}]},{"@type":"BreadcrumbList","@id":"https:\/\/moderaterna.se\/stockholm\/press\/pressmeddelande-tomas-tobe-m-vald-till-vice-ordforande-for-epp-gruppen-i-europaparlamentet\/#breadcrumb","itemListElement":[{"@type":"ListItem","position":1,"name":"Hem","item":"https:\/\/moderaterna.se\/stockholm\/"},{"@type":"ListItem","position":2,"name":"Pressmeddelande: Tomas Tob\u00e9 (M) vald till vice ordf\u00f6rande f\u00f6r EPP-gruppen i Europaparlamentet"}]},{"@type":"WebSite","@id":"https:\/\/moderaterna.se\/stockholm\/#website","url":"https:\/\/moderaterna.se\/stockholm\/","name":"Moderaterna i Stockholms stad och l\u00e4n","description":"Nu f\u00e5r vi ordning p\u00e5 Sverige","publisher":{"@id":"https:\/\/moderaterna.se\/stockholm\/#organization"},"potentialAction":[{"@type":"SearchAction","target":{"@type":"EntryPoint","urlTemplate":"https:\/\/moderaterna.se\/stockholm\/?s={search_term_string}"},"query-input":{"@type":"PropertyValueSpecification","valueRequired":true,"valueName":"search_term_string"}}],"inLanguage":"sv-SE"},{"@type":"Organization","@id":"https:\/\/moderaterna.se\/stockholm\/#organization","name":"Moderaterna","url":"https:\/\/moderaterna.se\/stockholm\/","logo":{"@type":"ImageObject","inLanguage":"sv-SE","@id":"https:\/\/moderaterna.se\/stockholm\/#\/schema\/logo\/image\/","url":"https:\/\/moderaterna.se\/app\/uploads\/2021\/10\/logo-general@2x.png","contentUrl":"https:\/\/moderaterna.se\/app\/uploads\/2021\/10\/logo-general@2x.png","width":122,"height":122,"caption":"Moderaterna"},"image":{"@id":"https:\/\/moderaterna.se\/stockholm\/#\/schema\/logo\/image\/"},"sameAs":["https:\/\/www.facebook.com\/ModeraternaSthlm","https:\/\/x.com\/ModeratSthlm","https:\/\/www.instagram.com\/moderatsthlm\/","https:\/\/www.youtube.com\/user\/ModeraternaSthlm"]},{"@type":"Person","@id":"https:\/\/moderaterna.se\/stockholm\/#\/schema\/person\/1790a6c815cef6251a1f13d3fd5254bd","name":"Veronica Nordstr\u00f6m","image":{"@type":"ImageObject","inLanguage":"sv-SE","@id":"https:\/\/moderaterna.se\/stockholm\/#\/schema\/person\/image\/","url":"https:\/\/secure.gravatar.com\/avatar\/cdb9d339dbafa52c812526e3f75df35bab1725c8375eaa3e17b27f2a40e8b094?s=96&d=mm&r=g","contentUrl":"https:\/\/secure.gravatar.com\/avatar\/cdb9d339dbafa52c812526e3f75df35bab1725c8375eaa3e17b27f2a40e8b094?s=96&d=mm&r=g","caption":"Veronica Nordstr\u00f6m"},"url":"https:\/\/moderaterna.se\/stockholm\/author\/veronicanordstrom\/"}]}},"publishpress_future_action":{"enabled":false,"date":"2026-05-04 11:26:57","action":"change-status","newStatus":"draft","terms":[],"taxonomy":"category"},"_links":{"self":[{"href":"https:\/\/moderaterna.se\/stockholm\/wp-json\/wp\/v2\/posts\/4467","targetHints":{"allow":["GET"]}}],"collection":[{"href":"https:\/\/moderaterna.se\/stockholm\/wp-json\/wp\/v2\/posts"}],"about":[{"href":"https:\/\/moderaterna.se\/stockholm\/wp-json\/wp\/v2\/types\/post"}],"author":[{"embeddable":true,"href":"https:\/\/moderaterna.se\/stockholm\/wp-json\/wp\/v2\/users\/55"}],"replies":[{"embeddable":true,"href":"https:\/\/moderaterna.se\/stockholm\/wp-json\/wp\/v2\/comments?post=4467"}],"version-history":[{"count":5,"href":"https:\/\/moderaterna.se\/stockholm\/wp-json\/wp\/v2\/posts\/4467\/revisions"}],"predecessor-version":[{"id":4474,"href":"https:\/\/moderaterna.se\/stockholm\/wp-json\/wp\/v2\/posts\/4467\/revisions\/4474"}],"wp:attachment":[{"href":"https:\/\/moderaterna.se\/stockholm\/wp-json\/wp\/v2\/media?parent=4467"}],"wp:term":[{"taxonomy":"category","embeddable":true,"href":"https:\/\/moderaterna.se\/stockholm\/wp-json\/wp\/v2\/categories?post=4467"},{"taxonomy":"post_tag","embeddable":true,"href":"https:\/\/moderaterna.se\/stockholm\/wp-json\/wp\/v2\/tags?post=4467"},{"taxonomy":"subject","embeddable":true,"href":"https:\/\/moderaterna.se\/stockholm\/wp-json\/wp\/v2\/subject?post=4467"}],"curies":[{"name":"wp","href":"https:\/\/api.w.org\/{rel}","templated":true}]}}