{"id":4389,"date":"2024-06-13T15:11:15","date_gmt":"2024-06-13T13:11:15","guid":{"rendered":"https:\/\/moderaterna.se\/stockholm\/?p=4389"},"modified":"2024-06-13T15:11:16","modified_gmt":"2024-06-13T13:11:16","slug":"pressmeddelande-m-kraver-kriskommission-for-sl-trafiken","status":"publish","type":"post","link":"https:\/\/moderaterna.se\/stockholm\/press\/pressmeddelande-m-kraver-kriskommission-for-sl-trafiken\/","title":{"rendered":"Pressmeddelande: M kr\u00e4ver kriskommission f\u00f6r SL-trafiken"},"content":{"rendered":"\n<p><strong>Pressmeddelande: M kr\u00e4ver kriskommission f\u00f6r SL-trafiken<\/strong><\/p>\n\n\n\n<p><strong>Oredan i SL:s ekonomi forts\u00e4tter och n\u00e4sta \u00e5r saknas hela 1,3 miljarder kronor i budget enligt Trafikf\u00f6rvaltningens egna ber\u00e4kningar. Det b\u00e4ddar f\u00f6r nya prish\u00f6jningar och ytterligare nedsk\u00e4rningar. Moderaterna i Region Stockholm kr\u00e4ver nu en kriskommission f\u00f6r SL-trafiken.<\/strong><\/p>\n\n\n\n<p>&#8211; Den f\u00f6rda v\u00e4nsterpolitiken och ledarskapet f\u00f6r SL-trafiken har fullst\u00e4ndigt k\u00f6rt i diket. Kollektivtrafiken i Stockholm utvecklas nu s\u00e4mre \u00e4n i \u00f6vriga Sverige och Europa. D\u00e4rtill v\u00e4ntar ytterligare nedsk\u00e4rningar och prish\u00f6jningar, \u00e4nnu tr\u00e4ngre p\u00e5 bussar och t\u00e5g och dyrare biljetter. Precis som vi moderater har varnat f\u00f6r, s\u00e4ger Kristoffer Tamsons (M), oppositionsregionr\u00e5d. <br><br>&#8211; Utvecklingen talar sitt eget tydliga spr\u00e5k. S\u00e5v\u00e4l varningslamporna som budgetsiffrorna lyser r\u00f6tt till f\u00f6ljd av den r\u00f6da politiken. Det \u00e4r orimligt och oh\u00e5llbart. Experimenten med taxorna och trafiken m\u00e5ste f\u00e5 ett slut. Vi kr\u00e4ver en block\u00f6verskridande kriskommission f\u00f6r att st\u00e4da upp den oreda som nu har skapats, forts\u00e4tter Tamsons.<br><\/p>\n\n\n\n<div class=\"wp-block-group\"><div class=\"wp-block-group__inner-container is-layout-constrained wp-block-group-is-layout-constrained\">\n<p><strong>Fakta:&nbsp;<\/strong><br>SL-trafiken v\u00e4ntas sakna 1,3 miljarder kronor n\u00e4sta \u00e5r i budget. Enligt Trafikf\u00f6rvaltningen beh\u00f6ver kollektivtrafikens biljettpriser se nya prish\u00f6jningar f\u00f6r att ekonomin ska g\u00e5 ihop.<br><br>Ut\u00f6ver prish\u00f6jningar pekar Trafikf\u00f6rvaltningen ut ett behov av att effektivisera trafiken kommande \u00e5r f\u00f6r hundratals miljoner. Det inneb\u00e4r ytterligare nedsk\u00e4rningar ovanp\u00e5 de nittio busslinjer som redan f\u00e5tt nedskuren eller nedlagd trafik.<br><br>Moderaterna kr\u00e4ver nu att det tills\u00e4tts en block\u00f6verskridande kriskommission, syftandes till att st\u00e4da upp den oreda som har skapats i ekonomin.<\/p>\n<\/div><\/div>\n","protected":false},"excerpt":{"rendered":"<p>Pressmeddelande: M kr\u00e4ver kriskommission f\u00f6r SL-trafiken Oredan i SL:s ekonomi forts\u00e4tter och n\u00e4sta \u00e5r saknas hela 1,3 miljarder kronor i budget enligt Trafikf\u00f6rvaltningens egna ber\u00e4kningar. Det b\u00e4ddar f\u00f6r nya prish\u00f6jningar och ytterligare nedsk\u00e4rningar. Moderaterna i Region Stockholm kr\u00e4ver nu en kriskommission f\u00f6r SL-trafiken. &#8211; Den f\u00f6rda v\u00e4nsterpolitiken och ledarskapet f\u00f6r SL-trafiken har fullst\u00e4ndigt k\u00f6rt i [&hellip;]<\/p>\n","protected":false},"author":55,"featured_media":0,"comment_status":"closed","ping_status":"closed","sticky":false,"template":"","format":"standard","meta":{"_acf_changed":false,"_relevanssi_hide_post":"","_relevanssi_hide_content":"","_relevanssi_pin_for_all":"","_relevanssi_pin_keywords":"","_relevanssi_unpin_keywords":"","_relevanssi_related_keywords":"","_relevanssi_related_include_ids":"","_relevanssi_related_exclude_ids":"","_relevanssi_related_no_append":"","_relevanssi_related_not_related":"","_relevanssi_related_posts":"2078,979,2163,957,4334,967","_relevanssi_noindex_reason":"","footnotes":""},"categories":[87,1,7],"tags":[],"subject":[],"class_list":["post-4389","post","type-post","status-publish","format-standard","hentry","category-artikel","category-nyhet","category-press"],"acf":[],"yoast_head":"<!-- This site is optimized with the Yoast SEO Premium plugin v27.1 (Yoast SEO v27.1.1) - https:\/\/yoast.com\/product\/yoast-seo-premium-wordpress\/ -->\n<title>Pressmeddelande: M kr\u00e4ver kriskommission f\u00f6r SL-trafiken | Moderaterna i Stockholms stad och l\u00e4n<\/title>\n<meta name=\"robots\" content=\"index, follow, max-snippet:-1, max-image-preview:large, max-video-preview:-1\" \/>\n<link rel=\"canonical\" href=\"https:\/\/moderaterna.se\/stockholm\/press\/pressmeddelande-m-kraver-kriskommission-for-sl-trafiken\/\" \/>\n<meta property=\"og:locale\" content=\"sv_SE\" \/>\n<meta property=\"og:type\" content=\"article\" \/>\n<meta property=\"og:title\" content=\"Pressmeddelande: M kr\u00e4ver kriskommission f\u00f6r SL-trafiken\" \/>\n<meta property=\"og:url\" content=\"https:\/\/moderaterna.se\/stockholm\/press\/pressmeddelande-m-kraver-kriskommission-for-sl-trafiken\/\" \/>\n<meta property=\"og:site_name\" content=\"Moderaterna i Stockholms stad och l\u00e4n\" \/>\n<meta property=\"article:publisher\" content=\"https:\/\/www.facebook.com\/ModeraternaSthlm\" \/>\n<meta property=\"article:published_time\" content=\"2024-06-13T13:11:15+00:00\" \/>\n<meta property=\"article:modified_time\" content=\"2024-06-13T13:11:16+00:00\" \/>\n<meta property=\"og:image\" content=\"https:\/\/moderaterna.se\/app\/uploads\/sites\/5\/2022\/01\/DELNINGSBILD_hemsida_fo\u0308rstasida.png\" \/>\n\t<meta property=\"og:image:width\" content=\"1200\" \/>\n\t<meta property=\"og:image:height\" content=\"628\" \/>\n\t<meta property=\"og:image:type\" content=\"image\/png\" \/>\n<meta name=\"author\" content=\"Veronica Nordstr\u00f6m\" \/>\n<meta name=\"twitter:card\" content=\"summary_large_image\" \/>\n<meta name=\"twitter:creator\" content=\"@ModeratSthlm\" \/>\n<meta name=\"twitter:site\" content=\"@ModeratSthlm\" \/>\n<meta name=\"twitter:label1\" content=\"Skriven av\" \/>\n\t<meta name=\"twitter:data1\" content=\"Veronica Nordstr\u00f6m\" \/>\n\t<meta name=\"twitter:label2\" content=\"Ber\u00e4knad l\u00e4stid\" \/>\n\t<meta name=\"twitter:data2\" content=\"2 minuter\" \/>\n<script type=\"application\/ld+json\" class=\"yoast-schema-graph\">{\"@context\":\"https:\/\/schema.org\",\"@graph\":[{\"@type\":\"Article\",\"@id\":\"https:\/\/moderaterna.se\/stockholm\/press\/pressmeddelande-m-kraver-kriskommission-for-sl-trafiken\/#article\",\"isPartOf\":{\"@id\":\"https:\/\/moderaterna.se\/stockholm\/press\/pressmeddelande-m-kraver-kriskommission-for-sl-trafiken\/\"},\"author\":{\"name\":\"Veronica Nordstr\u00f6m\",\"@id\":\"https:\/\/moderaterna.se\/stockholm\/#\/schema\/person\/1790a6c815cef6251a1f13d3fd5254bd\"},\"headline\":\"Pressmeddelande: M kr\u00e4ver kriskommission f\u00f6r SL-trafiken\",\"datePublished\":\"2024-06-13T13:11:15+00:00\",\"dateModified\":\"2024-06-13T13:11:16+00:00\",\"mainEntityOfPage\":{\"@id\":\"https:\/\/moderaterna.se\/stockholm\/press\/pressmeddelande-m-kraver-kriskommission-for-sl-trafiken\/\"},\"wordCount\":287,\"publisher\":{\"@id\":\"https:\/\/moderaterna.se\/stockholm\/#organization\"},\"articleSection\":[\"Artikel\",\"Nyhet\",\"Pressmeddelande\"],\"inLanguage\":\"sv-SE\"},{\"@type\":\"WebPage\",\"@id\":\"https:\/\/moderaterna.se\/stockholm\/press\/pressmeddelande-m-kraver-kriskommission-for-sl-trafiken\/\",\"url\":\"https:\/\/moderaterna.se\/stockholm\/press\/pressmeddelande-m-kraver-kriskommission-for-sl-trafiken\/\",\"name\":\"Pressmeddelande: M kr\u00e4ver kriskommission f\u00f6r SL-trafiken | Moderaterna i Stockholms stad och l\u00e4n\",\"isPartOf\":{\"@id\":\"https:\/\/moderaterna.se\/stockholm\/#website\"},\"datePublished\":\"2024-06-13T13:11:15+00:00\",\"dateModified\":\"2024-06-13T13:11:16+00:00\",\"breadcrumb\":{\"@id\":\"https:\/\/moderaterna.se\/stockholm\/press\/pressmeddelande-m-kraver-kriskommission-for-sl-trafiken\/#breadcrumb\"},\"inLanguage\":\"sv-SE\",\"potentialAction\":[{\"@type\":\"ReadAction\",\"target\":[\"https:\/\/moderaterna.se\/stockholm\/press\/pressmeddelande-m-kraver-kriskommission-for-sl-trafiken\/\"]}]},{\"@type\":\"BreadcrumbList\",\"@id\":\"https:\/\/moderaterna.se\/stockholm\/press\/pressmeddelande-m-kraver-kriskommission-for-sl-trafiken\/#breadcrumb\",\"itemListElement\":[{\"@type\":\"ListItem\",\"position\":1,\"name\":\"Hem\",\"item\":\"https:\/\/moderaterna.se\/stockholm\/\"},{\"@type\":\"ListItem\",\"position\":2,\"name\":\"Pressmeddelande: M kr\u00e4ver kriskommission f\u00f6r SL-trafiken\"}]},{\"@type\":\"WebSite\",\"@id\":\"https:\/\/moderaterna.se\/stockholm\/#website\",\"url\":\"https:\/\/moderaterna.se\/stockholm\/\",\"name\":\"Moderaterna i Stockholms stad och l\u00e4n\",\"description\":\"Nu f\u00e5r vi ordning p\u00e5 Sverige\",\"publisher\":{\"@id\":\"https:\/\/moderaterna.se\/stockholm\/#organization\"},\"potentialAction\":[{\"@type\":\"SearchAction\",\"target\":{\"@type\":\"EntryPoint\",\"urlTemplate\":\"https:\/\/moderaterna.se\/stockholm\/?s={search_term_string}\"},\"query-input\":{\"@type\":\"PropertyValueSpecification\",\"valueRequired\":true,\"valueName\":\"search_term_string\"}}],\"inLanguage\":\"sv-SE\"},{\"@type\":\"Organization\",\"@id\":\"https:\/\/moderaterna.se\/stockholm\/#organization\",\"name\":\"Moderaterna\",\"url\":\"https:\/\/moderaterna.se\/stockholm\/\",\"logo\":{\"@type\":\"ImageObject\",\"inLanguage\":\"sv-SE\",\"@id\":\"https:\/\/moderaterna.se\/stockholm\/#\/schema\/logo\/image\/\",\"url\":\"https:\/\/moderaterna.se\/app\/uploads\/2021\/10\/logo-general@2x.png\",\"contentUrl\":\"https:\/\/moderaterna.se\/app\/uploads\/2021\/10\/logo-general@2x.png\",\"width\":122,\"height\":122,\"caption\":\"Moderaterna\"},\"image\":{\"@id\":\"https:\/\/moderaterna.se\/stockholm\/#\/schema\/logo\/image\/\"},\"sameAs\":[\"https:\/\/www.facebook.com\/ModeraternaSthlm\",\"https:\/\/x.com\/ModeratSthlm\",\"https:\/\/www.instagram.com\/moderatsthlm\/\",\"https:\/\/www.youtube.com\/user\/ModeraternaSthlm\"]},{\"@type\":\"Person\",\"@id\":\"https:\/\/moderaterna.se\/stockholm\/#\/schema\/person\/1790a6c815cef6251a1f13d3fd5254bd\",\"name\":\"Veronica Nordstr\u00f6m\",\"image\":{\"@type\":\"ImageObject\",\"inLanguage\":\"sv-SE\",\"@id\":\"https:\/\/moderaterna.se\/stockholm\/#\/schema\/person\/image\/\",\"url\":\"https:\/\/secure.gravatar.com\/avatar\/cdb9d339dbafa52c812526e3f75df35bab1725c8375eaa3e17b27f2a40e8b094?s=96&d=mm&r=g\",\"contentUrl\":\"https:\/\/secure.gravatar.com\/avatar\/cdb9d339dbafa52c812526e3f75df35bab1725c8375eaa3e17b27f2a40e8b094?s=96&d=mm&r=g\",\"caption\":\"Veronica Nordstr\u00f6m\"},\"url\":\"https:\/\/moderaterna.se\/stockholm\/author\/veronicanordstrom\/\"}]}<\/script>\n<!-- \/ Yoast SEO Premium plugin. -->","yoast_head_json":{"title":"Pressmeddelande: M kr\u00e4ver kriskommission f\u00f6r SL-trafiken | Moderaterna i Stockholms stad och l\u00e4n","robots":{"index":"index","follow":"follow","max-snippet":"max-snippet:-1","max-image-preview":"max-image-preview:large","max-video-preview":"max-video-preview:-1"},"canonical":"https:\/\/moderaterna.se\/stockholm\/press\/pressmeddelande-m-kraver-kriskommission-for-sl-trafiken\/","og_locale":"sv_SE","og_type":"article","og_title":"Pressmeddelande: M kr\u00e4ver kriskommission f\u00f6r SL-trafiken","og_url":"https:\/\/moderaterna.se\/stockholm\/press\/pressmeddelande-m-kraver-kriskommission-for-sl-trafiken\/","og_site_name":"Moderaterna i Stockholms stad och l\u00e4n","article_publisher":"https:\/\/www.facebook.com\/ModeraternaSthlm","article_published_time":"2024-06-13T13:11:15+00:00","article_modified_time":"2024-06-13T13:11:16+00:00","og_image":[{"width":1200,"height":628,"url":"https:\/\/moderaterna.se\/app\/uploads\/sites\/5\/2022\/01\/DELNINGSBILD_hemsida_fo\u0308rstasida.png","type":"image\/png"}],"author":"Veronica Nordstr\u00f6m","twitter_card":"summary_large_image","twitter_creator":"@ModeratSthlm","twitter_site":"@ModeratSthlm","twitter_misc":{"Skriven av":"Veronica Nordstr\u00f6m","Ber\u00e4knad l\u00e4stid":"2 minuter"},"schema":{"@context":"https:\/\/schema.org","@graph":[{"@type":"Article","@id":"https:\/\/moderaterna.se\/stockholm\/press\/pressmeddelande-m-kraver-kriskommission-for-sl-trafiken\/#article","isPartOf":{"@id":"https:\/\/moderaterna.se\/stockholm\/press\/pressmeddelande-m-kraver-kriskommission-for-sl-trafiken\/"},"author":{"name":"Veronica Nordstr\u00f6m","@id":"https:\/\/moderaterna.se\/stockholm\/#\/schema\/person\/1790a6c815cef6251a1f13d3fd5254bd"},"headline":"Pressmeddelande: M kr\u00e4ver kriskommission f\u00f6r SL-trafiken","datePublished":"2024-06-13T13:11:15+00:00","dateModified":"2024-06-13T13:11:16+00:00","mainEntityOfPage":{"@id":"https:\/\/moderaterna.se\/stockholm\/press\/pressmeddelande-m-kraver-kriskommission-for-sl-trafiken\/"},"wordCount":287,"publisher":{"@id":"https:\/\/moderaterna.se\/stockholm\/#organization"},"articleSection":["Artikel","Nyhet","Pressmeddelande"],"inLanguage":"sv-SE"},{"@type":"WebPage","@id":"https:\/\/moderaterna.se\/stockholm\/press\/pressmeddelande-m-kraver-kriskommission-for-sl-trafiken\/","url":"https:\/\/moderaterna.se\/stockholm\/press\/pressmeddelande-m-kraver-kriskommission-for-sl-trafiken\/","name":"Pressmeddelande: M kr\u00e4ver kriskommission f\u00f6r SL-trafiken | Moderaterna i Stockholms stad och l\u00e4n","isPartOf":{"@id":"https:\/\/moderaterna.se\/stockholm\/#website"},"datePublished":"2024-06-13T13:11:15+00:00","dateModified":"2024-06-13T13:11:16+00:00","breadcrumb":{"@id":"https:\/\/moderaterna.se\/stockholm\/press\/pressmeddelande-m-kraver-kriskommission-for-sl-trafiken\/#breadcrumb"},"inLanguage":"sv-SE","potentialAction":[{"@type":"ReadAction","target":["https:\/\/moderaterna.se\/stockholm\/press\/pressmeddelande-m-kraver-kriskommission-for-sl-trafiken\/"]}]},{"@type":"BreadcrumbList","@id":"https:\/\/moderaterna.se\/stockholm\/press\/pressmeddelande-m-kraver-kriskommission-for-sl-trafiken\/#breadcrumb","itemListElement":[{"@type":"ListItem","position":1,"name":"Hem","item":"https:\/\/moderaterna.se\/stockholm\/"},{"@type":"ListItem","position":2,"name":"Pressmeddelande: M kr\u00e4ver kriskommission f\u00f6r SL-trafiken"}]},{"@type":"WebSite","@id":"https:\/\/moderaterna.se\/stockholm\/#website","url":"https:\/\/moderaterna.se\/stockholm\/","name":"Moderaterna i Stockholms stad och l\u00e4n","description":"Nu f\u00e5r vi ordning p\u00e5 Sverige","publisher":{"@id":"https:\/\/moderaterna.se\/stockholm\/#organization"},"potentialAction":[{"@type":"SearchAction","target":{"@type":"EntryPoint","urlTemplate":"https:\/\/moderaterna.se\/stockholm\/?s={search_term_string}"},"query-input":{"@type":"PropertyValueSpecification","valueRequired":true,"valueName":"search_term_string"}}],"inLanguage":"sv-SE"},{"@type":"Organization","@id":"https:\/\/moderaterna.se\/stockholm\/#organization","name":"Moderaterna","url":"https:\/\/moderaterna.se\/stockholm\/","logo":{"@type":"ImageObject","inLanguage":"sv-SE","@id":"https:\/\/moderaterna.se\/stockholm\/#\/schema\/logo\/image\/","url":"https:\/\/moderaterna.se\/app\/uploads\/2021\/10\/logo-general@2x.png","contentUrl":"https:\/\/moderaterna.se\/app\/uploads\/2021\/10\/logo-general@2x.png","width":122,"height":122,"caption":"Moderaterna"},"image":{"@id":"https:\/\/moderaterna.se\/stockholm\/#\/schema\/logo\/image\/"},"sameAs":["https:\/\/www.facebook.com\/ModeraternaSthlm","https:\/\/x.com\/ModeratSthlm","https:\/\/www.instagram.com\/moderatsthlm\/","https:\/\/www.youtube.com\/user\/ModeraternaSthlm"]},{"@type":"Person","@id":"https:\/\/moderaterna.se\/stockholm\/#\/schema\/person\/1790a6c815cef6251a1f13d3fd5254bd","name":"Veronica Nordstr\u00f6m","image":{"@type":"ImageObject","inLanguage":"sv-SE","@id":"https:\/\/moderaterna.se\/stockholm\/#\/schema\/person\/image\/","url":"https:\/\/secure.gravatar.com\/avatar\/cdb9d339dbafa52c812526e3f75df35bab1725c8375eaa3e17b27f2a40e8b094?s=96&d=mm&r=g","contentUrl":"https:\/\/secure.gravatar.com\/avatar\/cdb9d339dbafa52c812526e3f75df35bab1725c8375eaa3e17b27f2a40e8b094?s=96&d=mm&r=g","caption":"Veronica Nordstr\u00f6m"},"url":"https:\/\/moderaterna.se\/stockholm\/author\/veronicanordstrom\/"}]}},"publishpress_future_action":{"enabled":false,"date":"2026-05-04 11:16:31","action":"change-status","newStatus":"draft","terms":[],"taxonomy":"category"},"_links":{"self":[{"href":"https:\/\/moderaterna.se\/stockholm\/wp-json\/wp\/v2\/posts\/4389","targetHints":{"allow":["GET"]}}],"collection":[{"href":"https:\/\/moderaterna.se\/stockholm\/wp-json\/wp\/v2\/posts"}],"about":[{"href":"https:\/\/moderaterna.se\/stockholm\/wp-json\/wp\/v2\/types\/post"}],"author":[{"embeddable":true,"href":"https:\/\/moderaterna.se\/stockholm\/wp-json\/wp\/v2\/users\/55"}],"replies":[{"embeddable":true,"href":"https:\/\/moderaterna.se\/stockholm\/wp-json\/wp\/v2\/comments?post=4389"}],"version-history":[{"count":4,"href":"https:\/\/moderaterna.se\/stockholm\/wp-json\/wp\/v2\/posts\/4389\/revisions"}],"predecessor-version":[{"id":4394,"href":"https:\/\/moderaterna.se\/stockholm\/wp-json\/wp\/v2\/posts\/4389\/revisions\/4394"}],"wp:attachment":[{"href":"https:\/\/moderaterna.se\/stockholm\/wp-json\/wp\/v2\/media?parent=4389"}],"wp:term":[{"taxonomy":"category","embeddable":true,"href":"https:\/\/moderaterna.se\/stockholm\/wp-json\/wp\/v2\/categories?post=4389"},{"taxonomy":"post_tag","embeddable":true,"href":"https:\/\/moderaterna.se\/stockholm\/wp-json\/wp\/v2\/tags?post=4389"},{"taxonomy":"subject","embeddable":true,"href":"https:\/\/moderaterna.se\/stockholm\/wp-json\/wp\/v2\/subject?post=4389"}],"curies":[{"name":"wp","href":"https:\/\/api.w.org\/{rel}","templated":true}]}}